{"id":507,"date":"2011-10-03T18:59:00","date_gmt":"2011-10-03T18:59:00","guid":{"rendered":"http:\/\/fran-caballero.com\/xxi-ciclo-el-teatro-y-la-escuela\/"},"modified":"2017-08-02T00:24:17","modified_gmt":"2017-08-02T00:24:17","slug":"xxi-ciclo-el-teatro-y-la-escuela","status":"publish","type":"post","link":"https:\/\/fran-caballero.com\/fr\/xxi-ciclo-el-teatro-y-la-escuela\/","title":{"rendered":"XXI Ciclo El teatro y la escuela"},"content":{"rendered":"<div style=\"text-align: center;\"><em>Fecha: Del 5.10.2011 al 18.03.2012<\/em><\/div>\n<div style=\"text-align: center;\"><em>Tema: Teatro<\/em><\/div>\n<div style=\"text-align: center;\"><em>\u00a0<\/em><\/div>\n<div style=\"text-align: center;\"><em>Tipo de espacio: Teatro<\/em><\/div>\n<div style=\"text-align: center;\"><em>\u00a0<\/em><\/div>\n<div style=\"text-align: center;\"><em>Programas y Festivales: El Teatro y la Escuela<\/em><\/div>\n<div style=\"text-align: center;\"><em>\u00a0<\/em><\/div>\n<div style=\"text-align: center;\"><em>Tipo de actividad: Ciclo<\/em><\/div>\n<div style=\"text-align: center;\"><\/div>\n<div style=\"text-align: center;\">Espacios culturales: <a href=\"http:\/\/www.icas-sevilla.org\/spip.php?rubrique1&amp;id_mot=132\">Teatro Alameda<\/a><\/div>\n<div class=\"parrafo-introduccion\" style=\"text-align: center;\"><em>El Teatro Alameda acoge un a\u00f1o m\u00e1s este ciclo dirigido al p\u00fablico infantil que tiene como objetivo fomentar el teatro como actividad de ocio tanto en el entorno escolar como en el familiar<\/em><\/div>\n<div class=\"parrafo-introduccion\" style=\"text-align: center;\"><\/div>\n<div class=\"spip\" style=\"text-align: center;\"><a class=\"spip_out\" href=\"http:\/\/www.icas-sevilla.org\/spip.php?article3361\" target=\"_blank\" rel=\"noopener\"><strong>TEATRO ALAMEDA<\/strong><\/a><strong>.<br \/>\n<\/strong>XXI CICLO &#8220;EL TEATRO Y LA ESCUELA&#8221;<br \/>\nDel 5 de octubre de 2011 al 18 de marzo de 2012.<\/div>\n<div class=\"spip\" style=\"text-align: center;\">PROGRAMACI\u00d3N:<\/div>\n<div class=\"spip\" style=\"text-align: center;\"><strong><em>1er Trimestre. Del 5 de octubre al 18 de diciembre de 2011:<\/em><\/strong><\/div>\n<div class=\"spip\" style=\"text-align: center;\"><\/div>\n<div class=\"spip\" style=\"text-align: center;\"><strong>COMPA\u00d1\u00cdA DE LAURA VITAL. C\u00e1diz<br \/>\nFLAMENCO SCHOOL MUSICAL<br \/>\n<em>Fecha: Del 5 al 9 octubre.<br \/>\nDuraci\u00f3n: 60 minutos<br \/>\nFunci\u00f3n Familiar: DOMINGO 9 OCTUBRE -18 h<\/em><\/strong><\/div>\n<div class=\"spip\" style=\"text-align: center;\"><\/div>\n<div class=\"separator\" style=\"clear: both; text-align: center;\"><a style=\"margin-left: 1em; margin-right: 1em;\" href=\"http:\/\/2.bp.blogspot.com\/-KsvjTwapCJQ\/T6LWkSZmhQI\/AAAAAAAAAEs\/HIKgiLPnuG4\/s1600\/FlamencoSchoolMusical.jpg\"><img decoding=\"async\" loading=\"lazy\" src=\"http:\/\/fran-caballero.com\/wp-content\/uploads\/2011\/10\/FlamencoSchoolMusical.jpg\" width=\"320\" height=\"213\" border=\"0\" \/><\/a><\/div>\n<div style=\"text-align: center;\">\n<div style=\"border: 1pt solid windowtext; mso-border-alt: solid windowtext .5pt; mso-element: para-border-div; padding: 1pt 4pt;\">\n<div class=\"MsoBodyText3\" style=\"margin: 0cm 0cm 0pt;\"><em><strong>FLAMENCO SCHOOL <\/strong><\/em><\/div>\n<\/div>\n<p>B\u00daHO &amp; MARAVILLAS. Sevilla<\/p>\n<\/div>\n<div class=\"spip\" style=\"text-align: center;\"><strong>&#8220;EL MAGO DE OZ&#8221;<\/strong><\/div>\n<div class=\"spip\" style=\"text-align: center;\">Fecha: Del 13 al 16 de octubre.<\/div>\n<div class=\"spip\" style=\"text-align: center;\">Edad recomendada: A partir de 6 a\u00f1os<\/div>\n<div class=\"spip\" style=\"text-align: center;\">Duraci\u00f3n: 55 minutos<\/div>\n<div class=\"spip\" style=\"text-align: center;\">\n<p>\u00a0Funci\u00f3n Familiar: DOMINGO16 OCTUBRE -18 h<\/p>\n<div style=\"border: 1pt solid windowtext; mso-border-alt: solid windowtext .5pt; mso-element: para-border-div; padding: 1pt 4pt;\">\n<div class=\"MsoNormal\" style=\"border: currentColor; margin: 0cm 0cm 0pt; mso-border-alt: solid windowtext .5pt; mso-padding-alt: 1.0pt 4.0pt 1.0pt 4.0pt; padding: 0cm; text-align: justify;\"><em>Tras sufrir un tornado, Dorothy es arrastrada al maravilloso mundo de Oz. En la b\u00fasqueda por encontrar el camino de regreso a casa se cruzar\u00e1 con diferentes obst\u00e1culos y personajes. Tras vivir junto a ellos diversas aventuras encontrar\u00e1n cada uno su raz\u00f3n de ser. Dorothy volver\u00e1 a casa y las vidas de todos cobrar\u00e1n nuevamente sentido.<\/em><em>\u00a0Teatro de t\u00edteres y flamenco se dan la mano en una original versi\u00f3n de este cl\u00e1sico de la literatura infantil.<\/em><\/div>\n<\/div>\n<\/div>\n<div class=\"spip\" style=\"text-align: center;\">\n<p>UROC TEATRO. Madrid<br \/>\n<strong>&#8220;CYRANO DE NUEVA ORLEANS&#8221;<\/strong><br \/>\nFecha: Del 19 al 23 de octubre.<br \/>\nEdad recomendada: A partir de 6 a\u00f1os<br \/>\nDuraci\u00f3n: 60 minutos<br \/>\nFunci\u00f3n Familiar: DOMINGO 23 OCTUBRE \u2013 18 h<\/p>\n<div style=\"border: 1pt solid windowtext; mso-border-alt: solid windowtext .5pt; mso-element: para-border-div; padding: 1pt 4pt;\">\n<div class=\"MsoNormal\" style=\"border: currentColor; margin: 0cm 0cm 0pt; mso-border-alt: solid windowtext .5pt; mso-padding-alt: 1.0pt 4.0pt 1.0pt 4.0pt; padding: 0cm; text-align: justify;\"><em>Cyrano de Nueva Orle\u00e1ns est\u00e1 enamorado de la m\u00fasica, de la vida y del verso, pero sobre todo&#8230; est\u00e1 enamorado de Roxana. \u00bfConseguir\u00e1 Cyrano vencer sus miedos, sus complejos y su orgullo para declararle su amor a Roxana?. Uroc Teatro propone un espect\u00e1culo en la Nueva Orleans de principios del siglo XX, lleno de humor y cargado de escenas emocionantes salpicadas con canciones en directo a ritmo de jazz.<\/em><\/div>\n<\/div>\n<\/div>\n<div class=\"spip\" style=\"text-align: center;\">\n<p>ORQUESTA BARROCA DE SEVILLA<br \/>\n<strong>&#8220;MOZART !!&#8230; Y LA FLAUTA M\u00c1GICA&#8221;<\/strong><br \/>\nFecha: Del 26 al 30 de octubre.<br \/>\nEdad recomendada: De 5 a 7 a\u00f1os (4 funciones) \/ De 8 a 12 a\u00f1os (2 funciones)<br \/>\nDuraci\u00f3n: 60 minutos<br \/>\nFunci\u00f3n Familiar: DOMINGO 30 OCTUBRE \u2013 18 h<\/p>\n<div style=\"border: 1pt solid windowtext; mso-border-alt: solid windowtext .5pt; mso-element: para-border-div; padding: 1pt 4pt;\">\n<div class=\"MsoNormal\" style=\"border: currentColor; margin: 0cm 0cm 0pt; mso-border-alt: solid windowtext .5pt; mso-padding-alt: 1.0pt 4.0pt 1.0pt 4.0pt; padding: 0cm; text-align: justify;\"><em>Daniel, un m\u00fasico aficionado en la Sevilla del siglo XVIII, recibe una carta de su amiga Alicia comunic\u00e1ndole que en breve regresa de su largo viaje por Europa. Alicia trae grandes noticias: \u201cHe conocido a un compositor extraordinario capaz de crear la m\u00fasica m\u00e1s sublime que jam\u00e1s haya<br \/>\nexistido, Mozart. \u00a1Mis maletas van repletas de su m\u00fasica!\u201d. Un exc\u00e9ntrico cuarteto de cuerda se encargar\u00e1 de tocar y sorprender con las partituras que llegan desde Viena.<\/em><\/div>\n<\/div>\n<\/div>\n<div class=\"spip\" style=\"text-align: center;\"><\/div>\n<div class=\"spip\" style=\"text-align: center;\">\n<p>P.T.V. CLOWNS. C. Valenciana<br \/>\n<strong>&#8220;ENAMORIRSE&#8221;<\/strong><br \/>\nFecha: Del 2 al 6 de noviembre.<br \/>\nEdad recomendada: De 6 a 12 a\u00f1os<br \/>\nDuraci\u00f3n: 55 minutos<br \/>\nFunci\u00f3n Familiar: DOMINGO 6 NOVIEMBRE \u2013 18 h<\/p>\n<div style=\"border: 1pt solid windowtext; mso-border-alt: solid windowtext .5pt; mso-element: para-border-div; padding: 1pt 4pt;\">\n<div class=\"MsoNormal\" style=\"border: currentColor; margin: 0cm 0cm 0pt; mso-border-alt: solid windowtext .5pt; mso-padding-alt: 1.0pt 4.0pt 1.0pt 4.0pt; padding: 0cm; text-align: justify;\"><em>Una nueva aventura de la payasa Hula y el payaso Piojo que, de nuevo en la escuela de la Se\u00f1o, se enfrentar\u00e1n a un exigente reto: representar la tr\u00e1gica historia de amor de P\u00edramo y Tisbe, a partir de \u201cEl sue\u00f1o de una noche de verano\u201d de Shakespeare. Tras breves preparativos, dan v\u00eda libre a su versi\u00f3n cubriendo las numerosas lagunas con improvisaciones y osad\u00edas narrativas que convierten lo que era tr\u00e1gica historia en un canto al amor y a la vida.<\/em><\/div>\n<\/div>\n<\/div>\n<div class=\"spip\" style=\"text-align: center;\">\n<p>DA.TE DANZA. Granada<br \/>\n<strong>&#8220;R\u00cdO DE LUNA&#8221;<\/strong><br \/>\nFecha: Del 9 al 13 de noviembre.<br \/>\nEdad recomendada: De 2 a 4 a\u00f1os (d\u00eda 11) \/ De 5 a 7 a\u00f1os (d\u00edas 9, 10 y 13)<br \/>\nDuraci\u00f3n: 40 minutos<br \/>\nFunci\u00f3n Familiar: DOMINGO 13 NOVIEMBRE \u2013 18 h<\/p>\n<div style=\"border: 1pt solid windowtext; mso-border-alt: solid windowtext .5pt; mso-element: para-border-div; padding: 1pt 4pt;\">\n<div class=\"MsoNormal\" style=\"border: currentColor; margin: 0cm 0cm 0pt; mso-border-alt: solid windowtext .5pt; mso-padding-alt: 1.0pt 4.0pt 1.0pt 4.0pt; padding: 0cm; text-align: justify;\"><em>\u00bfCu\u00e1les son los recursos comunicativos que tenemos cuando venimos al mundo?. \u201cR\u00edo de Luna\u201d escenifica el entendimiento entre los beb\u00e9s, la complicidad, la capacidad de di\u00e1logo entre ellos y sus madres, el nacimiento, c\u00f3mo se desarrollan las primeras experiencias con el entorno, c\u00f3mo<br \/>\nse miran y c\u00f3mo miran a los otros, c\u00f3mo sienten la luz, los objetos, el agua,el movimiento&#8230; Fluye como un r\u00edo mientras te observa la luna.<\/em><\/div>\n<\/div>\n<\/div>\n<div class=\"spip\" style=\"text-align: center;\">\n<p>LASAL TEATRO. Granada<br \/>\n<strong>&#8220;SOY SOLO&#8221;<\/strong><br \/>\nFecha: Del 16 al 20 de noviembre.<br \/>\nEdad recomendada: De 4 a 9 a\u00f1os<br \/>\nDuraci\u00f3n: 55 minutos<br \/>\nFunci\u00f3n Familiar: DOMINGO 20 NOVIEMBRE \u2013 18 h<\/p>\n<div style=\"border: 1pt solid windowtext; mso-border-alt: solid windowtext .5pt; mso-element: para-border-div; padding: 1pt 4pt;\">\n<div class=\"MsoNormal\" style=\"border: currentColor; margin: 0cm 0cm 0pt; mso-border-alt: solid windowtext .5pt; mso-padding-alt: 1.0pt 4.0pt 1.0pt 4.0pt; padding: 0cm; text-align: justify;\"><em>Cuando cierran una puerta y nos dejan solos, el primer sentimiento que nos asalta seguramente es el miedo, la tristeza por el abandono. Pero cuando superamos ese momento y reconocemos la existencia de la soledad podemos comenzar a jugar con ella. La soledad no es un lugar vac\u00edo, es<br \/>\nel momento de los juegos m\u00e1s desternillantes e imaginativos. Un espect\u00e1culo con texto, cuerpo, voz y \u00a1magia!<\/em><\/div>\n<\/div>\n<\/div>\n<div class=\"spip\" style=\"text-align: center;\">\n<p>TEATRO NECESSARIO. Italia<br \/>\n<strong>&#8220;NUEVA BARBER\u00cdA CARLONI&#8221;<\/strong><br \/>\nFecha: Del 23 al 27 de noviembre.<br \/>\nEdad recomendada: De 7 a 12 a\u00f1os<br \/>\nDuraci\u00f3n: 60 minutos<br \/>\nFunci\u00f3n Familiar: DOMINGO 27 NOVIEMBRE \u2013 18 h<\/p>\n<div style=\"border: 1pt solid windowtext; mso-border-alt: solid windowtext .5pt; mso-element: para-border-div; padding: 1pt 4pt;\">\n<div class=\"MsoBodyText3\" style=\"margin: 0cm 0cm 0pt; text-align: justify;\"><em>Cuando decidimos ir a la peluquer\u00eda esperamos poder disfrutar de media hora de paz y tranquilidad mientras nos arreglan el pelo&#8230; salvo que nos topemos con los &#8220;barberos&#8221; del Teatro Necesario. Con habilidad de payaso, agilidad acrob\u00e1tica, m\u00fasica en escena, humor e iron\u00eda y una gran teatralidad construyen historias que se sit\u00faan entre el surrealimos y lo absurdo. Diversi\u00f3n e inteligencia, as\u00ed es el Teatro necesario. Siempre brav\u00edsimos.<\/em><\/div>\n<\/div>\n<\/div>\n<div class=\"spip\" style=\"text-align: center;\"><\/div>\n<div class=\"spip\" style=\"text-align: center;\">\n<p>PA SUCAT. Catalu\u00f1a<br \/>\n<strong>&#8220;MARAVILLAS DE ORIENTE&#8221;<\/strong><br \/>\nFecha: Del 30 de noviembre al 4 de diciembre.<br \/>\nEdad recomendada: De 7 a 12 a\u00f1os<br \/>\nDuraci\u00f3n: 50 minutos<br \/>\nFunci\u00f3n Familiar: DOMINGO 4 DICIEMBRE -18 h<\/p>\n<div style=\"border: 1pt solid windowtext; mso-border-alt: solid windowtext .5pt; mso-element: para-border-div; padding: 1pt 4pt;\">\n<div class=\"MsoNormal\" style=\"border: currentColor; margin: 0cm 0cm 0pt; mso-border-alt: solid windowtext .5pt; mso-padding-alt: 1.0pt 4.0pt 1.0pt 4.0pt; padding: 0cm; text-align: justify;\"><em>Un juglar musulm\u00e1n, experto romancero, y un soldado reci\u00e9n llegado de las Cruzadas, noble caballero venido a menos, han tra\u00eddo de las tierras de Oriente el arte de manipular t\u00edteres. Junto a un pastor rudo e introvertido recorren villas y pueblos contando historias con un gui\u00f1ol ambulante<br \/>\ny m\u00fasica en vivo. Un espect\u00e1culo con altas dosis de acci\u00f3n, humor y ternura. <\/em><\/div>\n<\/div>\n<\/div>\n<div class=\"spip\" style=\"text-align: center;\"><\/div>\n<div class=\"spip\" style=\"text-align: center;\">\n<p>ARA MALIKIAN ENSEMBLE. L\u00edbano \/ Madrid CUENTOS DEL MUNDO \u2013 ARMENIA<br \/>\n<strong>&#8220;La historia de un hombre feliz&#8221;<\/strong><br \/>\nFecha: Del 14 al 18 de diciembre.<br \/>\nEdad recomendada: De 6 a 12 a\u00f1os<br \/>\nDuraci\u00f3n: 50 minutos<br \/>\nFunci\u00f3n Familiar: DOMINGO 18 DICIEMBRE \u2013 18 h<\/p>\n<div style=\"text-align: justify;\"><em>En todos los lugares del mundo ocurren cosas cotidianas que son maravillosas. De esto trata esta historia, un cuento que puede suceder en cualquier lugar del mundo, en este caso Armenia. Un lugar antiguo y sabio, donde lo m\u00e1s importante a diario es buscar la felicidad aunque no se tenga nada. Un nuevo espect\u00e1culo de Ara Malikian que busca inculcar el amor y el gusto por la m\u00fasica de los m\u00e1s peque\u00f1os. Y de los grandes tambi\u00e9n.<\/em><\/div>\n<\/div>\n<div class=\"spip\" style=\"text-align: center;\"><\/div>\n<div class=\"spip\" style=\"text-align: center;\"><strong><em>2\u00ba Trimestre. Del 11 de enero al 18 de marzo de 2012:<\/em><\/strong><\/div>\n<div class=\"spip\" style=\"text-align: center;\"><\/div>\n<div class=\"spip\" style=\"text-align: center;\">\n<p>PRINCIPIO ATTIVO TEATRO. Italia<br \/>\n<strong>&#8220;HISTORIA DE UN HOMBRE Y SU SOMBRA&#8221;<\/strong><br \/>\nFecha: Del 11 al 15 de enero.<br \/>\nEdad recomendada: A partir de 6 a\u00f1os<br \/>\nDuraci\u00f3n: 60 minutos<br \/>\nFunci\u00f3n Familiar: DOMINGO 15 ENERO -18 h<\/p>\n<div style=\"border: 1pt solid windowtext; mso-border-alt: solid windowtext .5pt; mso-element: para-border-div; padding: 1pt 4pt;\">\n<div class=\"MsoNormal\" style=\"border: currentColor; margin: 0cm 0cm 0pt; mso-border-alt: solid windowtext .5pt; mso-padding-alt: 1.0pt 4.0pt 1.0pt 4.0pt; padding: 0cm; text-align: justify;\"><em>Un hombre con su fiel globo y una traviesa figura vestida de negro se pelean en una habitaci\u00f3n de muros invisibles. Este es el principio de un sencillo e ir\u00f3nico cuento sobre la eterna pelea entre el bien y el mal, la vida y la muerte, las luces y las sombras, el amor y el odio. Un apremiante espect\u00e1culo sin texto inspirado en los dibujos animados y el cine mudo que alterna humor y poes\u00eda.<\/em><\/div>\n<\/div>\n<\/div>\n<div class=\"spip\" style=\"text-align: center;\"><\/div>\n<div class=\"spip\" style=\"text-align: center;\">L\u2019HORTA TEATRE. C. Valenciana<\/div>\n<div class=\"spip\" style=\"text-align: center;\"><strong>&#8220;LA PIEL DE GALLINA&#8221;<\/strong><\/div>\n<div class=\"spip\" style=\"text-align: center;\">Fecha: Del 18 al 22 de enero.<\/div>\n<div class=\"spip\" style=\"text-align: center;\">\u00a0Edad recomendada: De 4 a 8 a\u00f1os<\/div>\n<div class=\"spip\" style=\"text-align: center;\">Duraci\u00f3n: 45 minutos<\/div>\n<div class=\"spip\" style=\"text-align: center;\">\u00a0Funci\u00f3n Familiar: DOMINGO 22 ENERO -18 h\u201c<\/div>\n<div class=\"spip\" style=\"text-align: justify;\"><em>Cuando tu t\u00eda toca el piano se te pone la piel de gallina, me dice pap\u00e1. Y no quiero ir a verla tocar porque no me quiero convertir en una gallina\u201d&#8230; Un espect\u00e1culo que cuenta las peripecias que vive su peque\u00f1a protagonista al entender de manera literal el lenguaje de los adultos. Una mirada inocente y llena de curiosidad del mundo que le rodea. Una f\u00e1bula que mezcla la ancestral tradici\u00f3n del cuento oral con la m\u00fasica y los efectos visuales.<\/em><\/div>\n<div class=\"spip\" style=\"text-align: center;\"><\/div>\n<div class=\"spip\" style=\"text-align: center;\">\n<p>SERGI BUKA. Catalu\u00f1a<br \/>\n<strong>&#8220;EL IMPOSIBILISTA&#8221;<\/strong><br \/>\nFecha: Del 25 al 29 de enero.<br \/>\nEdad recomendada: A partir de 6 a\u00f1os<br \/>\nDuraci\u00f3n: 60 minutos<br \/>\nFunci\u00f3n Familiar: DOMINGO 29 ENERO \u2013 18 h<\/p>\n<div style=\"border: 1pt solid windowtext; mso-border-alt: solid windowtext .5pt; mso-element: para-border-div; padding: 1pt 4pt;\">\n<div class=\"MsoNormal\" style=\"border: currentColor; margin: 0cm 0cm 0pt; mso-border-alt: solid windowtext .5pt; mso-padding-alt: 1.0pt 4.0pt 1.0pt 4.0pt; padding: 0cm; text-align: justify;\"><em>Nos adentramos en un mundo imaginario y de deseos,<br \/>\nun viaje para explorar los l\u00edmites entre la ilusi\u00f3n y la realidad que nos<br \/>\ninvita a descubrir la magia m\u00e1s cercana. Existe un espacio, un instante, un<br \/>\nsuspiro donde la cotidianidad se transgrede. Donde el tiempo se detiene, no<br \/>\nexiste. Una dimensi\u00f3n donde los sue\u00f1os son posibles y las realidades<br \/>\nimposibles. Un universo donde la huella de un sue\u00f1o no es menos real que la de<br \/>\nuna pisada.<\/em><\/div>\n<\/div>\n<\/div>\n<div class=\"spip\" style=\"text-align: center;\"><\/div>\n<div class=\"spip\" style=\"text-align: center;\">\n<p>COMPA\u00d1\u00cdA DE MARINA BOLLA\u00cdN. Madrid<br \/>\n<strong>&#8220;LA GALLINA SUBMARINA&#8221;<\/strong><br \/>\nFecha: Del 1 al 5 de febrero.<br \/>\nEdad recomendada: De 4 a 7 a\u00f1os<br \/>\nDuraci\u00f3n: 50 minutos<br \/>\nFunci\u00f3n Familiar: DOMINGO 5 FEBRERO \u2013 18 h<\/p>\n<div style=\"border: 1pt solid windowtext; mso-border-alt: solid windowtext .5pt; mso-element: para-border-div; padding: 1pt 4pt;\">\n<div class=\"MsoNormal\" style=\"border: currentColor; margin: 0cm 0cm 0pt; mso-border-alt: solid windowtext .5pt; mso-padding-alt: 1.0pt 4.0pt 1.0pt 4.0pt; padding: 0cm; text-align: justify;\"><em>La gallina Marcelina vive en una granja donde hay una gran charca. All\u00ed se ba\u00f1an los patos, las patas, los cisnes y las ranas. A la gallina le encantar\u00eda saber nadar y bucear como ellos pero todos le dicen que las gallinas no pueden nadar. Sin embargo ella lo intenta una y otra vez, sin conseguirlo. Cuento musical que Marina Bolla\u00edn, apoyada en bellas ilustraciones, va cantando y narrando acompa\u00f1ada a la guitarra, contrabajo y percusi\u00f3n por Pablo Navarro.<\/em><\/div>\n<\/div>\n<\/div>\n<div class=\"spip\" style=\"text-align: center;\"><\/div>\n<div class=\"spip\" style=\"text-align: center;\">\n<p>NATS NUS DANSA. Catalu\u00f1a<br \/>\n<strong>&#8220;MAPS&#8221;<\/strong><br \/>\nFecha: Del 8 al 12 de febrero.<br \/>\nEdad recomendada: A partir de 5 a\u00f1os<br \/>\nDuraci\u00f3n: 50 minutos<br \/>\nFunci\u00f3n Familiar: DOMINGO 12 FEBRERO \u2013 18 h<\/p>\n<div style=\"border: 1pt solid windowtext; mso-border-alt: solid windowtext .5pt; mso-element: para-border-div; padding: 1pt 4pt;\">\n<div class=\"MsoNormal\" style=\"border: currentColor; margin: 0cm 0cm 0pt; mso-border-alt: solid windowtext .5pt; mso-padding-alt: 1.0pt 4.0pt 1.0pt 4.0pt; padding: 0cm; text-align: justify;\"><em>Cuatro personajes atemporales cargados de viejas maletas coinciden en el mismo viaje, en un espacio cualquiera de una ciudad cualquiera, y por un tiempo pasan a ser accidentales compa\u00f1eros de un viaje en el que se pierden y se reencuentran, donde comparten experiencias y se comunican como pueden. Cada uno de ellos, a su manera, va descubriendo sonidos, paisajes, idiomas, olores, sabores&#8230; \u201cMaps\u201d es un viaje por las diferentes culturas del mundo.<\/em><\/div>\n<\/div>\n<\/div>\n<div class=\"spip\" style=\"text-align: center;\"><\/div>\n<div class=\"spip\" style=\"text-align: center;\">\n<p>A PRIORI PRODUCCIONES. Castilla La Mancha<br \/>\n<strong>&#8220;C\u00c1SCARAS&#8221;<\/strong><br \/>\nFecha: Del 14 al 19 de febrero.<br \/>\nEdad recomendada: De 6 a 12 a\u00f1os<br \/>\nDuraci\u00f3n: 60 minutos<br \/>\nFunci\u00f3n Familiar: DOMINGO 19 FEBRERO \u2013 18 h<\/p>\n<div style=\"border: 1pt solid windowtext; mso-border-alt: solid windowtext .5pt; mso-element: para-border-div; padding: 1pt 4pt;\">\n<div class=\"MsoNormal\" style=\"border: currentColor; margin: 0cm 0cm 0pt; mso-border-alt: solid windowtext .5pt; mso-padding-alt: 1.0pt 4.0pt 1.0pt 4.0pt; padding: 0cm; text-align: justify;\"><em>Arlequino, un criado muerto de hambre del pueblo de Villanueces, se encuentra con Trufaldino, un criado de Valdeg\u00fcevos no menos hambriento. Entre los dos deciden astutamente robar, mediante un enga\u00f1o, cada uno al amo del otro. La historia se va complicando poco a poco con la aparici\u00f3n de m\u00e1s personajes. \u201cC\u00e1scaras\u201d es una comedia hecha al m\u00e1s puro estilo del siglo XVI, la comedia del Arte, donde los c\u00f3micos hac\u00edan reir o sal\u00edan trasquilados.<\/em><\/div>\n<\/div>\n<\/div>\n<div class=\"spip\" style=\"text-align: center;\">LASAL TEATRO. Granada<\/div>\n<div class=\"spip\" style=\"text-align: center;\">\n<p><strong>&#8220;EL GRAN TRAJE&#8221;<\/strong><br \/>\nFecha: Del 21 al 26 de febrero.<br \/>\nEdad recomendada: De 3 a 7 a\u00f1os<br \/>\nDuraci\u00f3n: 50 miutos<br \/>\nFunci\u00f3n Familiar: DOMINGO 26 FEBRERO \u2013 18 h<\/p>\n<div style=\"border: 1pt solid windowtext; mso-border-alt: solid windowtext .5pt; mso-element: para-border-div; padding: 1pt 4pt;\">\n<div class=\"MsoNormal\" style=\"border: currentColor; margin: 0cm 0cm 0pt; mso-border-alt: solid windowtext .5pt; mso-padding-alt: 1.0pt 4.0pt 1.0pt 4.0pt; padding: 0cm; text-align: justify;\"><em>U<\/em><em>n gran traje tan ancho como una casa y con bolsillos tan grandes como habitaciones. All\u00ed viv\u00edan Hombre y Mujer. Junto a ellos tambi\u00e9n viv\u00edan: Perro, Gato y P\u00e1jaro. Un d\u00eda naci\u00f3 Ni\u00f1a-peque\u00f1a dentro del traje. Le gustaba jugar en los bolsillos, subir a lomos de Perro, aprender con Gato y volar sobre P\u00e1jaro. Ni\u00f1a-peque\u00f1a creci\u00f3 y creci\u00f3&#8230;<\/em><\/div>\n<\/div>\n<\/div>\n<div class=\"spip\" style=\"text-align: center;\">\n<p>LA CALABAZA DANZA TEATRO. Sevilla<br \/>\n<strong>&#8220;UN REGALO INESPERADO&#8221;<\/strong><br \/>\nFecha: Del 29 de febrero al 4 de marzo.<br \/>\nEdad recomendada: De 5 a 8 a\u00f1os<br \/>\nDuraci\u00f3n: 45 minutos<br \/>\nFunci\u00f3n Familiar: DOMINGO 4 MARZO -18 h<\/p>\n<div style=\"border: 1pt solid windowtext; mso-border-alt: solid windowtext .5pt; mso-element: para-border-div; padding: 1pt 4pt;\">\n<div class=\"MsoNormal\" style=\"border: currentColor; margin: 0cm 0cm 0pt; mso-border-alt: solid windowtext .5pt; mso-padding-alt: 1.0pt 4.0pt 1.0pt 4.0pt; padding: 0cm; text-align: justify;\"><em>Dos amigos, un cumplea\u00f1os, un regalo muy especial: Una sencilla tela que dar\u00e1 rienda suelta a la imaginaci\u00f3n de los dos amigos sumergi\u00e9ndolos en un mundo m\u00e1gico de fantas\u00eda sin l\u00edmites. \u201cUn regalo inesperado\u201d es un espect\u00e1culo de danza \u2013contempor\u00e1nea, espa\u00f1ola y flamenco-teatro, dibujos animados y m\u00fasica original.<\/em><\/div>\n<\/div>\n<\/div>\n<div class=\"spip\" style=\"text-align: center;\">\n<p>S\u00cdNDROME CLOWN. Sevilla<br \/>\n<strong>&#8220;ESTE CIRCO NO ES NORMAL&#8221;<\/strong><br \/>\nFecha: Del 7 al 11 de marzo.<br \/>\nEdad recomendada: De 5 a 9 a\u00f1os<br \/>\nDuraci\u00f3n: 60 minutos<br \/>\nFunci\u00f3n Familiar: DOMINGO 11 MARZO \u2013 18 h<\/p>\n<div style=\"border: 1pt solid windowtext; mso-border-alt: solid windowtext .5pt; mso-element: para-border-div; padding: 1pt 4pt;\">\n<div class=\"MsoNormal\" style=\"border: currentColor; margin: 0cm 0cm 0pt; mso-border-alt: solid windowtext .5pt; mso-padding-alt: 1.0pt 4.0pt 1.0pt 4.0pt; padding: 0cm; text-align: justify;\"><em>Es la historia de Don Rudo y Raspa. De un jefe y su empleado. De un padre y su hijo. De un circo que est\u00e1 en la ruina. De un ni\u00f1o-empleado que hace el trabajo sucio y no come y cuya m\u00e1xima ilusi\u00f3n es salir a la pista y presentar a los artistas y recibir el cari\u00f1o de su padre. Y es la historia de un padre, un jefe, preocupado solo por Hacienda y sus impuestos y que finalmente comprender\u00e1 que su hijo solo lo tiene a \u00e9l y \u00e9l solo tiene a su hijo.<\/em><\/div>\n<\/div>\n<\/div>\n<div class=\"spip\" style=\"text-align: center;\"><\/div>\n<div class=\"spip\" style=\"text-align: center;\">\n<p>LA PERA LLIMONERA. Catalu\u00f1a<br \/>\n<strong>&#8220;TORTUGA, la isla de Teodoro&#8221;<\/strong><br \/>\nFecha: Del 14 al 18 de marzo.<br \/>\nEdad recomendada: De 6 a 12 a\u00f1os<br \/>\nDuraci\u00f3n: 60 minutos<br \/>\nFunci\u00f3n Familiar: DOMINGO 18 MARZO \u2013 18 h<\/p>\n<div style=\"border: 1pt solid windowtext; mso-border-alt: solid windowtext .5pt; mso-element: para-border-div; padding: 1pt 4pt;\">\n<div class=\"MsoNormal\" style=\"border: currentColor; margin: 0cm 0cm 0pt; mso-border-alt: solid windowtext .5pt; mso-padding-alt: 1.0pt 4.0pt 1.0pt 4.0pt; padding: 0cm; text-align: justify;\"><em>Cuentan antiguas leyendas que TORTUGA es una isla donde se esconde un gran tesoro de antiguos piratas que nunca nadie ha podido encontrar. Muchos barcos han surcado sus aguas para encontrarlo pero jam\u00e1s se ha vuelto a saber de ellos. Cuentan que est\u00e1 llena de terribles monstruos y peligrosos hechizos.<\/em><\/div>\n<\/div>\n<\/div>\n","protected":false},"excerpt":{"rendered":"<p>Fecha: Del 5.10.2011 al 18.03.2012 Tema: Teatro \u00a0 Tipo de espacio: Teatro \u00a0 Programas y Festivales: El Teatro y la Escuela \u00a0 Tipo de actividad: Ciclo Espacios culturales: Teatro Alameda&#8230;<\/p>\n","protected":false},"author":3,"featured_media":0,"comment_status":"open","ping_status":"open","sticky":false,"template":"","format":"standard","meta":[],"categories":[7],"tags":[352,336,334,335,337,284],"translation":{"provider":"WPGlobus","version":"2.10.10","language":"fr","enabled_languages":["es","en","fr"],"languages":{"es":{"title":true,"content":true,"excerpt":false},"en":{"title":false,"content":false,"excerpt":false},"fr":{"title":false,"content":false,"excerpt":false}}},"yoast_head":"<!-- This site is optimized with the Yoast SEO plugin v20.5 - https:\/\/yoast.com\/wordpress\/plugins\/seo\/ -->\n<title>XXI Ciclo El teatro y la escuela<\/title>\n<meta name=\"robots\" content=\"index, follow, max-snippet:-1, max-image-preview:large, max-video-preview:-1\" \/>\n<link rel=\"canonical\" href=\"https:\/\/fran-caballero.com\/fr\/xxi-ciclo-el-teatro-y-la-escuela\/\" \/>\n<meta property=\"og:locale\" content=\"fr_FR\" \/>\n<meta property=\"og:type\" content=\"article\" \/>\n<meta property=\"og:title\" content=\"XXI Ciclo El teatro y la escuela\" \/>\n<meta property=\"og:url\" content=\"https:\/\/fran-caballero.com\/fr\/xxi-ciclo-el-teatro-y-la-escuela\/\" \/>\n<meta property=\"og:site_name\" content=\"Fran Caballero\" \/>\n<meta property=\"article:published_time\" content=\"2011-10-03T18:59:00+00:00\" \/>\n<meta property=\"article:modified_time\" content=\"2017-08-02T00:24:17+00:00\" \/>\n<meta property=\"og:image\" content=\"http:\/\/fran-caballero.com\/wp-content\/uploads\/2011\/10\/FlamencoSchoolMusical.jpg\" \/>\n<meta name=\"author\" content=\"franca\" \/>\n<meta name=\"twitter:card\" content=\"summary_large_image\" \/>\n<meta name=\"twitter:creator\" content=\"@francaballer0\" \/>\n<meta name=\"twitter:site\" content=\"@francaballer0\" \/>\n<meta name=\"twitter:label1\" content=\"\u00c9crit par\" \/>\n\t<meta name=\"twitter:data1\" content=\"franca\" \/>\n\t<meta name=\"twitter:label2\" content=\"Dur\u00e9e de lecture estim\u00e9e\" \/>\n\t<meta name=\"twitter:data2\" content=\"11 minutes\" \/>\n<script type=\"application\/ld+json\" class=\"yoast-schema-graph\">{\"@context\":\"https:\/\/schema.org\",\"@graph\":[{\"@type\":\"Article\",\"@id\":\"https:\/\/fran-caballero.com\/fr\/xxi-ciclo-el-teatro-y-la-escuela\/#article\",\"isPartOf\":{\"@id\":\"https:\/\/fran-caballero.com\/fr\/xxi-ciclo-el-teatro-y-la-escuela\/\"},\"author\":{\"name\":\"franca\",\"@id\":\"https:\/\/fran-caballero.com\/#\/schema\/person\/505b29550120200cc090033d887594a3\"},\"headline\":\"XXI Ciclo El teatro y la escuela\",\"datePublished\":\"2011-10-03T18:59:00+00:00\",\"dateModified\":\"2017-08-02T00:24:17+00:00\",\"mainEntityOfPage\":{\"@id\":\"https:\/\/fran-caballero.com\/fr\/xxi-ciclo-el-teatro-y-la-escuela\/\"},\"wordCount\":2168,\"commentCount\":0,\"publisher\":{\"@id\":\"https:\/\/fran-caballero.com\/#\/schema\/person\/4da0bfac732857d0f97091683c53c107\"},\"keywords\":[\"Ara Malikian\",\"flamenco para ni\u00f1os\",\"Flamenco school\",\"flamenco show\",\"musical flamenco\",\"XXI Ciclo El Teatro y La Escuela Teatro Alameda\"],\"articleSection\":[\"Blog\"],\"inLanguage\":\"fr-FR\",\"potentialAction\":[{\"@type\":\"CommentAction\",\"name\":\"Comment\",\"target\":[\"https:\/\/fran-caballero.com\/fr\/xxi-ciclo-el-teatro-y-la-escuela\/#respond\"]}]},{\"@type\":\"WebPage\",\"@id\":\"https:\/\/fran-caballero.com\/fr\/xxi-ciclo-el-teatro-y-la-escuela\/\",\"url\":\"https:\/\/fran-caballero.com\/fr\/xxi-ciclo-el-teatro-y-la-escuela\/\",\"name\":\"XXI Ciclo El teatro y la escuela - Fran Caballero\",\"isPartOf\":{\"@id\":\"https:\/\/fran-caballero.com\/#website\"},\"datePublished\":\"2011-10-03T18:59:00+00:00\",\"dateModified\":\"2017-08-02T00:24:17+00:00\",\"description\":\"El Teatro Alameda acoge un a\u00f1o m\u00e1s este ciclo dirigido que tiene como objetivo fomentar el teatro...\",\"breadcrumb\":{\"@id\":\"https:\/\/fran-caballero.com\/fr\/xxi-ciclo-el-teatro-y-la-escuela\/#breadcrumb\"},\"inLanguage\":\"fr-FR\",\"potentialAction\":[{\"@type\":\"ReadAction\",\"target\":[\"https:\/\/fran-caballero.com\/fr\/xxi-ciclo-el-teatro-y-la-escuela\/\"]}]},{\"@type\":\"BreadcrumbList\",\"@id\":\"https:\/\/fran-caballero.com\/fr\/xxi-ciclo-el-teatro-y-la-escuela\/#breadcrumb\",\"itemListElement\":[{\"@type\":\"ListItem\",\"position\":1,\"name\":\"Portada\",\"item\":\"https:\/\/fran-caballero.com\/\"},{\"@type\":\"ListItem\",\"position\":2,\"name\":\"XXI Ciclo El teatro y la escuela\"}]},{\"@type\":\"WebSite\",\"@id\":\"https:\/\/fran-caballero.com\/#website\",\"url\":\"https:\/\/fran-caballero.com\/\",\"name\":\"Fran Caballero\",\"description\":\"Acteur - Auteur\",\"publisher\":{\"@id\":\"https:\/\/fran-caballero.com\/#\/schema\/person\/4da0bfac732857d0f97091683c53c107\"},\"potentialAction\":[{\"@type\":\"SearchAction\",\"target\":{\"@type\":\"EntryPoint\",\"urlTemplate\":\"https:\/\/fran-caballero.com\/?s={search_term_string}\"},\"query-input\":\"required name=search_term_string\"}],\"inLanguage\":\"fr-FR\"},{\"@type\":[\"Person\",\"Organization\"],\"@id\":\"https:\/\/fran-caballero.com\/#\/schema\/person\/4da0bfac732857d0f97091683c53c107\",\"name\":\"Fran Caballero\",\"image\":{\"@type\":\"ImageObject\",\"inLanguage\":\"fr-FR\",\"@id\":\"https:\/\/fran-caballero.com\/#\/schema\/person\/image\/\",\"url\":\"https:\/\/fran-caballero.com\/wp-content\/uploads\/2016\/11\/copy-logofran.jpg\",\"contentUrl\":\"https:\/\/fran-caballero.com\/wp-content\/uploads\/2016\/11\/copy-logofran.jpg\",\"width\":150,\"height\":57,\"caption\":\"Fran Caballero\"},\"logo\":{\"@id\":\"https:\/\/fran-caballero.com\/#\/schema\/person\/image\/\"}},{\"@type\":\"Person\",\"@id\":\"https:\/\/fran-caballero.com\/#\/schema\/person\/505b29550120200cc090033d887594a3\",\"name\":\"franca\",\"image\":{\"@type\":\"ImageObject\",\"inLanguage\":\"fr-FR\",\"@id\":\"https:\/\/fran-caballero.com\/#\/schema\/person\/image\/\",\"url\":\"https:\/\/secure.gravatar.com\/avatar\/0ceb1c044b557ee7735b14a4e69decbf?s=96&d=mm&r=g\",\"contentUrl\":\"https:\/\/secure.gravatar.com\/avatar\/0ceb1c044b557ee7735b14a4e69decbf?s=96&d=mm&r=g\",\"caption\":\"franca\"}}]}<\/script>\n<!-- \/ Yoast SEO plugin. -->","yoast_head_json":{"title":"XXI Ciclo El teatro y la escuela","robots":{"index":"index","follow":"follow","max-snippet":"max-snippet:-1","max-image-preview":"max-image-preview:large","max-video-preview":"max-video-preview:-1"},"canonical":"https:\/\/fran-caballero.com\/fr\/xxi-ciclo-el-teatro-y-la-escuela\/","og_locale":"fr_FR","og_type":"article","og_title":"XXI Ciclo El teatro y la escuela","og_url":"https:\/\/fran-caballero.com\/fr\/xxi-ciclo-el-teatro-y-la-escuela\/","og_site_name":"Fran Caballero","article_published_time":"2011-10-03T18:59:00+00:00","article_modified_time":"2017-08-02T00:24:17+00:00","og_image":[{"url":"http:\/\/fran-caballero.com\/wp-content\/uploads\/2011\/10\/FlamencoSchoolMusical.jpg"}],"author":"franca","twitter_card":"summary_large_image","twitter_creator":"@francaballer0","twitter_site":"@francaballer0","twitter_misc":{"\u00c9crit par":"franca","Dur\u00e9e de lecture estim\u00e9e":"11 minutes"},"schema":{"@context":"https:\/\/schema.org","@graph":[{"@type":"Article","@id":"https:\/\/fran-caballero.com\/fr\/xxi-ciclo-el-teatro-y-la-escuela\/#article","isPartOf":{"@id":"https:\/\/fran-caballero.com\/fr\/xxi-ciclo-el-teatro-y-la-escuela\/"},"author":{"name":"franca","@id":"https:\/\/fran-caballero.com\/#\/schema\/person\/505b29550120200cc090033d887594a3"},"headline":"XXI Ciclo El teatro y la escuela","datePublished":"2011-10-03T18:59:00+00:00","dateModified":"2017-08-02T00:24:17+00:00","mainEntityOfPage":{"@id":"https:\/\/fran-caballero.com\/fr\/xxi-ciclo-el-teatro-y-la-escuela\/"},"wordCount":2168,"commentCount":0,"publisher":{"@id":"https:\/\/fran-caballero.com\/#\/schema\/person\/4da0bfac732857d0f97091683c53c107"},"keywords":["Ara Malikian","flamenco para ni\u00f1os","Flamenco school","flamenco show","musical flamenco","XXI Ciclo El Teatro y La Escuela Teatro Alameda"],"articleSection":["Blog"],"inLanguage":"fr-FR","potentialAction":[{"@type":"CommentAction","name":"Comment","target":["https:\/\/fran-caballero.com\/fr\/xxi-ciclo-el-teatro-y-la-escuela\/#respond"]}]},{"@type":"WebPage","@id":"https:\/\/fran-caballero.com\/fr\/xxi-ciclo-el-teatro-y-la-escuela\/","url":"https:\/\/fran-caballero.com\/fr\/xxi-ciclo-el-teatro-y-la-escuela\/","name":"XXI Ciclo El teatro y la escuela - Fran Caballero","isPartOf":{"@id":"https:\/\/fran-caballero.com\/#website"},"datePublished":"2011-10-03T18:59:00+00:00","dateModified":"2017-08-02T00:24:17+00:00","description":"El Teatro Alameda acoge un a\u00f1o m\u00e1s este ciclo dirigido que tiene como objetivo fomentar el teatro...","breadcrumb":{"@id":"https:\/\/fran-caballero.com\/fr\/xxi-ciclo-el-teatro-y-la-escuela\/#breadcrumb"},"inLanguage":"fr-FR","potentialAction":[{"@type":"ReadAction","target":["https:\/\/fran-caballero.com\/fr\/xxi-ciclo-el-teatro-y-la-escuela\/"]}]},{"@type":"BreadcrumbList","@id":"https:\/\/fran-caballero.com\/fr\/xxi-ciclo-el-teatro-y-la-escuela\/#breadcrumb","itemListElement":[{"@type":"ListItem","position":1,"name":"Portada","item":"https:\/\/fran-caballero.com\/"},{"@type":"ListItem","position":2,"name":"XXI Ciclo El teatro y la escuela"}]},{"@type":"WebSite","@id":"https:\/\/fran-caballero.com\/#website","url":"https:\/\/fran-caballero.com\/","name":"Fran Caballero","description":"Acteur - Auteur","publisher":{"@id":"https:\/\/fran-caballero.com\/#\/schema\/person\/4da0bfac732857d0f97091683c53c107"},"potentialAction":[{"@type":"SearchAction","target":{"@type":"EntryPoint","urlTemplate":"https:\/\/fran-caballero.com\/?s={search_term_string}"},"query-input":"required name=search_term_string"}],"inLanguage":"fr-FR"},{"@type":["Person","Organization"],"@id":"https:\/\/fran-caballero.com\/#\/schema\/person\/4da0bfac732857d0f97091683c53c107","name":"Fran Caballero","image":{"@type":"ImageObject","inLanguage":"fr-FR","@id":"https:\/\/fran-caballero.com\/#\/schema\/person\/image\/","url":"https:\/\/fran-caballero.com\/wp-content\/uploads\/2016\/11\/copy-logofran.jpg","contentUrl":"https:\/\/fran-caballero.com\/wp-content\/uploads\/2016\/11\/copy-logofran.jpg","width":150,"height":57,"caption":"Fran Caballero"},"logo":{"@id":"https:\/\/fran-caballero.com\/#\/schema\/person\/image\/"}},{"@type":"Person","@id":"https:\/\/fran-caballero.com\/#\/schema\/person\/505b29550120200cc090033d887594a3","name":"franca","image":{"@type":"ImageObject","inLanguage":"fr-FR","@id":"https:\/\/fran-caballero.com\/#\/schema\/person\/image\/","url":"https:\/\/secure.gravatar.com\/avatar\/0ceb1c044b557ee7735b14a4e69decbf?s=96&d=mm&r=g","contentUrl":"https:\/\/secure.gravatar.com\/avatar\/0ceb1c044b557ee7735b14a4e69decbf?s=96&d=mm&r=g","caption":"franca"}}]}},"_links":{"self":[{"href":"https:\/\/fran-caballero.com\/fr\/wp-json\/wp\/v2\/posts\/507"}],"collection":[{"href":"https:\/\/fran-caballero.com\/fr\/wp-json\/wp\/v2\/posts"}],"about":[{"href":"https:\/\/fran-caballero.com\/fr\/wp-json\/wp\/v2\/types\/post"}],"author":[{"embeddable":true,"href":"https:\/\/fran-caballero.com\/fr\/wp-json\/wp\/v2\/users\/3"}],"replies":[{"embeddable":true,"href":"https:\/\/fran-caballero.com\/fr\/wp-json\/wp\/v2\/comments?post=507"}],"version-history":[{"count":8,"href":"https:\/\/fran-caballero.com\/fr\/wp-json\/wp\/v2\/posts\/507\/revisions"}],"predecessor-version":[{"id":2218,"href":"https:\/\/fran-caballero.com\/fr\/wp-json\/wp\/v2\/posts\/507\/revisions\/2218"}],"wp:attachment":[{"href":"https:\/\/fran-caballero.com\/fr\/wp-json\/wp\/v2\/media?parent=507"}],"wp:term":[{"taxonomy":"category","embeddable":true,"href":"https:\/\/fran-caballero.com\/fr\/wp-json\/wp\/v2\/categories?post=507"},{"taxonomy":"post_tag","embeddable":true,"href":"https:\/\/fran-caballero.com\/fr\/wp-json\/wp\/v2\/tags?post=507"}],"curies":[{"name":"wp","href":"https:\/\/api.w.org\/{rel}","templated":true}]}}