{"id":486,"date":"2012-10-19T17:54:00","date_gmt":"2012-10-19T17:54:00","guid":{"rendered":"http:\/\/fran-caballero.com\/cuando-falla-encuentra-lorca\/"},"modified":"2016-12-10T13:01:10","modified_gmt":"2016-12-10T13:01:10","slug":"cuando-falla-encuentra-lorca","status":"publish","type":"post","link":"https:\/\/fran-caballero.com\/fr\/cuando-falla-encuentra-lorca\/","title":{"rendered":"Cuando Falla encuentra a Lorca"},"content":{"rendered":"<div style=\"text-align: left;\">\n<p>\u00a0<strong>Cuando Falla encuentra a Lorca<\/strong> es ese momento m\u00e1gico donde confluyen dos de las mas grandes figuras que ha dado el arte en Andaluc\u00eda. La poes\u00eda y la m\u00fasica se funden en una atm\u00f3sfera intimista que invita a la evocaci\u00f3n de tiempos lejanos.<\/p>\n<p>&nbsp;<\/p>\n<\/div>\n<div style=\"text-align: left;\">&#8220;Anda jaleo&#8221;, &#8220;Los cuatro muleros&#8221;, &#8220;El zorongo&#8221;, &#8220;Los pelegrinitos&#8221;, &#8220;El caf\u00e9 de chinitas&#8221;, &#8220;Las tres morillas&#8221;, &#8220;Las sevillanas del S. XVIII&#8221;&#8230; aromas de Granada, de la Espa\u00f1a andalus\u00ed, de leyendas populares, de fiestas y tragedias, todo tiene cabida en el universo lorquiano, desde las emociones mas fuertes hasta los mas delicados matices. Adem\u00e1s de canciones con preciosas melodias y textos, este ciclo contiene verdaderas joyas que est\u00e1n incrustadas en lo m\u00e1s profundo del sentir popular espa\u00f1ol. Evocan en nuestro alma recuerdos y vivencias del pasado, con un sabor antiguo, como de otra \u00e9poca pero a la vez renovado, con aire fresco, con nuevos colores y posibilidades. Federico Garc\u00eda Lorca (1898 &#8211; 1936) era un enamorado de las canciones tradicion<img decoding=\"async\" loading=\"lazy\" class=\"alignleft\" src=\"http:\/\/fran-caballero.com\/wp-content\/uploads\/2012\/10\/Detr\u00e1s.jpg\" width=\"200\" height=\"131\" border=\"0\" \/>ales y populares espa\u00f1olas, y realiz\u00f3 un elaborad\u00edsimo trabajo de investigaci\u00f3n, transcripci\u00f3n y selecci\u00f3n entre el cancionero de palacio, el folclore espa\u00f1ol, el flamenco y tantas otras fuentes que se pierden en la noche de los tiempos. El mismo Lorca nos dej\u00f3 su legado sonoro a trav\u00e9s del registro discogr\u00e1fico que realizara con la Argentinita en 1931. Asistimos pues a la resurrecci\u00f3n de una m\u00fasica que nos llega a trav\u00e9s de la herencia lorquiana y hoy mediante la voz flamenca y el piano resurgen con un nuevo aspecto, a su vez ancestral y aut\u00e9ntica siendo fiel a la tradici\u00f3n y a su origen p<a href=\"http:\/\/3.bp.blogspot.com\/-6hzjMBh0O7U\/UIWH1u1rt1I\/AAAAAAAAAKo\/h9ZU7NIC9cE\/s1600\/Contraste.jpg\"><img decoding=\"async\" loading=\"lazy\" class=\"alignright\" src=\"http:\/\/fran-caballero.com\/wp-content\/uploads\/2012\/10\/Contraste.jpg\" width=\"200\" height=\"147\" border=\"0\" \/><\/a>rimitivo, y a su vez peculiar y novedosa, combinando la voz flamenca, rotunda, tierna, colorista, apasionada, conmovedora, con el acompa\u00f1amiento pian\u00edstico de exquisita textura y encantadora sencillez que sirve de suave y a la vez contundente soporte para la voz. Este original encuentro da como resultado un sonido \u00fanico caracterizado por su calidez y gran efecto expresivo. En ocasiones la voz cantada da paso al recitado de versos con acompa\u00f1amiento pian\u00edstico que conmueve por su dram\u00e1tica fuerza y su ternura po\u00e9tica.<\/div>\n<div class=\"separator\" style=\"clear: both; text-align: justify;\">Con Las &#8220;Canciones Populares&#8221; de Falla (1876-1946), nos adentramos en un mundo mas elaborado musicalmente hablando. El acompa\u00f1amiento pian\u00edstico se hace mas complejo y toma un papel mas decisivo acerc\u00e1ndose a la m\u00fasica de c\u00e1mara en conjunto con la voz. Aqu\u00ed la m\u00fasica de Falla alcanza cotas de verdadero virtuosismo. Habitualmente interpretadas por voces l\u00edricas, en la voz flamenca el texto de Falla adquiere una nueva dimensi\u00f3n, &#8220;El pa\u00f1o moruno&#8221;, &#8220;La nana&#8221;, &#8220;Polo&#8221;&#8230; se visten de sus mejores galas para ofrecernos un espect\u00e1culo de belleza y fantas\u00eda, siempre con un profundo sentir flamenco, pero trascendiendo sus propias fronteras para hacerse universal. &#8220;El Amor Brujo&#8221; nos lleva a mundos de luces y sombras, colores vivos y temperamento jitano. Nos encontramos ante una de las mas grandes creaciones del genio andaluz, Falla utiliza los elementos musicales contenidos en el folclore, las armonias, ritmos, melod\u00edas y estructuras formales para componer con un estilo propio e inconfundible una verdadera obra maestra que lo llevar\u00e1 a consagrarse como uno de los grandes compositores de la historia. &#8220;La danza del fuego&#8221;, &#8220;Canci\u00f3n del fuego fatuo&#8221;&#8230; son p\u00e1ginas de gran originalidad y exuberancia, sumergi\u00e9ndonos en un ambiente de fantasia y dramatismo, impregn\u00e1ndonos de ese aroma sutil que desprende la m\u00fasica del compositor gaditano.<\/div>\n<div class=\"separator\" style=\"clear: both; text-align: center;\"><em>PROGRAMA<br \/>\nLas canciones populares de Lorca<br \/>\nAnda, jaleo<br \/>\nLos cuatro muleros<br \/>\nLas tres hojas<br \/>\nLos mozos de Monle\u00f3n<br \/>\nLas morillas de Ja\u00e9n<br \/>\nSevillanas del siglo XVIII<br \/>\nEl caf\u00e9 de Chinitas<br \/>\nNana de Sevilla<br \/>\nLos pelegrinitos<br \/>\nZorongo<br \/>\nRomance de Don Boyso<br \/>\nLos reyes de la baraja<br \/>\nCanciones populares espa\u00f1olas (selecci\u00f3n) M. de Falla<br \/>\nEl pa\u00f1o moruno<br \/>\nAsturiana<br \/>\nNana<br \/>\nPolo<br \/>\n&#8220;El amor brujo&#8221; (selecci\u00f3n) M. de Falla<br \/>\nDanza ritual del fuego<br \/>\nCanci\u00f3n del amor dolorido<br \/>\nCanci\u00f3n del fuego fatuo<br \/>\nCanci\u00f3n del juego del amor<br \/>\nFINAL. Las campanas de la ma\u00f1ana<br \/>\n-ELENCO-<br \/>\nLaura Vital al cante<br \/>\nJorge L\u00f3pez al piano<br \/>\nDirecci\u00f3n musical de Laura vital y Jorge L\u00f3pez<br \/>\nProducci\u00f3n y distribuci\u00f3n de Bajodegu\u00eda Producciones<\/em><\/div>\n<div class=\"separator\" style=\"clear: both; text-align: center;\"><em>Fotograf\u00eda<\/em><\/div>\n<div class=\"separator\" style=\"clear: both; text-align: center;\"><em>Fran Caballero<\/em><\/div>\n<div class=\"separator\" style=\"clear: both; text-align: center;\"><em>Mari \u00c1ngeles Borja<\/em><\/div>\n<div style=\"text-align: center;\"><\/div>\n","protected":false},"excerpt":{"rendered":"<p>\u00a0Cuando Falla encuentra a Lorca es ese momento m\u00e1gico donde confluyen dos de las mas grandes figuras que ha dado el arte en Andaluc\u00eda. La poes\u00eda y la m\u00fasica se&#8230;<\/p>\n","protected":false},"author":3,"featured_media":0,"comment_status":"open","ping_status":"open","sticky":false,"template":"","format":"standard","meta":[],"categories":[7],"tags":[347,263],"translation":{"provider":"WPGlobus","version":"2.10.10","language":"fr","enabled_languages":["es","en","fr"],"languages":{"es":{"title":true,"content":true,"excerpt":false},"en":{"title":false,"content":false,"excerpt":false},"fr":{"title":false,"content":false,"excerpt":false}}},"yoast_head":"<!-- This site is optimized with the Yoast SEO plugin v20.5 - https:\/\/yoast.com\/wordpress\/plugins\/seo\/ -->\n<title>Cuando Falla encuentra a Lorca - Fran Caballero<\/title>\n<meta name=\"robots\" content=\"index, follow, max-snippet:-1, max-image-preview:large, max-video-preview:-1\" \/>\n<link rel=\"canonical\" href=\"https:\/\/fran-caballero.com\/cuando-falla-encuentra-lorca\/\" \/>\n<meta property=\"og:locale\" content=\"fr_FR\" \/>\n<meta property=\"og:type\" content=\"article\" \/>\n<meta property=\"og:title\" content=\"Cuando Falla encuentra a Lorca - Fran Caballero\" \/>\n<meta property=\"og:url\" content=\"https:\/\/fran-caballero.com\/cuando-falla-encuentra-lorca\/\" \/>\n<meta property=\"og:site_name\" content=\"Fran Caballero\" \/>\n<meta property=\"article:published_time\" content=\"2012-10-19T17:54:00+00:00\" \/>\n<meta property=\"article:modified_time\" content=\"2016-12-10T13:01:10+00:00\" \/>\n<meta property=\"og:image\" content=\"http:\/\/fran-caballero.com\/wp-content\/uploads\/2012\/10\/Contraste.jpg\" \/>\n<meta name=\"author\" content=\"franca\" \/>\n<meta name=\"twitter:card\" content=\"summary_large_image\" \/>\n<meta name=\"twitter:creator\" content=\"@francaballer0\" \/>\n<meta name=\"twitter:site\" content=\"@francaballer0\" \/>\n<meta name=\"twitter:label1\" content=\"\u00c9crit par\" \/>\n\t<meta name=\"twitter:data1\" content=\"franca\" \/>\n\t<meta name=\"twitter:label2\" content=\"Dur\u00e9e de lecture estim\u00e9e\" \/>\n\t<meta name=\"twitter:data2\" content=\"4 minutes\" \/>\n<script type=\"application\/ld+json\" class=\"yoast-schema-graph\">{\"@context\":\"https:\/\/schema.org\",\"@graph\":[{\"@type\":\"Article\",\"@id\":\"https:\/\/fran-caballero.com\/cuando-falla-encuentra-lorca\/#article\",\"isPartOf\":{\"@id\":\"https:\/\/fran-caballero.com\/cuando-falla-encuentra-lorca\/\"},\"author\":{\"name\":\"franca\",\"@id\":\"https:\/\/fran-caballero.com\/#\/schema\/person\/505b29550120200cc090033d887594a3\"},\"headline\":\"Cuando Falla encuentra a Lorca\",\"datePublished\":\"2012-10-19T17:54:00+00:00\",\"dateModified\":\"2016-12-10T13:01:10+00:00\",\"mainEntityOfPage\":{\"@id\":\"https:\/\/fran-caballero.com\/cuando-falla-encuentra-lorca\/\"},\"wordCount\":737,\"commentCount\":0,\"publisher\":{\"@id\":\"https:\/\/fran-caballero.com\/#\/schema\/person\/4da0bfac732857d0f97091683c53c107\"},\"keywords\":[\"fotograf\u00eda\",\"Fotograf\u00eda teatro Foto Fot\u00f3grafo dossier espect\u00e1culo Federico Garc\u00eda Lorca Cante L\u00edrico Flamenco Piano\"],\"articleSection\":[\"Blog\"],\"inLanguage\":\"fr-FR\",\"potentialAction\":[{\"@type\":\"CommentAction\",\"name\":\"Comment\",\"target\":[\"https:\/\/fran-caballero.com\/cuando-falla-encuentra-lorca\/#respond\"]}]},{\"@type\":\"WebPage\",\"@id\":\"https:\/\/fran-caballero.com\/cuando-falla-encuentra-lorca\/\",\"url\":\"https:\/\/fran-caballero.com\/cuando-falla-encuentra-lorca\/\",\"name\":\"Cuando Falla encuentra a Lorca - Fran Caballero\",\"isPartOf\":{\"@id\":\"https:\/\/fran-caballero.com\/#website\"},\"datePublished\":\"2012-10-19T17:54:00+00:00\",\"dateModified\":\"2016-12-10T13:01:10+00:00\",\"description\":\"Web de Fran Caballero - Actor y Creador\",\"breadcrumb\":{\"@id\":\"https:\/\/fran-caballero.com\/cuando-falla-encuentra-lorca\/#breadcrumb\"},\"inLanguage\":\"fr-FR\",\"potentialAction\":[{\"@type\":\"ReadAction\",\"target\":[\"https:\/\/fran-caballero.com\/cuando-falla-encuentra-lorca\/\"]}]},{\"@type\":\"BreadcrumbList\",\"@id\":\"https:\/\/fran-caballero.com\/cuando-falla-encuentra-lorca\/#breadcrumb\",\"itemListElement\":[{\"@type\":\"ListItem\",\"position\":1,\"name\":\"Portada\",\"item\":\"https:\/\/fran-caballero.com\/\"},{\"@type\":\"ListItem\",\"position\":2,\"name\":\"Cuando Falla encuentra a Lorca\"}]},{\"@type\":\"WebSite\",\"@id\":\"https:\/\/fran-caballero.com\/#website\",\"url\":\"https:\/\/fran-caballero.com\/\",\"name\":\"Fran Caballero\",\"description\":\"Acteur - Auteur\",\"publisher\":{\"@id\":\"https:\/\/fran-caballero.com\/#\/schema\/person\/4da0bfac732857d0f97091683c53c107\"},\"potentialAction\":[{\"@type\":\"SearchAction\",\"target\":{\"@type\":\"EntryPoint\",\"urlTemplate\":\"https:\/\/fran-caballero.com\/?s={search_term_string}\"},\"query-input\":\"required name=search_term_string\"}],\"inLanguage\":\"fr-FR\"},{\"@type\":[\"Person\",\"Organization\"],\"@id\":\"https:\/\/fran-caballero.com\/#\/schema\/person\/4da0bfac732857d0f97091683c53c107\",\"name\":\"Fran Caballero\",\"image\":{\"@type\":\"ImageObject\",\"inLanguage\":\"fr-FR\",\"@id\":\"https:\/\/fran-caballero.com\/#\/schema\/person\/image\/\",\"url\":\"https:\/\/fran-caballero.com\/wp-content\/uploads\/2016\/11\/copy-logofran.jpg\",\"contentUrl\":\"https:\/\/fran-caballero.com\/wp-content\/uploads\/2016\/11\/copy-logofran.jpg\",\"width\":150,\"height\":57,\"caption\":\"Fran Caballero\"},\"logo\":{\"@id\":\"https:\/\/fran-caballero.com\/#\/schema\/person\/image\/\"}},{\"@type\":\"Person\",\"@id\":\"https:\/\/fran-caballero.com\/#\/schema\/person\/505b29550120200cc090033d887594a3\",\"name\":\"franca\",\"image\":{\"@type\":\"ImageObject\",\"inLanguage\":\"fr-FR\",\"@id\":\"https:\/\/fran-caballero.com\/#\/schema\/person\/image\/\",\"url\":\"https:\/\/secure.gravatar.com\/avatar\/0ceb1c044b557ee7735b14a4e69decbf?s=96&d=mm&r=g\",\"contentUrl\":\"https:\/\/secure.gravatar.com\/avatar\/0ceb1c044b557ee7735b14a4e69decbf?s=96&d=mm&r=g\",\"caption\":\"franca\"}}]}<\/script>\n<!-- \/ Yoast SEO plugin. -->","yoast_head_json":{"title":"Cuando Falla encuentra a Lorca - Fran Caballero","robots":{"index":"index","follow":"follow","max-snippet":"max-snippet:-1","max-image-preview":"max-image-preview:large","max-video-preview":"max-video-preview:-1"},"canonical":"https:\/\/fran-caballero.com\/cuando-falla-encuentra-lorca\/","og_locale":"fr_FR","og_type":"article","og_title":"Cuando Falla encuentra a Lorca - Fran Caballero","og_url":"https:\/\/fran-caballero.com\/cuando-falla-encuentra-lorca\/","og_site_name":"Fran Caballero","article_published_time":"2012-10-19T17:54:00+00:00","article_modified_time":"2016-12-10T13:01:10+00:00","og_image":[{"url":"http:\/\/fran-caballero.com\/wp-content\/uploads\/2012\/10\/Contraste.jpg"}],"author":"franca","twitter_card":"summary_large_image","twitter_creator":"@francaballer0","twitter_site":"@francaballer0","twitter_misc":{"\u00c9crit par":"franca","Dur\u00e9e de lecture estim\u00e9e":"4 minutes"},"schema":{"@context":"https:\/\/schema.org","@graph":[{"@type":"Article","@id":"https:\/\/fran-caballero.com\/cuando-falla-encuentra-lorca\/#article","isPartOf":{"@id":"https:\/\/fran-caballero.com\/cuando-falla-encuentra-lorca\/"},"author":{"name":"franca","@id":"https:\/\/fran-caballero.com\/#\/schema\/person\/505b29550120200cc090033d887594a3"},"headline":"Cuando Falla encuentra a Lorca","datePublished":"2012-10-19T17:54:00+00:00","dateModified":"2016-12-10T13:01:10+00:00","mainEntityOfPage":{"@id":"https:\/\/fran-caballero.com\/cuando-falla-encuentra-lorca\/"},"wordCount":737,"commentCount":0,"publisher":{"@id":"https:\/\/fran-caballero.com\/#\/schema\/person\/4da0bfac732857d0f97091683c53c107"},"keywords":["fotograf\u00eda","Fotograf\u00eda teatro Foto Fot\u00f3grafo dossier espect\u00e1culo Federico Garc\u00eda Lorca Cante L\u00edrico Flamenco Piano"],"articleSection":["Blog"],"inLanguage":"fr-FR","potentialAction":[{"@type":"CommentAction","name":"Comment","target":["https:\/\/fran-caballero.com\/cuando-falla-encuentra-lorca\/#respond"]}]},{"@type":"WebPage","@id":"https:\/\/fran-caballero.com\/cuando-falla-encuentra-lorca\/","url":"https:\/\/fran-caballero.com\/cuando-falla-encuentra-lorca\/","name":"Cuando Falla encuentra a Lorca - Fran Caballero","isPartOf":{"@id":"https:\/\/fran-caballero.com\/#website"},"datePublished":"2012-10-19T17:54:00+00:00","dateModified":"2016-12-10T13:01:10+00:00","description":"Web de Fran Caballero - Actor y Creador","breadcrumb":{"@id":"https:\/\/fran-caballero.com\/cuando-falla-encuentra-lorca\/#breadcrumb"},"inLanguage":"fr-FR","potentialAction":[{"@type":"ReadAction","target":["https:\/\/fran-caballero.com\/cuando-falla-encuentra-lorca\/"]}]},{"@type":"BreadcrumbList","@id":"https:\/\/fran-caballero.com\/cuando-falla-encuentra-lorca\/#breadcrumb","itemListElement":[{"@type":"ListItem","position":1,"name":"Portada","item":"https:\/\/fran-caballero.com\/"},{"@type":"ListItem","position":2,"name":"Cuando Falla encuentra a Lorca"}]},{"@type":"WebSite","@id":"https:\/\/fran-caballero.com\/#website","url":"https:\/\/fran-caballero.com\/","name":"Fran Caballero","description":"Acteur - Auteur","publisher":{"@id":"https:\/\/fran-caballero.com\/#\/schema\/person\/4da0bfac732857d0f97091683c53c107"},"potentialAction":[{"@type":"SearchAction","target":{"@type":"EntryPoint","urlTemplate":"https:\/\/fran-caballero.com\/?s={search_term_string}"},"query-input":"required name=search_term_string"}],"inLanguage":"fr-FR"},{"@type":["Person","Organization"],"@id":"https:\/\/fran-caballero.com\/#\/schema\/person\/4da0bfac732857d0f97091683c53c107","name":"Fran Caballero","image":{"@type":"ImageObject","inLanguage":"fr-FR","@id":"https:\/\/fran-caballero.com\/#\/schema\/person\/image\/","url":"https:\/\/fran-caballero.com\/wp-content\/uploads\/2016\/11\/copy-logofran.jpg","contentUrl":"https:\/\/fran-caballero.com\/wp-content\/uploads\/2016\/11\/copy-logofran.jpg","width":150,"height":57,"caption":"Fran Caballero"},"logo":{"@id":"https:\/\/fran-caballero.com\/#\/schema\/person\/image\/"}},{"@type":"Person","@id":"https:\/\/fran-caballero.com\/#\/schema\/person\/505b29550120200cc090033d887594a3","name":"franca","image":{"@type":"ImageObject","inLanguage":"fr-FR","@id":"https:\/\/fran-caballero.com\/#\/schema\/person\/image\/","url":"https:\/\/secure.gravatar.com\/avatar\/0ceb1c044b557ee7735b14a4e69decbf?s=96&d=mm&r=g","contentUrl":"https:\/\/secure.gravatar.com\/avatar\/0ceb1c044b557ee7735b14a4e69decbf?s=96&d=mm&r=g","caption":"franca"}}]}},"_links":{"self":[{"href":"https:\/\/fran-caballero.com\/fr\/wp-json\/wp\/v2\/posts\/486"}],"collection":[{"href":"https:\/\/fran-caballero.com\/fr\/wp-json\/wp\/v2\/posts"}],"about":[{"href":"https:\/\/fran-caballero.com\/fr\/wp-json\/wp\/v2\/types\/post"}],"author":[{"embeddable":true,"href":"https:\/\/fran-caballero.com\/fr\/wp-json\/wp\/v2\/users\/3"}],"replies":[{"embeddable":true,"href":"https:\/\/fran-caballero.com\/fr\/wp-json\/wp\/v2\/comments?post=486"}],"version-history":[{"count":6,"href":"https:\/\/fran-caballero.com\/fr\/wp-json\/wp\/v2\/posts\/486\/revisions"}],"predecessor-version":[{"id":2262,"href":"https:\/\/fran-caballero.com\/fr\/wp-json\/wp\/v2\/posts\/486\/revisions\/2262"}],"wp:attachment":[{"href":"https:\/\/fran-caballero.com\/fr\/wp-json\/wp\/v2\/media?parent=486"}],"wp:term":[{"taxonomy":"category","embeddable":true,"href":"https:\/\/fran-caballero.com\/fr\/wp-json\/wp\/v2\/categories?post=486"},{"taxonomy":"post_tag","embeddable":true,"href":"https:\/\/fran-caballero.com\/fr\/wp-json\/wp\/v2\/tags?post=486"}],"curies":[{"name":"wp","href":"https:\/\/api.w.org\/{rel}","templated":true}]}}