{"id":446,"date":"2013-08-26T10:30:00","date_gmt":"2013-08-26T10:30:00","guid":{"rendered":"http:\/\/fran-caballero.com\/circo-tropico-la-voz-de-cadiz\/"},"modified":"2016-12-10T14:34:09","modified_gmt":"2016-12-10T14:34:09","slug":"circo-tropico-la-voz-de-cadiz","status":"publish","type":"post","link":"https:\/\/fran-caballero.com\/fr\/circo-tropico-la-voz-de-cadiz\/","title":{"rendered":"Circo Tr\u00f3pico. La Voz de C\u00e1diz"},"content":{"rendered":"<div class=\"art_head\" style=\"background-color: white; clear: both; font-family: Arial, Helvetica, sans-serif; margin: 0px; padding: 0px;\">\n<div class=\"separator\" style=\"clear: both; color: #333333; font-size: 12px; text-align: center;\"><\/div>\n<div>\n<h2 style=\"text-align: center;\"><a style=\"color: #003366; cursor: default; margin: 0px; outline: none 0px; padding: 0px; text-decoration: none;\" href=\"http:\/\/www.lavozdigital.es\/cadiz\/v\/20130826\/ciudadanos\/manana-arranca-tradicional-feria-20130826.html\" target=\"_self\">Ma\u00f1ana arranca la tradicional Feria de San Agust\u00edn de Olvera<\/a><\/h2>\n<\/div>\n<div style=\"color: #333333; font-size: 12px;\"><\/div>\n<div id=\"story-subtitulo\" class=\"ln\" style=\"margin: 0px; padding: 0px; text-align: justify;\">\n<div style=\"text-align: left;\">\n<div style=\"text-align: center;\">Un espect\u00e1culo flamenco dar\u00e1 el pistoletazo de salida a una celebraci\u00f3n que<\/div>\n<\/div>\n<div style=\"text-align: left;\">\n<div style=\"text-align: center;\">\u00a0concluir\u00e1 el domingo, con el protagonismo de los m\u00e1s peque\u00f1os.<\/div>\n<\/div>\n<\/div>\n<div class=\"date\" style=\"display: inline; font-size: 11px; font-weight: bold; margin: 0px; padding: 0px;\">\n<div style=\"text-align: justify;\">\n<div class=\"date\" style=\"display: inline; margin: 0px; padding: 0px;\">\n<div style=\"text-align: left;\">26.08.13<\/div>\n<\/div>\n<div style=\"text-align: left;\"><\/div>\n<\/div>\n<\/div>\n<\/div>\n<div class=\"art_head\" style=\"background-color: white; clear: both; font-family: Arial, Helvetica, sans-serif; font-size: 12px; margin: 0px; padding: 0px; text-align: justify;\"><\/div>\n<div class=\"colABC_articulo\" style=\"background-color: white; font-family: Arial, Helvetica, sans-serif; margin: 0px; padding: 0px;\">\n<div class=\"colAB_articulo\" style=\"float: left; margin: 0px; padding: 0px; width: 662px;\">\n<div class=\"colAB_articulo\" style=\"float: left; margin: 0px; padding: 0px; width: 662px;\">\n<div id=\"noticia-pestanas\" style=\"margin: 0px; padding: 0px;\">\n<div id=\"ccronica\" class=\"opt01 active\" style=\"margin: 0px; padding: 0px;\">\n<div class=\"text\" style=\"margin: 0px; padding: 0px;\">\n<div class=\"p\" style=\"font-size: 14px; line-height: 18px; padding: 0px 0px 15px; text-align: justify;\">\n<div style=\"text-align: left;\">\n<div style=\"text-align: justify;\">Ya est\u00e1 todo preparado para poner el broche de oro al verano con la tradicional Feria de San Agust\u00edn. Olvera pondr\u00e1 en marcha ma\u00f1ana una de sus fiestas m\u00e1s importantes con la celebraci\u00f3n de la vig\u00e9simo primera edici\u00f3n del festival flamenco V\u00edsperas de Feria de \u00a0San Agust\u00edn, que contar\u00e1 con el cante de Jos\u00e9 Antonio Mu\u00f1oz &#8216;El Chosa&#8217;, Miguel de Tena, Ana Serralbo, Isabel Mar\u00eda Rico y Anabel Castillo, acompa\u00f1ados a la guitarra \u00a0por Miguel Chamizo y Juan G\u00f3mez &#8216;El ni\u00f1o de la escalerita&#8217;. Adem\u00e1s, tambi\u00e9n actuar\u00e1 \u00a0el cuadro flamenco de las &#8216;Hermanas Barroso&#8217;, acompa\u00f1adas de la cantaora Sara<\/div>\n<\/div>\n<div style=\"text-align: left;\">\n<div style=\"text-align: justify;\">\u00a0Holgado y el guitarrista &#8216;Curro&#8217;.<\/div>\n<\/div>\n<\/div>\n<div class=\"p\" style=\"font-size: 14px; line-height: 18px; padding: 0px 0px 15px; text-align: justify;\">\n<div style=\"text-align: left;\">\n<div style=\"text-align: justify;\">A las diez de la noche comenzar\u00e1 dicho festival y en ese mismo momento se proceder\u00e1 al encendido del alumbrado extraordinario. No obstante, el ambiente festivo comenzar\u00e1 a respirarse en la localidad del aceite dos horas antes, con el pasacalles que protagonizar\u00e1 \u00a0<em>Musical de Olvera<\/em> y<b> Circo Tr\u00f3pico<\/b>. Este \u00faltimo grupo se encargar\u00e1 de la \u00a0amenizaci\u00f3n de los d\u00edas de celebraci\u00f3n junto a<em> Nuevos Aires<\/em>. Adem\u00e1s, el 31 de agosto se podr\u00e1 disfrutar de la actuaci\u00f3n de Roc\u00edo Cort\u00e9s, a la una de la madrugada.<\/div>\n<\/div>\n<div style=\"text-align: left;\">\n<div style=\"text-align: justify;\">\u00a0El \u00faltimo d\u00eda de fiesta, el domingo 1 de septiembre, estar\u00e1 dedicado a los m\u00e1s peque\u00f1os \u00a0y el precio de las atracciones ser\u00e1 solo de 1,50 euros.<\/div>\n<\/div>\n<\/div>\n<div class=\"p\" style=\"font-size: 14px; line-height: 18px; padding: 0px 0px 15px; text-align: justify;\">\n<div style=\"text-align: left;\">\n<div style=\"text-align: justify;\">La Feria contar\u00e1 este a\u00f1o con unas 44 casetas, entre p\u00fablicas y privadas, que van desde \u00a0los 80 metros cuadrados de las m\u00e1s peque\u00f1as a los 300 metros de las m\u00e1s grandes.<\/div>\n<\/div>\n<\/div>\n<div class=\"p\" style=\"font-size: 14px; line-height: 18px; padding: 0px 0px 15px; text-align: justify;\">\n<div style=\"text-align: left;\">\n<div style=\"text-align: justify;\"><strong class=\"strong\" style=\"margin: 0px; padding: 0px;\">Tradici\u00f3n<\/strong><\/div>\n<\/div>\n<\/div>\n<div class=\"p\" style=\"font-size: 14px; line-height: 18px; padding: 0px 0px 15px; text-align: justify;\">\n<div style=\"text-align: left;\">\n<div style=\"text-align: justify;\">La primera feria de Olvera se celebr\u00f3 en 1710, concedida por Felipe V en compensaci\u00f3n por el servicio prestado por la poblaci\u00f3n olvere\u00f1a en plena Guerra de Sucesi\u00f3n \u00a0Espa\u00f1ola. En sus comienzos la celebraci\u00f3n era un evento ganadero y comercial, pero en la actualidad la celebraci\u00f3n ganadera se ha separado de la Feria de San Agust\u00edn, celebr\u00e1ndose la misma en el mes de mayo.<\/div>\n<\/div>\n<\/div>\n<div class=\"p\" style=\"font-size: 14px; line-height: 18px; padding: 0px 0px 15px; text-align: justify;\">\n<div style=\"text-align: left;\">\n<div style=\"text-align: justify;\">Durante m\u00e1s de tres d\u00e9cadas y hasta 2008, la Feria de Olvera se ha celebrado en la calle Vereda Ancha y la Avenida Manuel de Falla. No obstante, actualmente la localidad cuenta con un Recinto Ferial a las afueras que evita, en buena parte, las molestias \u00a0propias de estos eventos a los vecinos.<\/div>\n<\/div>\n<\/div>\n<div class=\"p\" style=\"font-size: 14px; line-height: 18px; padding: 0px 0px 15px; text-align: justify;\"><\/div>\n<div class=\"p\" style=\"line-height: 18px; padding: 0px 0px 15px; text-align: right;\">\n<div style=\"text-align: justify;\">\n<div style=\"text-align: center;\"><b><i>La Voz.<\/i><\/b><\/div>\n<\/div>\n<\/div>\n<div class=\"p\" style=\"line-height: 18px; padding: 0px 0px 15px; text-align: right;\">\n<div style=\"text-align: justify;\">\n<div style=\"text-align: center;\"><b><i>26 de Agosto de 2013.<\/i><\/b><\/div>\n<\/div>\n<\/div>\n<div class=\"p\" style=\"line-height: 18px; padding: 0px 0px 15px; text-align: right;\">\n<div style=\"text-align: justify;\">\n<div style=\"text-align: center;\"><a href=\"http:\/\/www.lavozdigital.es\/cadiz\/v\/20130826\/ciudadanos\/manana-arranca-tradicional-feria-20130826.html\" target=\"_blank\"><b><i>Enlace noticia<\/i><\/b><\/a><\/div>\n<\/div>\n<\/div>\n<\/div>\n<\/div>\n<\/div>\n<\/div>\n<\/div>\n<\/div>\n","protected":false},"excerpt":{"rendered":"<p>Ma\u00f1ana arranca la tradicional Feria de San Agust\u00edn de Olvera Un espect\u00e1culo flamenco dar\u00e1 el pistoletazo de salida a una celebraci\u00f3n que \u00a0concluir\u00e1 el domingo, con el protagonismo de los&#8230;<\/p>\n","protected":false},"author":3,"featured_media":1471,"comment_status":"open","ping_status":"open","sticky":false,"template":"","format":"standard","meta":[],"categories":[7],"tags":[212],"translation":{"provider":"WPGlobus","version":"2.10.10","language":"fr","enabled_languages":["es","en","fr"],"languages":{"es":{"title":true,"content":true,"excerpt":false},"en":{"title":false,"content":false,"excerpt":false},"fr":{"title":false,"content":false,"excerpt":false}}},"yoast_head":"<!-- This site is optimized with the Yoast SEO plugin v20.5 - https:\/\/yoast.com\/wordpress\/plugins\/seo\/ -->\n<title>Circo Tr\u00f3pico. La Voz de C\u00e1diz - Fran Caballero<\/title>\n<meta name=\"robots\" content=\"index, follow, max-snippet:-1, max-image-preview:large, max-video-preview:-1\" \/>\n<link rel=\"canonical\" href=\"https:\/\/fran-caballero.com\/circo-tropico-la-voz-de-cadiz\/\" \/>\n<meta property=\"og:locale\" content=\"fr_FR\" \/>\n<meta property=\"og:type\" content=\"article\" \/>\n<meta property=\"og:title\" content=\"Circo Tr\u00f3pico. La Voz de C\u00e1diz - Fran Caballero\" \/>\n<meta property=\"og:url\" content=\"https:\/\/fran-caballero.com\/circo-tropico-la-voz-de-cadiz\/\" \/>\n<meta property=\"og:site_name\" content=\"Fran Caballero\" \/>\n<meta property=\"article:published_time\" content=\"2013-08-26T10:30:00+00:00\" \/>\n<meta property=\"article:modified_time\" content=\"2016-12-10T14:34:09+00:00\" \/>\n<meta property=\"og:image\" content=\"https:\/\/fran-caballero.com\/wp-content\/uploads\/2013\/08\/logo-la-voz-de-cadiz.jpg\" \/>\n\t<meta property=\"og:image:width\" content=\"270\" \/>\n\t<meta property=\"og:image:height\" content=\"93\" \/>\n\t<meta property=\"og:image:type\" content=\"image\/jpeg\" \/>\n<meta name=\"author\" content=\"franca\" \/>\n<meta name=\"twitter:card\" content=\"summary_large_image\" \/>\n<meta name=\"twitter:creator\" content=\"@francaballer0\" \/>\n<meta name=\"twitter:site\" content=\"@francaballer0\" \/>\n<meta name=\"twitter:label1\" content=\"\u00c9crit par\" \/>\n\t<meta name=\"twitter:data1\" content=\"franca\" \/>\n\t<meta name=\"twitter:label2\" content=\"Dur\u00e9e de lecture estim\u00e9e\" \/>\n\t<meta name=\"twitter:data2\" content=\"2 minutes\" \/>\n<script type=\"application\/ld+json\" class=\"yoast-schema-graph\">{\"@context\":\"https:\/\/schema.org\",\"@graph\":[{\"@type\":\"Article\",\"@id\":\"https:\/\/fran-caballero.com\/circo-tropico-la-voz-de-cadiz\/#article\",\"isPartOf\":{\"@id\":\"https:\/\/fran-caballero.com\/circo-tropico-la-voz-de-cadiz\/\"},\"author\":{\"name\":\"franca\",\"@id\":\"https:\/\/fran-caballero.com\/#\/schema\/person\/505b29550120200cc090033d887594a3\"},\"headline\":\"Circo Tr\u00f3pico. La Voz de C\u00e1diz\",\"datePublished\":\"2013-08-26T10:30:00+00:00\",\"dateModified\":\"2016-12-10T14:34:09+00:00\",\"mainEntityOfPage\":{\"@id\":\"https:\/\/fran-caballero.com\/circo-tropico-la-voz-de-cadiz\/\"},\"wordCount\":455,\"commentCount\":0,\"publisher\":{\"@id\":\"https:\/\/fran-caballero.com\/#\/schema\/person\/4da0bfac732857d0f97091683c53c107\"},\"keywords\":[\"La voz de c\u00e1diz Feria Olvera San Agust\u00edn\"],\"articleSection\":[\"Blog\"],\"inLanguage\":\"fr-FR\",\"potentialAction\":[{\"@type\":\"CommentAction\",\"name\":\"Comment\",\"target\":[\"https:\/\/fran-caballero.com\/circo-tropico-la-voz-de-cadiz\/#respond\"]}]},{\"@type\":\"WebPage\",\"@id\":\"https:\/\/fran-caballero.com\/circo-tropico-la-voz-de-cadiz\/\",\"url\":\"https:\/\/fran-caballero.com\/circo-tropico-la-voz-de-cadiz\/\",\"name\":\"Circo Tr\u00f3pico. La Voz de C\u00e1diz - Fran Caballero\",\"isPartOf\":{\"@id\":\"https:\/\/fran-caballero.com\/#website\"},\"datePublished\":\"2013-08-26T10:30:00+00:00\",\"dateModified\":\"2016-12-10T14:34:09+00:00\",\"description\":\"Web de Fran Caballero - Actor y Creador\",\"breadcrumb\":{\"@id\":\"https:\/\/fran-caballero.com\/circo-tropico-la-voz-de-cadiz\/#breadcrumb\"},\"inLanguage\":\"fr-FR\",\"potentialAction\":[{\"@type\":\"ReadAction\",\"target\":[\"https:\/\/fran-caballero.com\/circo-tropico-la-voz-de-cadiz\/\"]}]},{\"@type\":\"BreadcrumbList\",\"@id\":\"https:\/\/fran-caballero.com\/circo-tropico-la-voz-de-cadiz\/#breadcrumb\",\"itemListElement\":[{\"@type\":\"ListItem\",\"position\":1,\"name\":\"Portada\",\"item\":\"https:\/\/fran-caballero.com\/\"},{\"@type\":\"ListItem\",\"position\":2,\"name\":\"Circo Tr\u00f3pico. La Voz de C\u00e1diz\"}]},{\"@type\":\"WebSite\",\"@id\":\"https:\/\/fran-caballero.com\/#website\",\"url\":\"https:\/\/fran-caballero.com\/\",\"name\":\"Fran Caballero\",\"description\":\"Acteur - Auteur\",\"publisher\":{\"@id\":\"https:\/\/fran-caballero.com\/#\/schema\/person\/4da0bfac732857d0f97091683c53c107\"},\"potentialAction\":[{\"@type\":\"SearchAction\",\"target\":{\"@type\":\"EntryPoint\",\"urlTemplate\":\"https:\/\/fran-caballero.com\/?s={search_term_string}\"},\"query-input\":\"required name=search_term_string\"}],\"inLanguage\":\"fr-FR\"},{\"@type\":[\"Person\",\"Organization\"],\"@id\":\"https:\/\/fran-caballero.com\/#\/schema\/person\/4da0bfac732857d0f97091683c53c107\",\"name\":\"Fran Caballero\",\"image\":{\"@type\":\"ImageObject\",\"inLanguage\":\"fr-FR\",\"@id\":\"https:\/\/fran-caballero.com\/#\/schema\/person\/image\/\",\"url\":\"https:\/\/fran-caballero.com\/wp-content\/uploads\/2016\/11\/copy-logofran.jpg\",\"contentUrl\":\"https:\/\/fran-caballero.com\/wp-content\/uploads\/2016\/11\/copy-logofran.jpg\",\"width\":150,\"height\":57,\"caption\":\"Fran Caballero\"},\"logo\":{\"@id\":\"https:\/\/fran-caballero.com\/#\/schema\/person\/image\/\"}},{\"@type\":\"Person\",\"@id\":\"https:\/\/fran-caballero.com\/#\/schema\/person\/505b29550120200cc090033d887594a3\",\"name\":\"franca\",\"image\":{\"@type\":\"ImageObject\",\"inLanguage\":\"fr-FR\",\"@id\":\"https:\/\/fran-caballero.com\/#\/schema\/person\/image\/\",\"url\":\"https:\/\/secure.gravatar.com\/avatar\/0ceb1c044b557ee7735b14a4e69decbf?s=96&d=mm&r=g\",\"contentUrl\":\"https:\/\/secure.gravatar.com\/avatar\/0ceb1c044b557ee7735b14a4e69decbf?s=96&d=mm&r=g\",\"caption\":\"franca\"}}]}<\/script>\n<!-- \/ Yoast SEO plugin. -->","yoast_head_json":{"title":"Circo Tr\u00f3pico. La Voz de C\u00e1diz - Fran Caballero","robots":{"index":"index","follow":"follow","max-snippet":"max-snippet:-1","max-image-preview":"max-image-preview:large","max-video-preview":"max-video-preview:-1"},"canonical":"https:\/\/fran-caballero.com\/circo-tropico-la-voz-de-cadiz\/","og_locale":"fr_FR","og_type":"article","og_title":"Circo Tr\u00f3pico. La Voz de C\u00e1diz - Fran Caballero","og_url":"https:\/\/fran-caballero.com\/circo-tropico-la-voz-de-cadiz\/","og_site_name":"Fran Caballero","article_published_time":"2013-08-26T10:30:00+00:00","article_modified_time":"2016-12-10T14:34:09+00:00","og_image":[{"width":270,"height":93,"url":"https:\/\/fran-caballero.com\/wp-content\/uploads\/2013\/08\/logo-la-voz-de-cadiz.jpg","type":"image\/jpeg"}],"author":"franca","twitter_card":"summary_large_image","twitter_creator":"@francaballer0","twitter_site":"@francaballer0","twitter_misc":{"\u00c9crit par":"franca","Dur\u00e9e de lecture estim\u00e9e":"2 minutes"},"schema":{"@context":"https:\/\/schema.org","@graph":[{"@type":"Article","@id":"https:\/\/fran-caballero.com\/circo-tropico-la-voz-de-cadiz\/#article","isPartOf":{"@id":"https:\/\/fran-caballero.com\/circo-tropico-la-voz-de-cadiz\/"},"author":{"name":"franca","@id":"https:\/\/fran-caballero.com\/#\/schema\/person\/505b29550120200cc090033d887594a3"},"headline":"Circo Tr\u00f3pico. La Voz de C\u00e1diz","datePublished":"2013-08-26T10:30:00+00:00","dateModified":"2016-12-10T14:34:09+00:00","mainEntityOfPage":{"@id":"https:\/\/fran-caballero.com\/circo-tropico-la-voz-de-cadiz\/"},"wordCount":455,"commentCount":0,"publisher":{"@id":"https:\/\/fran-caballero.com\/#\/schema\/person\/4da0bfac732857d0f97091683c53c107"},"keywords":["La voz de c\u00e1diz Feria Olvera San Agust\u00edn"],"articleSection":["Blog"],"inLanguage":"fr-FR","potentialAction":[{"@type":"CommentAction","name":"Comment","target":["https:\/\/fran-caballero.com\/circo-tropico-la-voz-de-cadiz\/#respond"]}]},{"@type":"WebPage","@id":"https:\/\/fran-caballero.com\/circo-tropico-la-voz-de-cadiz\/","url":"https:\/\/fran-caballero.com\/circo-tropico-la-voz-de-cadiz\/","name":"Circo Tr\u00f3pico. La Voz de C\u00e1diz - Fran Caballero","isPartOf":{"@id":"https:\/\/fran-caballero.com\/#website"},"datePublished":"2013-08-26T10:30:00+00:00","dateModified":"2016-12-10T14:34:09+00:00","description":"Web de Fran Caballero - Actor y Creador","breadcrumb":{"@id":"https:\/\/fran-caballero.com\/circo-tropico-la-voz-de-cadiz\/#breadcrumb"},"inLanguage":"fr-FR","potentialAction":[{"@type":"ReadAction","target":["https:\/\/fran-caballero.com\/circo-tropico-la-voz-de-cadiz\/"]}]},{"@type":"BreadcrumbList","@id":"https:\/\/fran-caballero.com\/circo-tropico-la-voz-de-cadiz\/#breadcrumb","itemListElement":[{"@type":"ListItem","position":1,"name":"Portada","item":"https:\/\/fran-caballero.com\/"},{"@type":"ListItem","position":2,"name":"Circo Tr\u00f3pico. La Voz de C\u00e1diz"}]},{"@type":"WebSite","@id":"https:\/\/fran-caballero.com\/#website","url":"https:\/\/fran-caballero.com\/","name":"Fran Caballero","description":"Acteur - Auteur","publisher":{"@id":"https:\/\/fran-caballero.com\/#\/schema\/person\/4da0bfac732857d0f97091683c53c107"},"potentialAction":[{"@type":"SearchAction","target":{"@type":"EntryPoint","urlTemplate":"https:\/\/fran-caballero.com\/?s={search_term_string}"},"query-input":"required name=search_term_string"}],"inLanguage":"fr-FR"},{"@type":["Person","Organization"],"@id":"https:\/\/fran-caballero.com\/#\/schema\/person\/4da0bfac732857d0f97091683c53c107","name":"Fran Caballero","image":{"@type":"ImageObject","inLanguage":"fr-FR","@id":"https:\/\/fran-caballero.com\/#\/schema\/person\/image\/","url":"https:\/\/fran-caballero.com\/wp-content\/uploads\/2016\/11\/copy-logofran.jpg","contentUrl":"https:\/\/fran-caballero.com\/wp-content\/uploads\/2016\/11\/copy-logofran.jpg","width":150,"height":57,"caption":"Fran Caballero"},"logo":{"@id":"https:\/\/fran-caballero.com\/#\/schema\/person\/image\/"}},{"@type":"Person","@id":"https:\/\/fran-caballero.com\/#\/schema\/person\/505b29550120200cc090033d887594a3","name":"franca","image":{"@type":"ImageObject","inLanguage":"fr-FR","@id":"https:\/\/fran-caballero.com\/#\/schema\/person\/image\/","url":"https:\/\/secure.gravatar.com\/avatar\/0ceb1c044b557ee7735b14a4e69decbf?s=96&d=mm&r=g","contentUrl":"https:\/\/secure.gravatar.com\/avatar\/0ceb1c044b557ee7735b14a4e69decbf?s=96&d=mm&r=g","caption":"franca"}}]}},"_links":{"self":[{"href":"https:\/\/fran-caballero.com\/fr\/wp-json\/wp\/v2\/posts\/446"}],"collection":[{"href":"https:\/\/fran-caballero.com\/fr\/wp-json\/wp\/v2\/posts"}],"about":[{"href":"https:\/\/fran-caballero.com\/fr\/wp-json\/wp\/v2\/types\/post"}],"author":[{"embeddable":true,"href":"https:\/\/fran-caballero.com\/fr\/wp-json\/wp\/v2\/users\/3"}],"replies":[{"embeddable":true,"href":"https:\/\/fran-caballero.com\/fr\/wp-json\/wp\/v2\/comments?post=446"}],"version-history":[{"count":3,"href":"https:\/\/fran-caballero.com\/fr\/wp-json\/wp\/v2\/posts\/446\/revisions"}],"predecessor-version":[{"id":2350,"href":"https:\/\/fran-caballero.com\/fr\/wp-json\/wp\/v2\/posts\/446\/revisions\/2350"}],"wp:featuredmedia":[{"embeddable":true,"href":"https:\/\/fran-caballero.com\/fr\/wp-json\/wp\/v2\/media\/1471"}],"wp:attachment":[{"href":"https:\/\/fran-caballero.com\/fr\/wp-json\/wp\/v2\/media?parent=446"}],"wp:term":[{"taxonomy":"category","embeddable":true,"href":"https:\/\/fran-caballero.com\/fr\/wp-json\/wp\/v2\/categories?post=446"},{"taxonomy":"post_tag","embeddable":true,"href":"https:\/\/fran-caballero.com\/fr\/wp-json\/wp\/v2\/tags?post=446"}],"curies":[{"name":"wp","href":"https:\/\/api.w.org\/{rel}","templated":true}]}}