{"id":4429,"date":"2020-06-18T00:19:00","date_gmt":"2020-06-18T00:19:00","guid":{"rendered":"https:\/\/fran-caballero.com\/?p=4429"},"modified":"2020-07-10T00:24:27","modified_gmt":"2020-07-10T00:24:27","slug":"entrevista-en-rofm-valencia","status":"publish","type":"post","link":"https:\/\/fran-caballero.com\/fr\/entrevista-en-rofm-valencia\/","title":{"rendered":"Entrevista en Rofm Valencia"},"content":{"rendered":"\n<figure class=\"wp-block-image size-large\"><img decoding=\"async\" loading=\"lazy\" width=\"640\" height=\"480\" src=\"https:\/\/fran-caballero.com\/wp-content\/uploads\/2020\/07\/Entrevista-Rofm-Valencia.jpg\" alt=\"\" class=\"wp-image-4430\" srcset=\"https:\/\/fran-caballero.com\/wp-content\/uploads\/2020\/07\/Entrevista-Rofm-Valencia.jpg 640w, https:\/\/fran-caballero.com\/wp-content\/uploads\/2020\/07\/Entrevista-Rofm-Valencia-300x225.jpg 300w\" sizes=\"(max-width: 640px) 100vw, 640px\" \/><\/figure>\n\n\n\n<p><a href=\"https:\/\/www.facebook.com\/fran.caballero.144?__cft__[0]=AZXKL8_Fp6YqtYdFSSpSxETJBsCjwVgZLIvOfbvXCLbNJ_1vvaU4WV9yksmmumPvD_xlxZ55sunsENF17pvPHyPNNB_6TDadMxzegQu6VGxMUkTsQxD25eticsUhb2o-aCdEMTdkcAoCeXoLlmfWy0X4rMEWSxXeadbMdUmbicsmyA&amp;__tn__=-]K*F\">Fran Caballero<\/a>\u00a0estar\u00e1 hoy en <strong>Rofm Valencia<\/strong> para hablar de sus pr\u00f3ximos proyectos y de aquel maravilloso a\u00f1o 2018.<br>Al crear desde la comedia pensando que la obra conlleve una cr\u00edtica intr\u00ednseca, siempre queda la duda si ese mensaje llegar\u00e1 al espectador. En el a\u00f1o 2018, quisimos exponer la aporofobia que habita nuestro pa\u00eds por las personas con pocos recursos a trav\u00e9s de unos personajes que representaban unos m\u00fasicos callejeros que ven\u00edan desde Ruman\u00eda.<br>Y aunque el resultado nos dej\u00f3 un buen sabor y sin dar mucho peso a los v\u00eddeos que se viralizaron, m\u00e1s importante es recordar que hubo personas que vieron ese mensaje.<br>Hoy, volvemos a la radio. Esto nos hace pensar que merece la pena.<\/p>\n","protected":false},"excerpt":{"rendered":"<p>Fran Caballero\u00a0estar\u00e1 hoy en Rofm Valencia para hablar de sus pr\u00f3ximos proyectos y de aquel maravilloso a\u00f1o 2018.Al crear desde la comedia pensando que la obra conlleve una cr\u00edtica intr\u00ednseca,&#8230;<\/p>\n","protected":false},"author":3,"featured_media":0,"comment_status":"open","ping_status":"open","sticky":false,"template":"","format":"standard","meta":[],"categories":[7],"tags":[386,459,460,461],"translation":{"provider":"WPGlobus","version":"2.10.10","language":"fr","enabled_languages":["es","en","fr"],"languages":{"es":{"title":true,"content":true,"excerpt":false},"en":{"title":false,"content":false,"excerpt":false},"fr":{"title":false,"content":false,"excerpt":false}}},"yoast_head":"<!-- This site is optimized with the Yoast SEO plugin v20.5 - https:\/\/yoast.com\/wordpress\/plugins\/seo\/ -->\n<title>Entrevista en Rofm Valencia -<\/title>\n<meta name=\"robots\" content=\"index, follow, max-snippet:-1, max-image-preview:large, max-video-preview:-1\" \/>\n<link rel=\"canonical\" href=\"https:\/\/fran-caballero.com\/entrevista-en-rofm-valencia\/\" \/>\n<meta property=\"og:locale\" content=\"fr_FR\" \/>\n<meta property=\"og:type\" content=\"article\" \/>\n<meta property=\"og:title\" content=\"Entrevista en Rofm Valencia -\" \/>\n<meta property=\"og:url\" content=\"https:\/\/fran-caballero.com\/entrevista-en-rofm-valencia\/\" \/>\n<meta property=\"og:site_name\" content=\"Fran Caballero\" \/>\n<meta property=\"article:published_time\" content=\"2020-06-18T00:19:00+00:00\" \/>\n<meta property=\"article:modified_time\" content=\"2020-07-10T00:24:27+00:00\" \/>\n<meta property=\"og:image\" content=\"https:\/\/fran-caballero.com\/wp-content\/uploads\/2020\/07\/Entrevista-Rofm-Valencia.jpg\" \/>\n<meta name=\"author\" content=\"franca\" \/>\n<meta name=\"twitter:card\" content=\"summary_large_image\" \/>\n<meta name=\"twitter:creator\" content=\"@francaballer0\" \/>\n<meta name=\"twitter:site\" content=\"@francaballer0\" \/>\n<meta name=\"twitter:label1\" content=\"\u00c9crit par\" \/>\n\t<meta name=\"twitter:data1\" content=\"franca\" \/>\n\t<meta name=\"twitter:label2\" content=\"Dur\u00e9e de lecture estim\u00e9e\" \/>\n\t<meta name=\"twitter:data2\" content=\"1 minute\" \/>\n<script type=\"application\/ld+json\" class=\"yoast-schema-graph\">{\"@context\":\"https:\/\/schema.org\",\"@graph\":[{\"@type\":\"Article\",\"@id\":\"https:\/\/fran-caballero.com\/entrevista-en-rofm-valencia\/#article\",\"isPartOf\":{\"@id\":\"https:\/\/fran-caballero.com\/entrevista-en-rofm-valencia\/\"},\"author\":{\"name\":\"franca\",\"@id\":\"https:\/\/fran-caballero.com\/#\/schema\/person\/505b29550120200cc090033d887594a3\"},\"headline\":\"Entrevista en Rofm Valencia\",\"datePublished\":\"2020-06-18T00:19:00+00:00\",\"dateModified\":\"2020-07-10T00:24:27+00:00\",\"mainEntityOfPage\":{\"@id\":\"https:\/\/fran-caballero.com\/entrevista-en-rofm-valencia\/\"},\"wordCount\":132,\"commentCount\":0,\"publisher\":{\"@id\":\"https:\/\/fran-caballero.com\/#\/schema\/person\/4da0bfac732857d0f97091683c53c107\"},\"keywords\":[\"Actor\",\"Entrevista\",\"Radio\",\"RofmValencia\"],\"articleSection\":[\"Blog\"],\"inLanguage\":\"fr-FR\",\"potentialAction\":[{\"@type\":\"CommentAction\",\"name\":\"Comment\",\"target\":[\"https:\/\/fran-caballero.com\/entrevista-en-rofm-valencia\/#respond\"]}]},{\"@type\":\"WebPage\",\"@id\":\"https:\/\/fran-caballero.com\/entrevista-en-rofm-valencia\/\",\"url\":\"https:\/\/fran-caballero.com\/entrevista-en-rofm-valencia\/\",\"name\":\"Entrevista en Rofm Valencia -\",\"isPartOf\":{\"@id\":\"https:\/\/fran-caballero.com\/#website\"},\"datePublished\":\"2020-06-18T00:19:00+00:00\",\"dateModified\":\"2020-07-10T00:24:27+00:00\",\"description\":\"Entrevista en Rofm Valencia\",\"breadcrumb\":{\"@id\":\"https:\/\/fran-caballero.com\/entrevista-en-rofm-valencia\/#breadcrumb\"},\"inLanguage\":\"fr-FR\",\"potentialAction\":[{\"@type\":\"ReadAction\",\"target\":[\"https:\/\/fran-caballero.com\/entrevista-en-rofm-valencia\/\"]}]},{\"@type\":\"BreadcrumbList\",\"@id\":\"https:\/\/fran-caballero.com\/entrevista-en-rofm-valencia\/#breadcrumb\",\"itemListElement\":[{\"@type\":\"ListItem\",\"position\":1,\"name\":\"Portada\",\"item\":\"https:\/\/fran-caballero.com\/\"},{\"@type\":\"ListItem\",\"position\":2,\"name\":\"Entrevista en Rofm Valencia\"}]},{\"@type\":\"WebSite\",\"@id\":\"https:\/\/fran-caballero.com\/#website\",\"url\":\"https:\/\/fran-caballero.com\/\",\"name\":\"Fran Caballero\",\"description\":\"Acteur - Auteur\",\"publisher\":{\"@id\":\"https:\/\/fran-caballero.com\/#\/schema\/person\/4da0bfac732857d0f97091683c53c107\"},\"potentialAction\":[{\"@type\":\"SearchAction\",\"target\":{\"@type\":\"EntryPoint\",\"urlTemplate\":\"https:\/\/fran-caballero.com\/?s={search_term_string}\"},\"query-input\":\"required name=search_term_string\"}],\"inLanguage\":\"fr-FR\"},{\"@type\":[\"Person\",\"Organization\"],\"@id\":\"https:\/\/fran-caballero.com\/#\/schema\/person\/4da0bfac732857d0f97091683c53c107\",\"name\":\"Fran Caballero\",\"image\":{\"@type\":\"ImageObject\",\"inLanguage\":\"fr-FR\",\"@id\":\"https:\/\/fran-caballero.com\/#\/schema\/person\/image\/\",\"url\":\"https:\/\/fran-caballero.com\/wp-content\/uploads\/2016\/11\/copy-logofran.jpg\",\"contentUrl\":\"https:\/\/fran-caballero.com\/wp-content\/uploads\/2016\/11\/copy-logofran.jpg\",\"width\":150,\"height\":57,\"caption\":\"Fran Caballero\"},\"logo\":{\"@id\":\"https:\/\/fran-caballero.com\/#\/schema\/person\/image\/\"}},{\"@type\":\"Person\",\"@id\":\"https:\/\/fran-caballero.com\/#\/schema\/person\/505b29550120200cc090033d887594a3\",\"name\":\"franca\",\"image\":{\"@type\":\"ImageObject\",\"inLanguage\":\"fr-FR\",\"@id\":\"https:\/\/fran-caballero.com\/#\/schema\/person\/image\/\",\"url\":\"https:\/\/secure.gravatar.com\/avatar\/0ceb1c044b557ee7735b14a4e69decbf?s=96&d=mm&r=g\",\"contentUrl\":\"https:\/\/secure.gravatar.com\/avatar\/0ceb1c044b557ee7735b14a4e69decbf?s=96&d=mm&r=g\",\"caption\":\"franca\"}}]}<\/script>\n<!-- \/ Yoast SEO plugin. -->","yoast_head_json":{"title":"Entrevista en Rofm Valencia -","robots":{"index":"index","follow":"follow","max-snippet":"max-snippet:-1","max-image-preview":"max-image-preview:large","max-video-preview":"max-video-preview:-1"},"canonical":"https:\/\/fran-caballero.com\/entrevista-en-rofm-valencia\/","og_locale":"fr_FR","og_type":"article","og_title":"Entrevista en Rofm Valencia -","og_url":"https:\/\/fran-caballero.com\/entrevista-en-rofm-valencia\/","og_site_name":"Fran Caballero","article_published_time":"2020-06-18T00:19:00+00:00","article_modified_time":"2020-07-10T00:24:27+00:00","og_image":[{"url":"https:\/\/fran-caballero.com\/wp-content\/uploads\/2020\/07\/Entrevista-Rofm-Valencia.jpg"}],"author":"franca","twitter_card":"summary_large_image","twitter_creator":"@francaballer0","twitter_site":"@francaballer0","twitter_misc":{"\u00c9crit par":"franca","Dur\u00e9e de lecture estim\u00e9e":"1 minute"},"schema":{"@context":"https:\/\/schema.org","@graph":[{"@type":"Article","@id":"https:\/\/fran-caballero.com\/entrevista-en-rofm-valencia\/#article","isPartOf":{"@id":"https:\/\/fran-caballero.com\/entrevista-en-rofm-valencia\/"},"author":{"name":"franca","@id":"https:\/\/fran-caballero.com\/#\/schema\/person\/505b29550120200cc090033d887594a3"},"headline":"Entrevista en Rofm Valencia","datePublished":"2020-06-18T00:19:00+00:00","dateModified":"2020-07-10T00:24:27+00:00","mainEntityOfPage":{"@id":"https:\/\/fran-caballero.com\/entrevista-en-rofm-valencia\/"},"wordCount":132,"commentCount":0,"publisher":{"@id":"https:\/\/fran-caballero.com\/#\/schema\/person\/4da0bfac732857d0f97091683c53c107"},"keywords":["Actor","Entrevista","Radio","RofmValencia"],"articleSection":["Blog"],"inLanguage":"fr-FR","potentialAction":[{"@type":"CommentAction","name":"Comment","target":["https:\/\/fran-caballero.com\/entrevista-en-rofm-valencia\/#respond"]}]},{"@type":"WebPage","@id":"https:\/\/fran-caballero.com\/entrevista-en-rofm-valencia\/","url":"https:\/\/fran-caballero.com\/entrevista-en-rofm-valencia\/","name":"Entrevista en Rofm Valencia -","isPartOf":{"@id":"https:\/\/fran-caballero.com\/#website"},"datePublished":"2020-06-18T00:19:00+00:00","dateModified":"2020-07-10T00:24:27+00:00","description":"Entrevista en Rofm Valencia","breadcrumb":{"@id":"https:\/\/fran-caballero.com\/entrevista-en-rofm-valencia\/#breadcrumb"},"inLanguage":"fr-FR","potentialAction":[{"@type":"ReadAction","target":["https:\/\/fran-caballero.com\/entrevista-en-rofm-valencia\/"]}]},{"@type":"BreadcrumbList","@id":"https:\/\/fran-caballero.com\/entrevista-en-rofm-valencia\/#breadcrumb","itemListElement":[{"@type":"ListItem","position":1,"name":"Portada","item":"https:\/\/fran-caballero.com\/"},{"@type":"ListItem","position":2,"name":"Entrevista en Rofm Valencia"}]},{"@type":"WebSite","@id":"https:\/\/fran-caballero.com\/#website","url":"https:\/\/fran-caballero.com\/","name":"Fran Caballero","description":"Acteur - Auteur","publisher":{"@id":"https:\/\/fran-caballero.com\/#\/schema\/person\/4da0bfac732857d0f97091683c53c107"},"potentialAction":[{"@type":"SearchAction","target":{"@type":"EntryPoint","urlTemplate":"https:\/\/fran-caballero.com\/?s={search_term_string}"},"query-input":"required name=search_term_string"}],"inLanguage":"fr-FR"},{"@type":["Person","Organization"],"@id":"https:\/\/fran-caballero.com\/#\/schema\/person\/4da0bfac732857d0f97091683c53c107","name":"Fran Caballero","image":{"@type":"ImageObject","inLanguage":"fr-FR","@id":"https:\/\/fran-caballero.com\/#\/schema\/person\/image\/","url":"https:\/\/fran-caballero.com\/wp-content\/uploads\/2016\/11\/copy-logofran.jpg","contentUrl":"https:\/\/fran-caballero.com\/wp-content\/uploads\/2016\/11\/copy-logofran.jpg","width":150,"height":57,"caption":"Fran Caballero"},"logo":{"@id":"https:\/\/fran-caballero.com\/#\/schema\/person\/image\/"}},{"@type":"Person","@id":"https:\/\/fran-caballero.com\/#\/schema\/person\/505b29550120200cc090033d887594a3","name":"franca","image":{"@type":"ImageObject","inLanguage":"fr-FR","@id":"https:\/\/fran-caballero.com\/#\/schema\/person\/image\/","url":"https:\/\/secure.gravatar.com\/avatar\/0ceb1c044b557ee7735b14a4e69decbf?s=96&d=mm&r=g","contentUrl":"https:\/\/secure.gravatar.com\/avatar\/0ceb1c044b557ee7735b14a4e69decbf?s=96&d=mm&r=g","caption":"franca"}}]}},"_links":{"self":[{"href":"https:\/\/fran-caballero.com\/fr\/wp-json\/wp\/v2\/posts\/4429"}],"collection":[{"href":"https:\/\/fran-caballero.com\/fr\/wp-json\/wp\/v2\/posts"}],"about":[{"href":"https:\/\/fran-caballero.com\/fr\/wp-json\/wp\/v2\/types\/post"}],"author":[{"embeddable":true,"href":"https:\/\/fran-caballero.com\/fr\/wp-json\/wp\/v2\/users\/3"}],"replies":[{"embeddable":true,"href":"https:\/\/fran-caballero.com\/fr\/wp-json\/wp\/v2\/comments?post=4429"}],"version-history":[{"count":3,"href":"https:\/\/fran-caballero.com\/fr\/wp-json\/wp\/v2\/posts\/4429\/revisions"}],"predecessor-version":[{"id":4433,"href":"https:\/\/fran-caballero.com\/fr\/wp-json\/wp\/v2\/posts\/4429\/revisions\/4433"}],"wp:attachment":[{"href":"https:\/\/fran-caballero.com\/fr\/wp-json\/wp\/v2\/media?parent=4429"}],"wp:term":[{"taxonomy":"category","embeddable":true,"href":"https:\/\/fran-caballero.com\/fr\/wp-json\/wp\/v2\/categories?post=4429"},{"taxonomy":"post_tag","embeddable":true,"href":"https:\/\/fran-caballero.com\/fr\/wp-json\/wp\/v2\/tags?post=4429"}],"curies":[{"name":"wp","href":"https:\/\/api.w.org\/{rel}","templated":true}]}}