{"id":438,"date":"2013-10-02T14:10:00","date_gmt":"2013-10-02T14:10:00","guid":{"rendered":"http:\/\/fran-caballero.com\/ii-la-xata-la-rifa-festiva\/"},"modified":"2016-12-10T14:26:44","modified_gmt":"2016-12-10T14:26:44","slug":"ii-la-xata-la-rifa-festiva","status":"publish","type":"post","link":"https:\/\/fran-caballero.com\/fr\/ii-la-xata-la-rifa-festiva\/","title":{"rendered":"II La Xata La Rifa Festival"},"content":{"rendered":"<div class=\"separator\" style=\"clear: both; text-align: center;\"><b><i>\u00a0<\/i><\/b><\/div>\n<div class=\"separator\" style=\"clear: both; text-align: center;\"><b><i>5 de Octubre de 2013<\/i><\/b><\/div>\n<div class=\"separator\" style=\"clear: both; text-align: center;\"><b><i>\u00a0<\/i><\/b><\/div>\n<div class=\"separator\" style=\"clear: both; text-align: center;\"><b><i>El No-Lugar<\/i><\/b><\/div>\n<div class=\"separator\" style=\"clear: both; text-align: center;\"><b><i>\u00a0<\/i><\/b><\/div>\n<div class=\"separator\" style=\"clear: both; text-align: center;\"><i>aTresManos<\/i><\/div>\n<div class=\"separator\" style=\"clear: both; text-align: center;\"><i>\u00a0<\/i><\/div>\n<div class=\"separator\" style=\"clear: both; text-align: center;\"><i>II La Xata la Rifa festival<\/i><\/div>\n<div class=\"separator\" style=\"clear: both; text-align: center;\"><i>\u00a0<\/i><\/div>\n<div style=\"text-align: center;\"><iframe loading=\"lazy\" src=\"\/\/www.youtube.com\/embed\/r06dVEFqy74\" width=\"560\" height=\"315\" frameborder=\"0\" allowfullscreen=\"allowfullscreen\"><\/iframe><\/div>\n<div class=\"separator\" style=\"clear: both; text-align: center;\"><\/div>\n<div class=\"separator\" style=\"clear: both; text-align: center;\"><\/div>\n<div class=\"separator\" style=\"clear: both; text-align: center;\"><\/div>\n<div class=\"separator\" style=\"clear: both; text-align: center;\"><\/div>\n<div class=\"separator\" style=\"clear: both; text-align: center;\"><b><i>6 de Octubre de 2013<\/i><\/b><\/div>\n<div class=\"separator\" style=\"clear: both; text-align: center;\"><b><i>\u00a0<\/i><\/b><\/div>\n<div class=\"separator\" style=\"clear: both; text-align: center;\"><b><i>Improhibido<\/i><\/b><\/div>\n<div class=\"separator\" style=\"clear: both; text-align: center;\"><i>\u00a0<\/i><\/div>\n<div class=\"separator\" style=\"clear: both; text-align: center;\">Gala &#8220;3,2,1&#8230;\u00a1Alucine!&#8221;<\/div>\n<div class=\"separator\" style=\"clear: both; text-align: center;\"><\/div>\n<div class=\"separator\" style=\"clear: both; text-align: center;\"><i>II La Xata la Rifa festival<\/i><\/div>\n<div class=\"separator\" style=\"clear: both; text-align: center;\"><i>\u00a0<\/i><\/div>\n<div class=\"separator\" style=\"clear: both; text-align: center;\"><a style=\"margin-left: 1em; margin-right: 1em;\" href=\"http:\/\/4.bp.blogspot.com\/-Lt1xhoYeayQ\/UZTve2mUorI\/AAAAAAAAAiw\/dukYFujWv8U\/s1600\/logo_improhibido.png\"><img decoding=\"async\" loading=\"lazy\" src=\"http:\/\/fran-caballero.com\/wp-content\/uploads\/2013\/10\/logo_improhibido.png\" width=\"320\" height=\"226\" border=\"0\" \/><\/a><\/div>\n<div class=\"separator\" style=\"clear: both; text-align: center;\"><\/div>\n<div><\/div>\n<div><\/div>\n<div style=\"text-align: center;\"><b><a href=\"http:\/\/laxatalarifafestival.com\/\" target=\"_blank\">M\u00e1s informaci\u00f3n<\/a><\/b><\/div>\n<div style=\"text-align: center;\"><a href=\"http:\/\/www.\/laxatalarifafestival.com\/\"><b>www.\/laxatalarifafestival.com\/<\/b><\/a><\/div>\n<div class=\"separator\" style=\"clear: both; text-align: center;\"><\/div>\n<div class=\"separator\" style=\"clear: both; text-align: center;\"><\/div>\n<div class=\"separator\" style=\"clear: both; text-align: center;\"><a style=\"margin-left: 1em; margin-right: 1em;\" href=\"http:\/\/2.bp.blogspot.com\/-OIrp7gUZdlU\/UkbhCnJGjlI\/AAAAAAAAArI\/ljPl70wPaHg\/s1600\/La-Xata-la-Rifa-2013.jpg\"><img decoding=\"async\" loading=\"lazy\" src=\"http:\/\/fran-caballero.com\/wp-content\/uploads\/2013\/10\/La-Xata-la-Rifa-2013.jpg\" width=\"452\" height=\"640\" border=\"0\" \/><\/a><\/div>\n<div class=\"separator\" style=\"clear: both; text-align: center;\"><em style=\"background-color: white; border: 0px; color: #373737; font-size: 15px; line-height: 24px; margin: 0px; outline: 0px; padding: 0px; vertical-align: baseline;\">\u00a0<\/em><\/div>\n<div class=\"separator\" style=\"clear: both; text-align: justify;\"><em style=\"background-color: white; border: 0px; font-size: 15px; line-height: 24px; margin: 0px; outline: 0px; padding: 0px; vertical-align: baseline;\">Cada cuadra, un teatru\u00a0<\/em>ye una de les frases que meyor podr\u00eda definir la filosof\u00eda art\u00edstica de la perform\u00e1tica Monica Cofi\u00f1o, tresmutada regularmente na Xata la Rifa, art\u00edfice del festival autoxestion\u00e1u hom\u00f3nimu que fai esti a\u00f1u la so segunda edici\u00f3n, itinerando per distintos puntos del oriente costeru astur ente los d\u00edes 1 y 13 d\u2019ochobre. D\u2019esta, ente la montonera d\u2019acciones previstes, habr\u00e1 tami\u00e9n una timba po\u00e9tika vacuna, que col nome de Pooemuuariu amenizar\u00e1 la gala de la rifa\u2019l s\u00e1badu 12, a partir de les 21:00, na bolera cubierta de Poo.<\/div>\n<div class=\"separator\" style=\"clear: both; text-align: center;\"><a style=\"margin-left: 1em; margin-right: 1em;\" href=\"http:\/\/4.bp.blogspot.com\/-SF7-FyRcy3A\/UkbhDUe8uwI\/AAAAAAAAArM\/3lb3UE-brdY\/s1600\/xata-festival.jpg\"><img decoding=\"async\" loading=\"lazy\" src=\"http:\/\/fran-caballero.com\/wp-content\/uploads\/2013\/10\/xata-festival.jpg\" width=\"451\" height=\"640\" border=\"0\" \/><\/a><\/div>\n<div class=\"separator\" style=\"clear: both; text-align: center;\"><\/div>\n<div style=\"background-color: white; border: 0px; color: #373737; font-size: 15px; line-height: 24px; margin: 0px; outline: 0px; padding: 0px; text-align: justify; vertical-align: baseline;\">Durante los trece intensos d\u00edas de arte rural por las\u00a0caleyas, cuadras\u00a0y prados de los pueblos\u00a0\u00a0habr\u00e1 un<b>\u00a0<\/b><b>muuuuu\u00fasical day con m\u00e1s de 10 grupos, cinEscenas tem\u00e1ticas, una procesion art\u00edstica en Poo, talleres de danza aldea y tareas cotidianas, conVersatorios\u00a0con te\u00f3ricos y cr\u00edticos de la poblaci\u00f3n, un Vacabaret con subasta, Poemuuariu,\u00a0exposiciones vIvas, Vermuuth de bolera y pescad\u00edn, desfile Bovino con la\u00a0<\/b><b>presentaci\u00f3n de la colecci\u00f3n glamuuur vacuno, una\u00a0<\/b><b>tarde para los m\u00e1s Xatines, se bailar\u00e1 la\u00a0Danzaprimaxata en la playa de poo, resistencias y Xataespecifics, FabadaPop, exposiciones, arte terreTual,\u00a0un piano Flotante en Niembro,\u00a0Ciclo terneras Tiernas, se respirar\u00e1 espontaneidad frescura y acontecimientos inigualables, m\u00e1s de 60 artistas alrededor de Llanes y 13 d\u00edas de\u00a0un sinf\u00edn de eventos m\u00e1s que culminar\u00e1n con una Gran Gala en la que se rifar\u00e1 a la Xata,\u00a0y\u00a0que retrasmitiremos por Streaming,\u00a0A quien le tocara la famosa Xata! ? \u00bfser\u00e1 aqu\u00ed ? \u00bftocar\u00e1 en Cuba? \u00bfen Washington d.c.?<\/b>.. buscamos una mirada m\u00e1s intuitiva: el Folklore Animal.<\/div>\n<div style=\"background-color: white; border: 0px; color: #373737; font-family: 'Helvetica Neue', Helvetica, Arial, sans-serif; line-height: 24px; margin: 0px; outline: 0px; padding: 0px; text-align: center; vertical-align: baseline;\"><\/div>\n<div style=\"background-color: white; border: 0px; color: #373737; font-family: 'Helvetica Neue', Helvetica, Arial, sans-serif; line-height: 24px; margin: 0px; outline: 0px; padding: 0px; text-align: justify; vertical-align: baseline;\"><\/div>\n<div style=\"background-color: white; border: 0px; color: #373737; font-family: 'Helvetica Neue', Helvetica, Arial, sans-serif; line-height: 24px; margin: 0px; outline: 0px; padding: 0px; text-align: center; vertical-align: baseline;\"><a style=\"border: 0px; color: #cb712a; font-family: inherit; font-style: inherit; margin: 0px; outline: 0px; padding: 0px; text-decoration: none; vertical-align: baseline;\" href=\"http:\/\/www.errequeerredanza.net\/wordpress\/\" target=\"_blank\">Erre que Erre<\/a><\/div>\n<div style=\"background-color: white; border: 0px; color: #373737; font-family: 'Helvetica Neue', Helvetica, Arial, sans-serif; line-height: 24px; margin: 0px; outline: 0px; padding: 0px; text-align: center; vertical-align: baseline;\"><a style=\"border: 0px; color: #cb712a; font-family: inherit; font-style: inherit; margin: 0px; outline: 0px; padding: 0px; text-decoration: none; vertical-align: baseline;\" href=\"http:\/\/teatroxtremo.es\/\" target=\"_blank\">Teatro Xtremo<\/a><\/div>\n<div style=\"background-color: white; border: 0px; color: #373737; font-family: 'Helvetica Neue', Helvetica, Arial, sans-serif; line-height: 24px; margin: 0px; outline: 0px; padding: 0px; text-align: center; vertical-align: baseline;\">Los Babas<\/div>\n<div style=\"background-color: white; border: 0px; color: #373737; font-family: 'Helvetica Neue', Helvetica, Arial, sans-serif; line-height: 24px; margin: 0px; outline: 0px; padding: 0px; text-align: center; vertical-align: baseline;\">Mari Luz Cristobal<\/div>\n<div style=\"background-color: white; border: 0px; color: #373737; font-family: 'Helvetica Neue', Helvetica, Arial, sans-serif; line-height: 24px; margin: 0px; outline: 0px; padding: 0px; text-align: center; vertical-align: baseline;\"><a style=\"border: 0px; color: #cb712a; font-family: inherit; font-style: inherit; margin: 0px; outline: 0px; padding: 0px; text-decoration: none; vertical-align: baseline;\" href=\"http:\/\/www.mindrevolution.es\/\" target=\"_blank\">Mind Revolution<\/a><\/div>\n<div style=\"background-color: white; border: 0px; color: #373737; font-family: 'Helvetica Neue', Helvetica, Arial, sans-serif; line-height: 24px; margin: 0px; outline: 0px; padding: 0px; text-align: center; vertical-align: baseline;\"><a style=\"border: 0px; color: #cb712a; font-family: inherit; font-style: inherit; margin: 0px; outline: 0px; padding: 0px; text-decoration: none; vertical-align: baseline;\" href=\"http:\/\/rabosdelagartija.wordpress.com\/\" target=\"_blank\">Rabos de Lagartija<\/a><\/div>\n<div style=\"background-color: white; border: 0px; color: #373737; font-family: 'Helvetica Neue', Helvetica, Arial, sans-serif; line-height: 24px; margin: 0px; outline: 0px; padding: 0px; text-align: center; vertical-align: baseline;\">Teresa Mart\u00edn<\/div>\n<div style=\"background-color: white; border: 0px; color: #373737; font-family: 'Helvetica Neue', Helvetica, Arial, sans-serif; line-height: 24px; margin: 0px; outline: 0px; padding: 0px; text-align: center; vertical-align: baseline;\">Pepe Patricio<\/div>\n<div style=\"background-color: white; border: 0px; color: #373737; font-family: 'Helvetica Neue', Helvetica, Arial, sans-serif; line-height: 24px; margin: 0px; outline: 0px; padding: 0px; text-align: center; vertical-align: baseline;\">Lalo Gomes<\/div>\n<div style=\"background-color: white; border: 0px; color: #373737; font-family: 'Helvetica Neue', Helvetica, Arial, sans-serif; line-height: 24px; margin: 0px; outline: 0px; padding: 0px; text-align: center; vertical-align: baseline;\"><a style=\"border: 0px; color: #cb712a; font-family: inherit; font-style: inherit; margin: 0px; outline: 0px; padding: 0px; text-decoration: none; vertical-align: baseline;\" href=\"http:\/\/www.pastaypizzagrossi.com\/\" target=\"_blank\">Fausto Grossi<\/a><\/div>\n<div style=\"background-color: white; border: 0px; color: #373737; font-family: 'Helvetica Neue', Helvetica, Arial, sans-serif; line-height: 24px; margin: 0px; outline: 0px; padding: 0px; text-align: center; vertical-align: baseline;\">Solodos en danza<\/div>\n<div style=\"background-color: white; border: 0px; color: #373737; font-family: 'Helvetica Neue', Helvetica, Arial, sans-serif; line-height: 24px; margin: 0px; outline: 0px; padding: 0px; text-align: center; vertical-align: baseline;\">Colmena<\/div>\n<div style=\"background-color: white; border: 0px; color: #373737; font-family: 'Helvetica Neue', Helvetica, Arial, sans-serif; line-height: 24px; margin: 0px; outline: 0px; padding: 0px; text-align: center; vertical-align: baseline;\">Mohilee<\/div>\n<div style=\"background-color: white; border: 0px; color: #373737; font-family: 'Helvetica Neue', Helvetica, Arial, sans-serif; line-height: 24px; margin: 0px; outline: 0px; padding: 0px; text-align: center; vertical-align: baseline;\">Toli Morilla<\/div>\n<div style=\"background-color: white; border: 0px; color: #373737; font-family: 'Helvetica Neue', Helvetica, Arial, sans-serif; line-height: 24px; margin: 0px; outline: 0px; padding: 0px; text-align: center; vertical-align: baseline;\">\u00d6scar Cornago<\/div>\n<div style=\"background-color: white; border: 0px; color: #373737; font-family: 'Helvetica Neue', Helvetica, Arial, sans-serif; line-height: 24px; margin: 0px; outline: 0px; padding: 0px; text-align: center; vertical-align: baseline;\">Fee Reega<\/div>\n<div style=\"background-color: white; border: 0px; color: #373737; font-family: 'Helvetica Neue', Helvetica, Arial, sans-serif; line-height: 24px; margin: 0px; outline: 0px; padding: 0px; text-align: center; vertical-align: baseline;\">Rosario Granell<\/div>\n<div style=\"background-color: white; border: 0px; color: #373737; font-family: 'Helvetica Neue', Helvetica, Arial, sans-serif; line-height: 24px; margin: 0px; outline: 0px; padding: 0px; text-align: center; vertical-align: baseline;\">Philippe S\u00e9ranne<\/div>\n<div style=\"background-color: white; border: 0px; color: #373737; font-family: 'Helvetica Neue', Helvetica, Arial, sans-serif; line-height: 24px; margin: 0px; outline: 0px; padding: 0px; text-align: center; vertical-align: baseline;\">Voel Martin<\/div>\n<div style=\"background-color: white; border: 0px; color: #373737; font-family: 'Helvetica Neue', Helvetica, Arial, sans-serif; line-height: 24px; margin: 0px; outline: 0px; padding: 0px; text-align: center; vertical-align: baseline;\">Blanca Palamos<\/div>\n<div style=\"background-color: white; border: 0px; color: #373737; font-family: 'Helvetica Neue', Helvetica, Arial, sans-serif; line-height: 24px; margin: 0px; outline: 0px; padding: 0px; text-align: center; vertical-align: baseline;\">Blanca Ortiga<\/div>\n<div style=\"background-color: white; border: 0px; color: #373737; font-family: 'Helvetica Neue', Helvetica, Arial, sans-serif; line-height: 24px; margin: 0px; outline: 0px; padding: 0px; text-align: center; vertical-align: baseline;\">Pablo X. Suarez<\/div>\n<div style=\"background-color: white; border: 0px; color: #373737; font-family: 'Helvetica Neue', Helvetica, Arial, sans-serif; line-height: 24px; margin: 0px; outline: 0px; padding: 0px; text-align: center; vertical-align: baseline;\">Jara Cosculluela<\/div>\n<div style=\"background-color: white; border: 0px; color: #373737; font-family: 'Helvetica Neue', Helvetica, Arial, sans-serif; line-height: 24px; margin: 0px; outline: 0px; padding: 0px; text-align: center; vertical-align: baseline;\">Laura Marcos<\/div>\n<div style=\"background-color: white; border: 0px; color: #373737; font-family: 'Helvetica Neue', Helvetica, Arial, sans-serif; line-height: 24px; margin: 0px; outline: 0px; padding: 0px; text-align: center; vertical-align: baseline;\">Sergio S\u00e1nchez<\/div>\n<div style=\"background-color: white; border: 0px; color: #373737; font-family: 'Helvetica Neue', Helvetica, Arial, sans-serif; line-height: 24px; margin: 0px; outline: 0px; padding: 0px; text-align: center; vertical-align: baseline;\">Poeta Inc\u00f3gnita<\/div>\n<div style=\"background-color: white; border: 0px; color: #373737; font-family: 'Helvetica Neue', Helvetica, Arial, sans-serif; line-height: 24px; margin: 0px; outline: 0px; padding: 0px; text-align: center; vertical-align: baseline;\">Poder\u00edo Vital<\/div>\n<div style=\"background-color: white; border: 0px; color: #373737; font-family: 'Helvetica Neue', Helvetica, Arial, sans-serif; line-height: 24px; margin: 0px; outline: 0px; padding: 0px; text-align: center; vertical-align: baseline;\">Las Lobas<\/div>\n<div style=\"background-color: white; border: 0px; color: #373737; font-family: 'Helvetica Neue', Helvetica, Arial, sans-serif; line-height: 24px; margin: 0px; outline: 0px; padding: 0px; text-align: center; vertical-align: baseline;\">Arif Alfaraz<\/div>\n<div style=\"background-color: white; border: 0px; color: #373737; font-family: 'Helvetica Neue', Helvetica, Arial, sans-serif; line-height: 24px; margin: 0px; outline: 0px; padding: 0px; text-align: center; vertical-align: baseline;\">Antonio Rodr\u00edguez<\/div>\n<div style=\"background-color: white; border: 0px; color: #373737; font-family: 'Helvetica Neue', Helvetica, Arial, sans-serif; line-height: 24px; margin: 0px; outline: 0px; padding: 0px; text-align: center; vertical-align: baseline;\">Antje Rieck<\/div>\n<div style=\"background-color: white; border: 0px; color: #373737; font-family: 'Helvetica Neue', Helvetica, Arial, sans-serif; line-height: 24px; margin: 0px; outline: 0px; padding: 0px; text-align: center; vertical-align: baseline;\">Kian Lian<\/div>\n<div style=\"background-color: white; border: 0px; color: #373737; font-family: 'Helvetica Neue', Helvetica, Arial, sans-serif; line-height: 24px; margin: 0px; outline: 0px; padding: 0px; text-align: center; vertical-align: baseline;\">Lata Muda<\/div>\n<div style=\"background-color: white; border: 0px; color: #373737; font-family: 'Helvetica Neue', Helvetica, Arial, sans-serif; line-height: 24px; margin: 0px; outline: 0px; padding: 0px; text-align: center; vertical-align: baseline;\">Xuacu Amieva<\/div>\n<div style=\"background-color: white; border: 0px; color: #373737; font-family: 'Helvetica Neue', Helvetica, Arial, sans-serif; line-height: 24px; margin: 0px; outline: 0px; padding: 0px; text-align: center; vertical-align: baseline;\">Didier Odieu<\/div>\n<div style=\"background-color: white; border: 0px; color: #373737; font-family: 'Helvetica Neue', Helvetica, Arial, sans-serif; line-height: 24px; margin: 0px; outline: 0px; padding: 0px; text-align: center; vertical-align: baseline;\">Myk Henry<\/div>\n<div style=\"background-color: white; border: 0px; color: #373737; font-family: 'Helvetica Neue', Helvetica, Arial, sans-serif; line-height: 24px; margin: 0px; outline: 0px; padding: 0px; text-align: center; vertical-align: baseline;\">Mirada de Vaca<\/div>\n<div style=\"background-color: white; border: 0px; color: #373737; font-family: 'Helvetica Neue', Helvetica, Arial, sans-serif; line-height: 24px; margin: 0px; outline: 0px; padding: 0px; text-align: center; vertical-align: baseline;\">Breza Cecchini<\/div>\n<div style=\"background-color: white; border: 0px; color: #373737; font-family: 'Helvetica Neue', Helvetica, Arial, sans-serif; line-height: 24px; margin: 0px; outline: 0px; padding: 0px; text-align: center; vertical-align: baseline;\">Swing Ler\u00e9<\/div>\n<div style=\"background-color: white; border: 0px; color: #373737; font-family: 'Helvetica Neue', Helvetica, Arial, sans-serif; line-height: 24px; margin: 0px; outline: 0px; padding: 0px; text-align: center; vertical-align: baseline;\">MacDunnal\u00b4s C\u00edater &amp; Royal Veider Company<\/div>\n<div style=\"background-color: white; border: 0px; color: #373737; font-family: 'Helvetica Neue', Helvetica, Arial, sans-serif; line-height: 24px; margin: 0px; outline: 0px; padding: 0px; text-align: center; vertical-align: baseline;\">A Traque Barraque<\/div>\n<div style=\"background-color: white; border: 0px; color: #373737; font-family: 'Helvetica Neue', Helvetica, Arial, sans-serif; line-height: 24px; margin: 0px; outline: 0px; padding: 0px; text-align: center; vertical-align: baseline;\">Irma Collin<\/div>\n<div style=\"background-color: white; border: 0px; color: #373737; font-family: 'Helvetica Neue', Helvetica, Arial, sans-serif; line-height: 24px; margin: 0px; outline: 0px; padding: 0px; text-align: center; vertical-align: baseline;\">Anabel Santiago<\/div>\n<div style=\"background-color: white; border: 0px; color: #373737; font-family: 'Helvetica Neue', Helvetica, Arial, sans-serif; line-height: 24px; margin: 0px; outline: 0px; padding: 0px; text-align: center; vertical-align: baseline;\">Jake Budenz<\/div>\n<div style=\"background-color: white; border: 0px; color: #373737; font-family: 'Helvetica Neue', Helvetica, Arial, sans-serif; line-height: 24px; margin: 0px; outline: 0px; padding: 0px; text-align: center; vertical-align: baseline;\">Marta Medina<\/div>\n<div style=\"background-color: white; border: 0px; color: #373737; font-family: 'Helvetica Neue', Helvetica, Arial, sans-serif; line-height: 24px; margin: 0px; outline: 0px; padding: 0px; text-align: center; vertical-align: baseline;\">Daniel Franco<\/div>\n<div style=\"background-color: white; border: 0px; color: #373737; font-family: 'Helvetica Neue', Helvetica, Arial, sans-serif; line-height: 24px; margin: 0px; outline: 0px; padding: 0px; text-align: center; vertical-align: baseline;\">Begotxu Grande<\/div>\n<div style=\"background-color: white; border: 0px; color: #373737; font-family: 'Helvetica Neue', Helvetica, Arial, sans-serif; line-height: 24px; margin: 0px; outline: 0px; padding: 0px; text-align: center; vertical-align: baseline;\">Jesus Rubio<\/div>\n<div style=\"background-color: white; border: 0px; color: #373737; font-family: 'Helvetica Neue', Helvetica, Arial, sans-serif; line-height: 24px; margin: 0px; outline: 0px; padding: 0px; text-align: center; vertical-align: baseline;\">Sara Paniagua<\/div>\n<div style=\"background-color: white; border: 0px; color: #373737; font-family: 'Helvetica Neue', Helvetica, Arial, sans-serif; line-height: 24px; margin: 0px; outline: 0px; padding: 0px; text-align: center; vertical-align: baseline;\">Laura Corcuera<\/div>\n<div style=\"background-color: white; border: 0px; color: #373737; font-family: 'Helvetica Neue', Helvetica, Arial, sans-serif; line-height: 24px; margin: 0px; outline: 0px; padding: 0px; text-align: center; vertical-align: baseline;\">Carmen Alcalde<\/div>\n<div style=\"background-color: white; border: 0px; color: #373737; font-family: 'Helvetica Neue', Helvetica, Arial, sans-serif; line-height: 24px; margin: 0px; outline: 0px; padding: 0px; vertical-align: baseline;\">\n<div style=\"text-align: center;\">Plataforma_1.67<\/div>\n<div style=\"text-align: center;\">Los Indianos<\/div>\n<\/div>\n<div style=\"background-color: white; border: 0px; color: #373737; font-family: 'Helvetica Neue', Helvetica, Arial, sans-serif; line-height: 24px; margin: 0px; outline: 0px; padding: 0px; text-align: center; vertical-align: baseline;\">PJomenaje<\/div>\n<div style=\"background-color: white; border: 0px; color: #373737; font-family: 'Helvetica Neue', Helvetica, Arial, sans-serif; line-height: 24px; margin: 0px; outline: 0px; padding: 0px; text-align: center; vertical-align: baseline;\">Enriqueta Morej\u00f3n<\/div>\n<div style=\"background-color: white; border: 0px; color: #373737; font-family: 'Helvetica Neue', Helvetica, Arial, sans-serif; line-height: 24px; margin: 0px; outline: 0px; padding: 0px; text-align: center; vertical-align: baseline;\">Diego el de la Gloria<\/div>\n<div style=\"background-color: white; border: 0px; color: #373737; font-family: 'Helvetica Neue', Helvetica, Arial, sans-serif; line-height: 24px; margin: 0px; outline: 0px; padding: 0px; text-align: center; vertical-align: baseline;\">Aur\u00e9lie Prampart<\/div>\n<div style=\"background-color: white; border: 0px; color: #373737; font-family: 'Helvetica Neue', Helvetica, Arial, sans-serif; line-height: 24px; margin: 0px; outline: 0px; padding: 0px; text-align: center; vertical-align: baseline;\">Carles Gispert<\/div>\n<div style=\"background-color: white; border: 0px; color: #373737; font-family: 'Helvetica Neue', Helvetica, Arial, sans-serif; line-height: 24px; margin: 0px; outline: 0px; padding: 0px; text-align: center; vertical-align: baseline;\">Rebeca Martin<\/div>\n<div style=\"background-color: white; border: 0px; color: #373737; font-family: 'Helvetica Neue', Helvetica, Arial, sans-serif; line-height: 24px; margin: 0px; outline: 0px; padding: 0px; text-align: center; vertical-align: baseline;\">Ruben, Joselito y los nenos del brasil<\/div>\n<div style=\"background-color: white; border: 0px; color: #373737; font-family: 'Helvetica Neue', Helvetica, Arial, sans-serif; line-height: 24px; margin: 0px; outline: 0px; padding: 0px; text-align: center; vertical-align: baseline;\"><b>Improhibido<\/b><\/div>\n<div style=\"background-color: white; border: 0px; color: #373737; font-family: 'Helvetica Neue', Helvetica, Arial, sans-serif; line-height: 24px; margin: 0px; outline: 0px; padding: 0px; text-align: center; vertical-align: baseline;\"><b>aTresManos<\/b><\/div>\n<div style=\"background-color: white; border: 0px; color: #373737; font-family: 'Helvetica Neue', Helvetica, Arial, sans-serif; line-height: 24px; margin: 0px; outline: 0px; padding: 0px; text-align: center; vertical-align: baseline;\">Alicia Pilarte<\/div>\n<div style=\"background-color: white; border: 0px; color: #373737; font-family: 'Helvetica Neue', Helvetica, Arial, sans-serif; line-height: 24px; margin: 0px; outline: 0px; padding: 0px; text-align: center; vertical-align: baseline;\">Agustin Pilarte<\/div>\n<div style=\"background-color: white; border: 0px; color: #373737; font-family: 'Helvetica Neue', Helvetica, Arial, sans-serif; line-height: 24px; margin: 0px; outline: 0px; padding: 0px; text-align: center; vertical-align: baseline;\">Patrick San Miguel<\/div>\n<div style=\"background-color: white; border: 0px; color: #373737; font-family: 'Helvetica Neue', Helvetica, Arial, sans-serif; line-height: 24px; margin: 0px; outline: 0px; padding: 0px; text-align: center; vertical-align: baseline;\">Chus Cuchillas<\/div>\n<div style=\"background-color: white; border: 0px; color: #373737; font-family: 'Helvetica Neue', Helvetica, Arial, sans-serif; line-height: 24px; margin: 0px; outline: 0px; padding: 0px; text-align: center; vertical-align: baseline;\">Magda Arance<\/div>\n<div style=\"background-color: white; border: 0px; color: #373737; font-family: 'Helvetica Neue', Helvetica, Arial, sans-serif; line-height: 24px; margin: 0px; outline: 0px; padding: 0px; text-align: center; vertical-align: baseline;\">Kiko Miyares<\/div>\n<div style=\"background-color: white; border: 0px; color: #373737; font-family: 'Helvetica Neue', Helvetica, Arial, sans-serif; line-height: 24px; margin: 0px; outline: 0px; padding: 0px; text-align: center; vertical-align: baseline;\">744km Teatro<\/div>\n<div style=\"background-color: white; border: 0px; color: #373737; font-family: 'Helvetica Neue', Helvetica, Arial, sans-serif; line-height: 24px; margin: 0px; outline: 0px; padding: 0px; text-align: center; vertical-align: baseline;\">Mercedes Cano<\/div>\n<div style=\"background-color: white; border: 0px; color: #373737; font-family: 'Helvetica Neue', Helvetica, Arial, sans-serif; line-height: 24px; margin: 0px; outline: 0px; padding: 0px; vertical-align: baseline;\">\n<div style=\"border: 0px; font-family: inherit; font-style: inherit; margin-bottom: 1.625em; outline: 0px; padding: 0px; text-align: center; vertical-align: baseline;\">Buen Suceso<\/div>\n<div style=\"border: 0px; font-family: inherit; font-style: inherit; margin: 0px; outline: 0px; padding: 0px; text-align: center; vertical-align: baseline;\">La Jeringosa<\/div>\n<div style=\"border: 0px; font-family: inherit; font-style: inherit; margin: 0px; outline: 0px; padding: 0px; text-align: center; vertical-align: baseline;\">Jose y su vacaBaret<\/div>\n<div style=\"border: 0px; font-family: inherit; font-style: inherit; margin: 0px; outline: 0px; padding: 0px; text-align: center; vertical-align: baseline;\">Tilo\u00a0Camorra<\/div>\n<div style=\"border: 0px; font-family: inherit; font-style: inherit; margin: 0px; outline: 0px; padding: 0px; text-align: center; vertical-align: baseline;\">Pilar Sampedro<\/div>\n<div style=\"border: 0px; font-family: inherit; font-style: inherit; margin: 0px; outline: 0px; padding: 0px; text-align: center; vertical-align: baseline;\">Six and you<\/div>\n<\/div>\n<div style=\"background-color: white; border: 0px; color: #373737; font-family: 'Helvetica Neue', Helvetica, Arial, sans-serif; line-height: 24px; margin: 0px; outline: 0px; padding: 0px; text-align: center; vertical-align: baseline;\">Stuka-Fabrika<\/div>\n<div style=\"background-color: white; border: 0px; color: #373737; font-family: 'Helvetica Neue', Helvetica, Arial, sans-serif; line-height: 24px; margin: 0px; outline: 0px; padding: 0px; vertical-align: baseline;\">\n<div style=\"text-align: center;\">Pablo Und Destruktion<\/div>\n<div style=\"text-align: center;\">FLG-Llanes22<\/div>\n<\/div>\n","protected":false},"excerpt":{"rendered":"<p>\u00a0 5 de Octubre de 2013 \u00a0 El No-Lugar \u00a0 aTresManos \u00a0 II La Xata la Rifa festival \u00a0 6 de Octubre de 2013 \u00a0 Improhibido \u00a0 Gala &#8220;3,2,1&#8230;\u00a1Alucine!&#8221; II&#8230;<\/p>\n","protected":false},"author":3,"featured_media":0,"comment_status":"open","ping_status":"open","sticky":false,"template":"","format":"standard","meta":[],"categories":[7],"tags":[204],"translation":{"provider":"WPGlobus","version":"2.10.10","language":"fr","enabled_languages":["es","en","fr"],"languages":{"es":{"title":true,"content":true,"excerpt":false},"en":{"title":false,"content":false,"excerpt":false},"fr":{"title":false,"content":false,"excerpt":false}}},"yoast_head":"<!-- This site is optimized with the Yoast SEO plugin v20.5 - https:\/\/yoast.com\/wordpress\/plugins\/seo\/ -->\n<title>II La Xata La Rifa Festival - Fran Caballero<\/title>\n<meta name=\"robots\" content=\"index, follow, max-snippet:-1, max-image-preview:large, max-video-preview:-1\" \/>\n<link rel=\"canonical\" href=\"https:\/\/fran-caballero.com\/en\/ii-la-xata-la-rifa-festiva\/\" \/>\n<meta property=\"og:locale\" content=\"fr_FR\" \/>\n<meta property=\"og:type\" content=\"article\" \/>\n<meta property=\"og:title\" content=\"II La Xata La Rifa Festival - Fran Caballero\" \/>\n<meta property=\"og:url\" content=\"https:\/\/fran-caballero.com\/en\/ii-la-xata-la-rifa-festiva\/\" \/>\n<meta property=\"og:site_name\" content=\"Fran Caballero\" \/>\n<meta property=\"article:published_time\" content=\"2013-10-02T14:10:00+00:00\" \/>\n<meta property=\"article:modified_time\" content=\"2016-12-10T14:26:44+00:00\" \/>\n<meta property=\"og:image\" content=\"http:\/\/fran-caballero.com\/wp-content\/uploads\/2013\/10\/logo_improhibido.png\" \/>\n<meta name=\"author\" content=\"franca\" \/>\n<meta name=\"twitter:card\" content=\"summary_large_image\" \/>\n<meta name=\"twitter:creator\" content=\"@francaballer0\" \/>\n<meta name=\"twitter:site\" content=\"@francaballer0\" \/>\n<meta name=\"twitter:label1\" content=\"\u00c9crit par\" \/>\n\t<meta name=\"twitter:data1\" content=\"franca\" \/>\n\t<meta name=\"twitter:label2\" content=\"Dur\u00e9e de lecture estim\u00e9e\" \/>\n\t<meta name=\"twitter:data2\" content=\"3 minutes\" \/>\n<script type=\"application\/ld+json\" class=\"yoast-schema-graph\">{\"@context\":\"https:\/\/schema.org\",\"@graph\":[{\"@type\":\"Article\",\"@id\":\"https:\/\/fran-caballero.com\/en\/ii-la-xata-la-rifa-festiva\/#article\",\"isPartOf\":{\"@id\":\"https:\/\/fran-caballero.com\/en\/ii-la-xata-la-rifa-festiva\/\"},\"author\":{\"name\":\"franca\",\"@id\":\"https:\/\/fran-caballero.com\/#\/schema\/person\/505b29550120200cc090033d887594a3\"},\"headline\":\"II La Xata La Rifa Festival\",\"datePublished\":\"2013-10-02T14:10:00+00:00\",\"dateModified\":\"2016-12-10T14:26:44+00:00\",\"mainEntityOfPage\":{\"@id\":\"https:\/\/fran-caballero.com\/en\/ii-la-xata-la-rifa-festiva\/\"},\"wordCount\":506,\"commentCount\":0,\"publisher\":{\"@id\":\"https:\/\/fran-caballero.com\/#\/schema\/person\/4da0bfac732857d0f97091683c53c107\"},\"keywords\":[\"el no-lugar atresmanos micro teatro improhibido improvisaci\u00f3n teatral la xata la rifa festival p\u00f3o balmori niembro porr\u00faa\"],\"articleSection\":[\"Blog\"],\"inLanguage\":\"fr-FR\",\"potentialAction\":[{\"@type\":\"CommentAction\",\"name\":\"Comment\",\"target\":[\"https:\/\/fran-caballero.com\/en\/ii-la-xata-la-rifa-festiva\/#respond\"]}]},{\"@type\":\"WebPage\",\"@id\":\"https:\/\/fran-caballero.com\/en\/ii-la-xata-la-rifa-festiva\/\",\"url\":\"https:\/\/fran-caballero.com\/en\/ii-la-xata-la-rifa-festiva\/\",\"name\":\"II La Xata La Rifa Festival - Fran Caballero\",\"isPartOf\":{\"@id\":\"https:\/\/fran-caballero.com\/#website\"},\"datePublished\":\"2013-10-02T14:10:00+00:00\",\"dateModified\":\"2016-12-10T14:26:44+00:00\",\"description\":\"Web de Fran Caballero - Actor y Creador\",\"breadcrumb\":{\"@id\":\"https:\/\/fran-caballero.com\/en\/ii-la-xata-la-rifa-festiva\/#breadcrumb\"},\"inLanguage\":\"fr-FR\",\"potentialAction\":[{\"@type\":\"ReadAction\",\"target\":[\"https:\/\/fran-caballero.com\/en\/ii-la-xata-la-rifa-festiva\/\"]}]},{\"@type\":\"BreadcrumbList\",\"@id\":\"https:\/\/fran-caballero.com\/en\/ii-la-xata-la-rifa-festiva\/#breadcrumb\",\"itemListElement\":[{\"@type\":\"ListItem\",\"position\":1,\"name\":\"Portada\",\"item\":\"https:\/\/fran-caballero.com\/\"},{\"@type\":\"ListItem\",\"position\":2,\"name\":\"II La Xata La Rifa Festival\"}]},{\"@type\":\"WebSite\",\"@id\":\"https:\/\/fran-caballero.com\/#website\",\"url\":\"https:\/\/fran-caballero.com\/\",\"name\":\"Fran Caballero\",\"description\":\"Acteur - Auteur\",\"publisher\":{\"@id\":\"https:\/\/fran-caballero.com\/#\/schema\/person\/4da0bfac732857d0f97091683c53c107\"},\"potentialAction\":[{\"@type\":\"SearchAction\",\"target\":{\"@type\":\"EntryPoint\",\"urlTemplate\":\"https:\/\/fran-caballero.com\/?s={search_term_string}\"},\"query-input\":\"required name=search_term_string\"}],\"inLanguage\":\"fr-FR\"},{\"@type\":[\"Person\",\"Organization\"],\"@id\":\"https:\/\/fran-caballero.com\/#\/schema\/person\/4da0bfac732857d0f97091683c53c107\",\"name\":\"Fran Caballero\",\"image\":{\"@type\":\"ImageObject\",\"inLanguage\":\"fr-FR\",\"@id\":\"https:\/\/fran-caballero.com\/#\/schema\/person\/image\/\",\"url\":\"https:\/\/fran-caballero.com\/wp-content\/uploads\/2016\/11\/copy-logofran.jpg\",\"contentUrl\":\"https:\/\/fran-caballero.com\/wp-content\/uploads\/2016\/11\/copy-logofran.jpg\",\"width\":150,\"height\":57,\"caption\":\"Fran Caballero\"},\"logo\":{\"@id\":\"https:\/\/fran-caballero.com\/#\/schema\/person\/image\/\"}},{\"@type\":\"Person\",\"@id\":\"https:\/\/fran-caballero.com\/#\/schema\/person\/505b29550120200cc090033d887594a3\",\"name\":\"franca\",\"image\":{\"@type\":\"ImageObject\",\"inLanguage\":\"fr-FR\",\"@id\":\"https:\/\/fran-caballero.com\/#\/schema\/person\/image\/\",\"url\":\"https:\/\/secure.gravatar.com\/avatar\/0ceb1c044b557ee7735b14a4e69decbf?s=96&d=mm&r=g\",\"contentUrl\":\"https:\/\/secure.gravatar.com\/avatar\/0ceb1c044b557ee7735b14a4e69decbf?s=96&d=mm&r=g\",\"caption\":\"franca\"}}]}<\/script>\n<!-- \/ Yoast SEO plugin. -->","yoast_head_json":{"title":"II La Xata La Rifa Festival - Fran Caballero","robots":{"index":"index","follow":"follow","max-snippet":"max-snippet:-1","max-image-preview":"max-image-preview:large","max-video-preview":"max-video-preview:-1"},"canonical":"https:\/\/fran-caballero.com\/en\/ii-la-xata-la-rifa-festiva\/","og_locale":"fr_FR","og_type":"article","og_title":"II La Xata La Rifa Festival - Fran Caballero","og_url":"https:\/\/fran-caballero.com\/en\/ii-la-xata-la-rifa-festiva\/","og_site_name":"Fran Caballero","article_published_time":"2013-10-02T14:10:00+00:00","article_modified_time":"2016-12-10T14:26:44+00:00","og_image":[{"url":"http:\/\/fran-caballero.com\/wp-content\/uploads\/2013\/10\/logo_improhibido.png"}],"author":"franca","twitter_card":"summary_large_image","twitter_creator":"@francaballer0","twitter_site":"@francaballer0","twitter_misc":{"\u00c9crit par":"franca","Dur\u00e9e de lecture estim\u00e9e":"3 minutes"},"schema":{"@context":"https:\/\/schema.org","@graph":[{"@type":"Article","@id":"https:\/\/fran-caballero.com\/en\/ii-la-xata-la-rifa-festiva\/#article","isPartOf":{"@id":"https:\/\/fran-caballero.com\/en\/ii-la-xata-la-rifa-festiva\/"},"author":{"name":"franca","@id":"https:\/\/fran-caballero.com\/#\/schema\/person\/505b29550120200cc090033d887594a3"},"headline":"II La Xata La Rifa Festival","datePublished":"2013-10-02T14:10:00+00:00","dateModified":"2016-12-10T14:26:44+00:00","mainEntityOfPage":{"@id":"https:\/\/fran-caballero.com\/en\/ii-la-xata-la-rifa-festiva\/"},"wordCount":506,"commentCount":0,"publisher":{"@id":"https:\/\/fran-caballero.com\/#\/schema\/person\/4da0bfac732857d0f97091683c53c107"},"keywords":["el no-lugar atresmanos micro teatro improhibido improvisaci\u00f3n teatral la xata la rifa festival p\u00f3o balmori niembro porr\u00faa"],"articleSection":["Blog"],"inLanguage":"fr-FR","potentialAction":[{"@type":"CommentAction","name":"Comment","target":["https:\/\/fran-caballero.com\/en\/ii-la-xata-la-rifa-festiva\/#respond"]}]},{"@type":"WebPage","@id":"https:\/\/fran-caballero.com\/en\/ii-la-xata-la-rifa-festiva\/","url":"https:\/\/fran-caballero.com\/en\/ii-la-xata-la-rifa-festiva\/","name":"II La Xata La Rifa Festival - Fran Caballero","isPartOf":{"@id":"https:\/\/fran-caballero.com\/#website"},"datePublished":"2013-10-02T14:10:00+00:00","dateModified":"2016-12-10T14:26:44+00:00","description":"Web de Fran Caballero - Actor y Creador","breadcrumb":{"@id":"https:\/\/fran-caballero.com\/en\/ii-la-xata-la-rifa-festiva\/#breadcrumb"},"inLanguage":"fr-FR","potentialAction":[{"@type":"ReadAction","target":["https:\/\/fran-caballero.com\/en\/ii-la-xata-la-rifa-festiva\/"]}]},{"@type":"BreadcrumbList","@id":"https:\/\/fran-caballero.com\/en\/ii-la-xata-la-rifa-festiva\/#breadcrumb","itemListElement":[{"@type":"ListItem","position":1,"name":"Portada","item":"https:\/\/fran-caballero.com\/"},{"@type":"ListItem","position":2,"name":"II La Xata La Rifa Festival"}]},{"@type":"WebSite","@id":"https:\/\/fran-caballero.com\/#website","url":"https:\/\/fran-caballero.com\/","name":"Fran Caballero","description":"Acteur - Auteur","publisher":{"@id":"https:\/\/fran-caballero.com\/#\/schema\/person\/4da0bfac732857d0f97091683c53c107"},"potentialAction":[{"@type":"SearchAction","target":{"@type":"EntryPoint","urlTemplate":"https:\/\/fran-caballero.com\/?s={search_term_string}"},"query-input":"required name=search_term_string"}],"inLanguage":"fr-FR"},{"@type":["Person","Organization"],"@id":"https:\/\/fran-caballero.com\/#\/schema\/person\/4da0bfac732857d0f97091683c53c107","name":"Fran Caballero","image":{"@type":"ImageObject","inLanguage":"fr-FR","@id":"https:\/\/fran-caballero.com\/#\/schema\/person\/image\/","url":"https:\/\/fran-caballero.com\/wp-content\/uploads\/2016\/11\/copy-logofran.jpg","contentUrl":"https:\/\/fran-caballero.com\/wp-content\/uploads\/2016\/11\/copy-logofran.jpg","width":150,"height":57,"caption":"Fran Caballero"},"logo":{"@id":"https:\/\/fran-caballero.com\/#\/schema\/person\/image\/"}},{"@type":"Person","@id":"https:\/\/fran-caballero.com\/#\/schema\/person\/505b29550120200cc090033d887594a3","name":"franca","image":{"@type":"ImageObject","inLanguage":"fr-FR","@id":"https:\/\/fran-caballero.com\/#\/schema\/person\/image\/","url":"https:\/\/secure.gravatar.com\/avatar\/0ceb1c044b557ee7735b14a4e69decbf?s=96&d=mm&r=g","contentUrl":"https:\/\/secure.gravatar.com\/avatar\/0ceb1c044b557ee7735b14a4e69decbf?s=96&d=mm&r=g","caption":"franca"}}]}},"_links":{"self":[{"href":"https:\/\/fran-caballero.com\/fr\/wp-json\/wp\/v2\/posts\/438"}],"collection":[{"href":"https:\/\/fran-caballero.com\/fr\/wp-json\/wp\/v2\/posts"}],"about":[{"href":"https:\/\/fran-caballero.com\/fr\/wp-json\/wp\/v2\/types\/post"}],"author":[{"embeddable":true,"href":"https:\/\/fran-caballero.com\/fr\/wp-json\/wp\/v2\/users\/3"}],"replies":[{"embeddable":true,"href":"https:\/\/fran-caballero.com\/fr\/wp-json\/wp\/v2\/comments?post=438"}],"version-history":[{"count":3,"href":"https:\/\/fran-caballero.com\/fr\/wp-json\/wp\/v2\/posts\/438\/revisions"}],"predecessor-version":[{"id":2345,"href":"https:\/\/fran-caballero.com\/fr\/wp-json\/wp\/v2\/posts\/438\/revisions\/2345"}],"wp:attachment":[{"href":"https:\/\/fran-caballero.com\/fr\/wp-json\/wp\/v2\/media?parent=438"}],"wp:term":[{"taxonomy":"category","embeddable":true,"href":"https:\/\/fran-caballero.com\/fr\/wp-json\/wp\/v2\/categories?post=438"},{"taxonomy":"post_tag","embeddable":true,"href":"https:\/\/fran-caballero.com\/fr\/wp-json\/wp\/v2\/tags?post=438"}],"curies":[{"name":"wp","href":"https:\/\/api.w.org\/{rel}","templated":true}]}}