{"id":4302,"date":"2020-03-05T11:57:00","date_gmt":"2020-03-05T11:57:00","guid":{"rendered":"https:\/\/fran-caballero.com\/?p=4302"},"modified":"2020-03-20T14:03:04","modified_gmt":"2020-03-20T14:03:04","slug":"muestra-improvisacion-teatral-aplicada-a-la-intervencion-social","status":"publish","type":"post","link":"https:\/\/fran-caballero.com\/fr\/muestra-improvisacion-teatral-aplicada-a-la-intervencion-social\/","title":{"rendered":"Muestra \u00abImprovisaci\u00f3n teatral aplicada a la intervenci\u00f3n social\u00bb"},"content":{"rendered":"\n<p>El 7 de marzo, el Taller de Improvisaci\u00f3n Teatral mostrar\u00e1 el trabajo desarrolado durante el curso.<\/p>\n\n\n\n<figure class=\"wp-block-gallery columns-1 is-cropped wp-block-gallery-1 is-layout-flex\"><ul class=\"blocks-gallery-grid\"><li class=\"blocks-gallery-item\"><figure><img decoding=\"async\" loading=\"lazy\" width=\"960\" height=\"960\" src=\"https:\/\/fran-caballero.com\/wp-content\/uploads\/2020\/03\/Impro.jpg\" alt=\"\" data-id=\"4303\" data-full-url=\"https:\/\/fran-caballero.com\/wp-content\/uploads\/2020\/03\/Impro.jpg\" data-link=\"https:\/\/fran-caballero.com\/?attachment_id=4303\" class=\"wp-image-4303\" srcset=\"https:\/\/fran-caballero.com\/wp-content\/uploads\/2020\/03\/Impro.jpg 960w, https:\/\/fran-caballero.com\/wp-content\/uploads\/2020\/03\/Impro-300x300.jpg 300w, https:\/\/fran-caballero.com\/wp-content\/uploads\/2020\/03\/Impro-150x150.jpg 150w, https:\/\/fran-caballero.com\/wp-content\/uploads\/2020\/03\/Impro-768x768.jpg 768w, https:\/\/fran-caballero.com\/wp-content\/uploads\/2020\/03\/Impro-380x380.jpg 380w\" sizes=\"(max-width: 960px) 100vw, 960px\" \/><\/figure><\/li><\/ul><figcaption class=\"blocks-gallery-caption\">Taller de improvisaci\u00f3n teatral aplicada a la intervenci\u00f3n social. Facilita: Fran Caballero<\/figcaption><\/figure>\n\n\n\n<p><strong>De<\/strong>sde el Centro de Informaci\u00f3n Juvenil de Marchena se informa que el pr\u00f3ximo 7 de marzo a las a las 20:30 horas en la Sala Carreras los alumnos y alumnas del Taller de Improvisaci\u00f3n que facilita Fran Cabllero dentro del Programa Experiencias Creativas de Diputaci\u00f3n de Sevilla, pondr\u00e1n en escena una nueva actuaci\u00f3n para mostrarnos el trabajo realizado durante los meses de desarrollo de esta nueva edici\u00f3n. El evento est\u00e1 dirigido a todos los p\u00fablicos y la entrada ser\u00e1 por invitaci\u00f3n y sin ella hasta completar el aforo.<\/p>\n\n\n\n<p>La tem\u00e1tica de esta nueva obra se basa en el papel de los actores\/improvisadores, organizados en dos equipos que se ver\u00e1n las caras en el escenario. Un \u00e1rbitro anuncia los temas -sugeridos por el p\u00fablico-, y controla el buen desarrollo del juego. Los improvisadores (por equipos) tendr\u00e1n que improvisar en el momento sus escenas teatrales. Es el p\u00fablico qui\u00e9n vota y decide qu\u00e9 equipo hace la mejor improvisaci\u00f3n teatral.<\/p>\n\n\n\n<p>Se anuncian muchas risas, y un espect\u00e1culo cooperativo, competitivo y totalmente improvisado.<\/p>\n\n\n\n<iframe loading=\"lazy\" width=\"560\" height=\"315\" src=\"https:\/\/www.youtube.com\/embed\/hqpvJI1JeiA\" frameborder=\"0\" allow=\"accelerometer; autoplay; encrypted-media; gyroscope; picture-in-picture\" allowfullscreen><\/iframe>\n\n\n\n<p><\/p>\n","protected":false},"excerpt":{"rendered":"<p>El 7 de marzo, el Taller de Improvisaci\u00f3n Teatral mostrar\u00e1 el trabajo desarrolado durante el curso. Desde el Centro de Informaci\u00f3n Juvenil de Marchena se informa que el pr\u00f3ximo 7&#8230;<\/p>\n","protected":false},"author":3,"featured_media":4306,"comment_status":"open","ping_status":"open","sticky":false,"template":"","format":"standard","meta":[],"categories":[7],"tags":[394,424,302,402,425,423,390,388,426],"translation":{"provider":"WPGlobus","version":"2.10.10","language":"fr","enabled_languages":["es","en","fr"],"languages":{"es":{"title":true,"content":true,"excerpt":false},"en":{"title":false,"content":false,"excerpt":false},"fr":{"title":false,"content":false,"excerpt":false}}},"yoast_head":"<!-- This site is optimized with the Yoast SEO plugin v20.5 - https:\/\/yoast.com\/wordpress\/plugins\/seo\/ -->\n<title>Muestra \u00abImprovisaci\u00f3n teatral aplicada a la intervenci\u00f3n social\u00bb -<\/title>\n<meta name=\"robots\" content=\"index, follow, max-snippet:-1, max-image-preview:large, max-video-preview:-1\" \/>\n<link rel=\"canonical\" href=\"https:\/\/fran-caballero.com\/fr\/muestra-improvisacion-teatral-aplicada-a-la-intervencion-social\/\" \/>\n<meta property=\"og:locale\" content=\"fr_FR\" \/>\n<meta property=\"og:type\" content=\"article\" \/>\n<meta property=\"og:title\" content=\"Taller Improvisaci\u00f3n Teatral\" \/>\n<meta property=\"og:description\" content=\"En la Sala Carreras los alumnos y alumnas del Taller de Improvisaci\u00f3n que facilita Fran Cabllero dentro del Programa Experiencias Creativas de Diputaci\u00f3n de Sevilla\" \/>\n<meta property=\"og:url\" content=\"https:\/\/fran-caballero.com\/fr\/muestra-improvisacion-teatral-aplicada-a-la-intervencion-social\/\" \/>\n<meta property=\"og:site_name\" content=\"Fran Caballero\" \/>\n<meta property=\"article:published_time\" content=\"2020-03-05T11:57:00+00:00\" \/>\n<meta property=\"article:modified_time\" content=\"2020-03-20T14:03:04+00:00\" \/>\n<meta property=\"og:image\" content=\"https:\/\/fran-caballero.com\/wp-content\/uploads\/2020\/03\/Impro-Taller.jpg\" \/>\n\t<meta property=\"og:image:width\" content=\"900\" \/>\n\t<meta property=\"og:image:height\" content=\"300\" \/>\n\t<meta property=\"og:image:type\" content=\"image\/jpeg\" \/>\n<meta name=\"author\" content=\"franca\" \/>\n<meta name=\"twitter:card\" content=\"summary_large_image\" \/>\n<meta name=\"twitter:title\" content=\"Taller de Improvisaci\u00f3n Teatral\" \/>\n<meta name=\"twitter:description\" content=\"En la Sala Carreras los alumnos y alumnas del Taller de Improvisaci\u00f3n que facilita Fran Cabllero dentro del Programa Experiencias Creativas de Diputaci\u00f3n de Sevilla\" \/>\n<meta name=\"twitter:image\" content=\"https:\/\/fran-caballero.com\/wp-content\/uploads\/2020\/03\/Impro-Taller.jpg\" \/>\n<meta name=\"twitter:creator\" content=\"@francaballer0\" \/>\n<meta name=\"twitter:site\" content=\"@francaballer0\" \/>\n<meta name=\"twitter:label1\" content=\"\u00c9crit par\" \/>\n\t<meta name=\"twitter:data1\" content=\"franca\" \/>\n\t<meta name=\"twitter:label2\" content=\"Dur\u00e9e de lecture estim\u00e9e\" \/>\n\t<meta name=\"twitter:data2\" content=\"1 minute\" \/>\n<script type=\"application\/ld+json\" class=\"yoast-schema-graph\">{\"@context\":\"https:\/\/schema.org\",\"@graph\":[{\"@type\":\"Article\",\"@id\":\"https:\/\/fran-caballero.com\/fr\/muestra-improvisacion-teatral-aplicada-a-la-intervencion-social\/#article\",\"isPartOf\":{\"@id\":\"https:\/\/fran-caballero.com\/fr\/muestra-improvisacion-teatral-aplicada-a-la-intervencion-social\/\"},\"author\":{\"name\":\"franca\",\"@id\":\"https:\/\/fran-caballero.com\/#\/schema\/person\/505b29550120200cc090033d887594a3\"},\"headline\":\"Muestra \u00abImprovisaci\u00f3n teatral aplicada a la intervenci\u00f3n social\u00bb\",\"datePublished\":\"2020-03-05T11:57:00+00:00\",\"dateModified\":\"2020-03-20T14:03:04+00:00\",\"mainEntityOfPage\":{\"@id\":\"https:\/\/fran-caballero.com\/fr\/muestra-improvisacion-teatral-aplicada-a-la-intervencion-social\/\"},\"wordCount\":225,\"commentCount\":0,\"publisher\":{\"@id\":\"https:\/\/fran-caballero.com\/#\/schema\/person\/4da0bfac732857d0f97091683c53c107\"},\"keywords\":[\"Clases Teatro\",\"director teatro\",\"impro\",\"Improv\",\"inclusi\u00f3n social\",\"profesor teatro\",\"Taller Impro\",\"Taller Teatro\",\"teatro social\"],\"articleSection\":[\"Blog\"],\"inLanguage\":\"fr-FR\",\"potentialAction\":[{\"@type\":\"CommentAction\",\"name\":\"Comment\",\"target\":[\"https:\/\/fran-caballero.com\/fr\/muestra-improvisacion-teatral-aplicada-a-la-intervencion-social\/#respond\"]}]},{\"@type\":\"WebPage\",\"@id\":\"https:\/\/fran-caballero.com\/fr\/muestra-improvisacion-teatral-aplicada-a-la-intervencion-social\/\",\"url\":\"https:\/\/fran-caballero.com\/fr\/muestra-improvisacion-teatral-aplicada-a-la-intervencion-social\/\",\"name\":\"Muestra \u00abImprovisaci\u00f3n teatral aplicada a la intervenci\u00f3n social\u00bb -\",\"isPartOf\":{\"@id\":\"https:\/\/fran-caballero.com\/#website\"},\"datePublished\":\"2020-03-05T11:57:00+00:00\",\"dateModified\":\"2020-03-20T14:03:04+00:00\",\"description\":\"En la Sala Carreras los alumnos y alumnas del Taller de Improvisaci\u00f3n que facilita Fran Cabllero dentro del Programa Experiencias Creativas de Diputaci\u00f3n de Sevilla\",\"breadcrumb\":{\"@id\":\"https:\/\/fran-caballero.com\/fr\/muestra-improvisacion-teatral-aplicada-a-la-intervencion-social\/#breadcrumb\"},\"inLanguage\":\"fr-FR\",\"potentialAction\":[{\"@type\":\"ReadAction\",\"target\":[\"https:\/\/fran-caballero.com\/fr\/muestra-improvisacion-teatral-aplicada-a-la-intervencion-social\/\"]}]},{\"@type\":\"BreadcrumbList\",\"@id\":\"https:\/\/fran-caballero.com\/fr\/muestra-improvisacion-teatral-aplicada-a-la-intervencion-social\/#breadcrumb\",\"itemListElement\":[{\"@type\":\"ListItem\",\"position\":1,\"name\":\"Portada\",\"item\":\"https:\/\/fran-caballero.com\/\"},{\"@type\":\"ListItem\",\"position\":2,\"name\":\"Muestra \u00abImprovisaci\u00f3n teatral aplicada a la intervenci\u00f3n social\u00bb\"}]},{\"@type\":\"WebSite\",\"@id\":\"https:\/\/fran-caballero.com\/#website\",\"url\":\"https:\/\/fran-caballero.com\/\",\"name\":\"Fran Caballero\",\"description\":\"Acteur - Auteur\",\"publisher\":{\"@id\":\"https:\/\/fran-caballero.com\/#\/schema\/person\/4da0bfac732857d0f97091683c53c107\"},\"potentialAction\":[{\"@type\":\"SearchAction\",\"target\":{\"@type\":\"EntryPoint\",\"urlTemplate\":\"https:\/\/fran-caballero.com\/?s={search_term_string}\"},\"query-input\":\"required name=search_term_string\"}],\"inLanguage\":\"fr-FR\"},{\"@type\":[\"Person\",\"Organization\"],\"@id\":\"https:\/\/fran-caballero.com\/#\/schema\/person\/4da0bfac732857d0f97091683c53c107\",\"name\":\"Fran Caballero\",\"image\":{\"@type\":\"ImageObject\",\"inLanguage\":\"fr-FR\",\"@id\":\"https:\/\/fran-caballero.com\/#\/schema\/person\/image\/\",\"url\":\"https:\/\/fran-caballero.com\/wp-content\/uploads\/2016\/11\/copy-logofran.jpg\",\"contentUrl\":\"https:\/\/fran-caballero.com\/wp-content\/uploads\/2016\/11\/copy-logofran.jpg\",\"width\":150,\"height\":57,\"caption\":\"Fran Caballero\"},\"logo\":{\"@id\":\"https:\/\/fran-caballero.com\/#\/schema\/person\/image\/\"}},{\"@type\":\"Person\",\"@id\":\"https:\/\/fran-caballero.com\/#\/schema\/person\/505b29550120200cc090033d887594a3\",\"name\":\"franca\",\"image\":{\"@type\":\"ImageObject\",\"inLanguage\":\"fr-FR\",\"@id\":\"https:\/\/fran-caballero.com\/#\/schema\/person\/image\/\",\"url\":\"https:\/\/secure.gravatar.com\/avatar\/0ceb1c044b557ee7735b14a4e69decbf?s=96&d=mm&r=g\",\"contentUrl\":\"https:\/\/secure.gravatar.com\/avatar\/0ceb1c044b557ee7735b14a4e69decbf?s=96&d=mm&r=g\",\"caption\":\"franca\"}}]}<\/script>\n<!-- \/ Yoast SEO plugin. -->","yoast_head_json":{"title":"Muestra \u00abImprovisaci\u00f3n teatral aplicada a la intervenci\u00f3n social\u00bb -","robots":{"index":"index","follow":"follow","max-snippet":"max-snippet:-1","max-image-preview":"max-image-preview:large","max-video-preview":"max-video-preview:-1"},"canonical":"https:\/\/fran-caballero.com\/fr\/muestra-improvisacion-teatral-aplicada-a-la-intervencion-social\/","og_locale":"fr_FR","og_type":"article","og_title":"Taller Improvisaci\u00f3n Teatral","og_description":"En la Sala Carreras los alumnos y alumnas del Taller de Improvisaci\u00f3n que facilita Fran Cabllero dentro del Programa Experiencias Creativas de Diputaci\u00f3n de Sevilla","og_url":"https:\/\/fran-caballero.com\/fr\/muestra-improvisacion-teatral-aplicada-a-la-intervencion-social\/","og_site_name":"Fran Caballero","article_published_time":"2020-03-05T11:57:00+00:00","article_modified_time":"2020-03-20T14:03:04+00:00","og_image":[{"width":900,"height":300,"url":"https:\/\/fran-caballero.com\/wp-content\/uploads\/2020\/03\/Impro-Taller.jpg","type":"image\/jpeg"}],"author":"franca","twitter_card":"summary_large_image","twitter_title":"Taller de Improvisaci\u00f3n Teatral","twitter_description":"En la Sala Carreras los alumnos y alumnas del Taller de Improvisaci\u00f3n que facilita Fran Cabllero dentro del Programa Experiencias Creativas de Diputaci\u00f3n de Sevilla","twitter_image":"https:\/\/fran-caballero.com\/wp-content\/uploads\/2020\/03\/Impro-Taller.jpg","twitter_creator":"@francaballer0","twitter_site":"@francaballer0","twitter_misc":{"\u00c9crit par":"franca","Dur\u00e9e de lecture estim\u00e9e":"1 minute"},"schema":{"@context":"https:\/\/schema.org","@graph":[{"@type":"Article","@id":"https:\/\/fran-caballero.com\/fr\/muestra-improvisacion-teatral-aplicada-a-la-intervencion-social\/#article","isPartOf":{"@id":"https:\/\/fran-caballero.com\/fr\/muestra-improvisacion-teatral-aplicada-a-la-intervencion-social\/"},"author":{"name":"franca","@id":"https:\/\/fran-caballero.com\/#\/schema\/person\/505b29550120200cc090033d887594a3"},"headline":"Muestra \u00abImprovisaci\u00f3n teatral aplicada a la intervenci\u00f3n social\u00bb","datePublished":"2020-03-05T11:57:00+00:00","dateModified":"2020-03-20T14:03:04+00:00","mainEntityOfPage":{"@id":"https:\/\/fran-caballero.com\/fr\/muestra-improvisacion-teatral-aplicada-a-la-intervencion-social\/"},"wordCount":225,"commentCount":0,"publisher":{"@id":"https:\/\/fran-caballero.com\/#\/schema\/person\/4da0bfac732857d0f97091683c53c107"},"keywords":["Clases Teatro","director teatro","impro","Improv","inclusi\u00f3n social","profesor teatro","Taller Impro","Taller Teatro","teatro social"],"articleSection":["Blog"],"inLanguage":"fr-FR","potentialAction":[{"@type":"CommentAction","name":"Comment","target":["https:\/\/fran-caballero.com\/fr\/muestra-improvisacion-teatral-aplicada-a-la-intervencion-social\/#respond"]}]},{"@type":"WebPage","@id":"https:\/\/fran-caballero.com\/fr\/muestra-improvisacion-teatral-aplicada-a-la-intervencion-social\/","url":"https:\/\/fran-caballero.com\/fr\/muestra-improvisacion-teatral-aplicada-a-la-intervencion-social\/","name":"Muestra \u00abImprovisaci\u00f3n teatral aplicada a la intervenci\u00f3n social\u00bb -","isPartOf":{"@id":"https:\/\/fran-caballero.com\/#website"},"datePublished":"2020-03-05T11:57:00+00:00","dateModified":"2020-03-20T14:03:04+00:00","description":"En la Sala Carreras los alumnos y alumnas del Taller de Improvisaci\u00f3n que facilita Fran Cabllero dentro del Programa Experiencias Creativas de Diputaci\u00f3n de Sevilla","breadcrumb":{"@id":"https:\/\/fran-caballero.com\/fr\/muestra-improvisacion-teatral-aplicada-a-la-intervencion-social\/#breadcrumb"},"inLanguage":"fr-FR","potentialAction":[{"@type":"ReadAction","target":["https:\/\/fran-caballero.com\/fr\/muestra-improvisacion-teatral-aplicada-a-la-intervencion-social\/"]}]},{"@type":"BreadcrumbList","@id":"https:\/\/fran-caballero.com\/fr\/muestra-improvisacion-teatral-aplicada-a-la-intervencion-social\/#breadcrumb","itemListElement":[{"@type":"ListItem","position":1,"name":"Portada","item":"https:\/\/fran-caballero.com\/"},{"@type":"ListItem","position":2,"name":"Muestra \u00abImprovisaci\u00f3n teatral aplicada a la intervenci\u00f3n social\u00bb"}]},{"@type":"WebSite","@id":"https:\/\/fran-caballero.com\/#website","url":"https:\/\/fran-caballero.com\/","name":"Fran Caballero","description":"Acteur - Auteur","publisher":{"@id":"https:\/\/fran-caballero.com\/#\/schema\/person\/4da0bfac732857d0f97091683c53c107"},"potentialAction":[{"@type":"SearchAction","target":{"@type":"EntryPoint","urlTemplate":"https:\/\/fran-caballero.com\/?s={search_term_string}"},"query-input":"required name=search_term_string"}],"inLanguage":"fr-FR"},{"@type":["Person","Organization"],"@id":"https:\/\/fran-caballero.com\/#\/schema\/person\/4da0bfac732857d0f97091683c53c107","name":"Fran Caballero","image":{"@type":"ImageObject","inLanguage":"fr-FR","@id":"https:\/\/fran-caballero.com\/#\/schema\/person\/image\/","url":"https:\/\/fran-caballero.com\/wp-content\/uploads\/2016\/11\/copy-logofran.jpg","contentUrl":"https:\/\/fran-caballero.com\/wp-content\/uploads\/2016\/11\/copy-logofran.jpg","width":150,"height":57,"caption":"Fran Caballero"},"logo":{"@id":"https:\/\/fran-caballero.com\/#\/schema\/person\/image\/"}},{"@type":"Person","@id":"https:\/\/fran-caballero.com\/#\/schema\/person\/505b29550120200cc090033d887594a3","name":"franca","image":{"@type":"ImageObject","inLanguage":"fr-FR","@id":"https:\/\/fran-caballero.com\/#\/schema\/person\/image\/","url":"https:\/\/secure.gravatar.com\/avatar\/0ceb1c044b557ee7735b14a4e69decbf?s=96&d=mm&r=g","contentUrl":"https:\/\/secure.gravatar.com\/avatar\/0ceb1c044b557ee7735b14a4e69decbf?s=96&d=mm&r=g","caption":"franca"}}]}},"_links":{"self":[{"href":"https:\/\/fran-caballero.com\/fr\/wp-json\/wp\/v2\/posts\/4302"}],"collection":[{"href":"https:\/\/fran-caballero.com\/fr\/wp-json\/wp\/v2\/posts"}],"about":[{"href":"https:\/\/fran-caballero.com\/fr\/wp-json\/wp\/v2\/types\/post"}],"author":[{"embeddable":true,"href":"https:\/\/fran-caballero.com\/fr\/wp-json\/wp\/v2\/users\/3"}],"replies":[{"embeddable":true,"href":"https:\/\/fran-caballero.com\/fr\/wp-json\/wp\/v2\/comments?post=4302"}],"version-history":[{"count":5,"href":"https:\/\/fran-caballero.com\/fr\/wp-json\/wp\/v2\/posts\/4302\/revisions"}],"predecessor-version":[{"id":4345,"href":"https:\/\/fran-caballero.com\/fr\/wp-json\/wp\/v2\/posts\/4302\/revisions\/4345"}],"wp:featuredmedia":[{"embeddable":true,"href":"https:\/\/fran-caballero.com\/fr\/wp-json\/wp\/v2\/media\/4306"}],"wp:attachment":[{"href":"https:\/\/fran-caballero.com\/fr\/wp-json\/wp\/v2\/media?parent=4302"}],"wp:term":[{"taxonomy":"category","embeddable":true,"href":"https:\/\/fran-caballero.com\/fr\/wp-json\/wp\/v2\/categories?post=4302"},{"taxonomy":"post_tag","embeddable":true,"href":"https:\/\/fran-caballero.com\/fr\/wp-json\/wp\/v2\/tags?post=4302"}],"curies":[{"name":"wp","href":"https:\/\/api.w.org\/{rel}","templated":true}]}}