{"id":3775,"date":"2018-10-04T15:19:34","date_gmt":"2018-10-04T15:19:34","guid":{"rendered":"https:\/\/fran-caballero.com\/?p=3775"},"modified":"2018-10-30T15:38:43","modified_gmt":"2018-10-30T15:38:43","slug":"improductivos-show-8-temporadas","status":"publish","type":"post","link":"https:\/\/fran-caballero.com\/fr\/improductivos-show-8-temporadas\/","title":{"rendered":"Improductivos Show! 8\u00aa Temporada"},"content":{"rendered":"<p><i>Improductivos Teatro<\/i>\u00a0 vuelve este Viernes con nuestro espect\u00e1culo\u00a0<i>Improductivos Show!<\/i>\u00a0en su ya 8\u00aa Temporada.\u00a0<i>Alejandro Negrillo<\/i>,\u00a0<i>Germ\u00e1n Santori<\/i>,\u00a0<i>Alba Povedano<\/i>\u00a0y\u00a0<i>Fran Caballero<\/i>\u00a0dan vida a las improvisaciones de este show de humor totalmente improvisado donde el p\u00fablico es el verdadero protagonista.<\/p>\n<p><span style=\"font-family: Arial, Helvetica, sans-serif;\">La compa\u00f1\u00eda presenta este espect\u00e1culo caracterizado por su humor r\u00e1pido y fresco. Esta compa\u00f1\u00eda especializada en improvisaci\u00f3n teatral ha recorrido toda Espa\u00f1a e incluso han traspasado fronteras hasta Portugal, M\u00e9xico o Per\u00fa. En\u00a0<i>Improductivos Show!<\/i>, los actores improvisan escenas con sugerencias del p\u00fablico, que tiene un papel fundamental en el transcurso de la funci\u00f3n, en una comedia improvisada trepidante y llena de risas. Todo comienza cuando se le solicita al p\u00fablico una simple palabra. A partir de ah\u00ed, todo se disparata en carcajadas y los asistentes siguen realizando propuestas a los actores que tendr\u00e1n que escenificar esas ideas al instante.<\/span><br \/>\n<span style=\"font-family: Arial, Helvetica, sans-serif;\">Este Viernes, 5 de Octubre a las 22:00 h, arrancan su 8\u00aa temporada en Sala Holiday (C\/Jes\u00fas del Gran Poder, 73) y que adem\u00e1s se podr\u00e1 disfrutar, de manera peri\u00f3dica, cada dos semanas en el mismo lugar.<\/span><\/p>\n<div id='gallery-1' class='gallery galleryid-3775 gallery-columns-4 gallery-size-medium'><figure class='gallery-item'>\n\t\t\t<div class='gallery-icon landscape'>\n\t\t\t\t<a href='https:\/\/fran-caballero.com\/fr\/improductivos-show-8-temporadas\/improductivos-temporada-8\/'><img width=\"300\" height=\"261\" src=\"https:\/\/fran-caballero.com\/wp-content\/uploads\/2018\/10\/Improductivos-Temporada-8-300x261.jpg\" class=\"attachment-medium size-medium\" alt=\"\" decoding=\"async\" loading=\"lazy\" srcset=\"https:\/\/fran-caballero.com\/wp-content\/uploads\/2018\/10\/Improductivos-Temporada-8-300x261.jpg 300w, https:\/\/fran-caballero.com\/wp-content\/uploads\/2018\/10\/Improductivos-Temporada-8-768x668.jpg 768w, https:\/\/fran-caballero.com\/wp-content\/uploads\/2018\/10\/Improductivos-Temporada-8-1024x891.jpg 1024w\" sizes=\"(max-width: 300px) 100vw, 300px\" \/><\/a>\n\t\t\t<\/div><\/figure><figure class='gallery-item'>\n\t\t\t<div class='gallery-icon landscape'>\n\t\t\t\t<a href='https:\/\/fran-caballero.com\/fr\/improductivos-show-8-temporadas\/improductivos-temporada-8-c\/'><img width=\"300\" height=\"202\" src=\"https:\/\/fran-caballero.com\/wp-content\/uploads\/2018\/10\/Improductivos-Temporada-8-c-300x202.jpg\" class=\"attachment-medium size-medium\" alt=\"\" decoding=\"async\" loading=\"lazy\" srcset=\"https:\/\/fran-caballero.com\/wp-content\/uploads\/2018\/10\/Improductivos-Temporada-8-c-300x202.jpg 300w, https:\/\/fran-caballero.com\/wp-content\/uploads\/2018\/10\/Improductivos-Temporada-8-c-768x518.jpg 768w, https:\/\/fran-caballero.com\/wp-content\/uploads\/2018\/10\/Improductivos-Temporada-8-c-1024x691.jpg 1024w\" sizes=\"(max-width: 300px) 100vw, 300px\" \/><\/a>\n\t\t\t<\/div><\/figure><figure class='gallery-item'>\n\t\t\t<div class='gallery-icon landscape'>\n\t\t\t\t<a href='https:\/\/fran-caballero.com\/fr\/improductivos-show-8-temporadas\/ni5b8848-2-editar-2-editar\/'><img width=\"300\" height=\"232\" src=\"https:\/\/fran-caballero.com\/wp-content\/uploads\/2018\/10\/NI5B8848-2-Editar-2-Editar-300x232.jpg\" class=\"attachment-medium size-medium\" alt=\"\" decoding=\"async\" loading=\"lazy\" srcset=\"https:\/\/fran-caballero.com\/wp-content\/uploads\/2018\/10\/NI5B8848-2-Editar-2-Editar-300x232.jpg 300w, https:\/\/fran-caballero.com\/wp-content\/uploads\/2018\/10\/NI5B8848-2-Editar-2-Editar-768x594.jpg 768w, https:\/\/fran-caballero.com\/wp-content\/uploads\/2018\/10\/NI5B8848-2-Editar-2-Editar-1024x792.jpg 1024w\" sizes=\"(max-width: 300px) 100vw, 300px\" \/><\/a>\n\t\t\t<\/div><\/figure><figure class='gallery-item'>\n\t\t\t<div class='gallery-icon portrait'>\n\t\t\t\t<a href='https:\/\/fran-caballero.com\/fr\/improductivos-show-8-temporadas\/rrss\/'><img width=\"224\" height=\"300\" src=\"https:\/\/fran-caballero.com\/wp-content\/uploads\/2018\/10\/RRSS-224x300.jpg\" class=\"attachment-medium size-medium\" alt=\"\" decoding=\"async\" loading=\"lazy\" srcset=\"https:\/\/fran-caballero.com\/wp-content\/uploads\/2018\/10\/RRSS-224x300.jpg 224w, https:\/\/fran-caballero.com\/wp-content\/uploads\/2018\/10\/RRSS.jpg 718w\" sizes=\"(max-width: 224px) 100vw, 224px\" \/><\/a>\n\t\t\t<\/div><\/figure>\n\t\t<\/div>\n\n","protected":false},"excerpt":{"rendered":"<p>Improductivos Teatro\u00a0 vuelve este Viernes con nuestro espect\u00e1culo\u00a0Improductivos Show!\u00a0en su ya 8\u00aa Temporada.\u00a0Alejandro Negrillo,\u00a0Germ\u00e1n Santori,\u00a0Alba Povedano\u00a0y\u00a0Fran Caballero\u00a0dan vida a las improvisaciones de este show de humor totalmente improvisado donde el&#8230;<\/p>\n","protected":false},"author":3,"featured_media":3784,"comment_status":"open","ping_status":"open","sticky":false,"template":"","format":"standard","meta":[],"categories":[7],"tags":[],"translation":{"provider":"WPGlobus","version":"2.10.10","language":"fr","enabled_languages":["es","en","fr"],"languages":{"es":{"title":true,"content":true,"excerpt":false},"en":{"title":false,"content":false,"excerpt":false},"fr":{"title":false,"content":false,"excerpt":false}}},"yoast_head":"<!-- This site is optimized with the Yoast SEO plugin v20.5 - https:\/\/yoast.com\/wordpress\/plugins\/seo\/ -->\n<title>Improductivos Show! 8\u00aa Temporada - Fran Caballero<\/title>\n<meta name=\"robots\" content=\"index, follow, max-snippet:-1, max-image-preview:large, max-video-preview:-1\" \/>\n<link rel=\"canonical\" href=\"https:\/\/fran-caballero.com\/improductivos-show-8-temporadas\/\" \/>\n<meta property=\"og:locale\" content=\"fr_FR\" \/>\n<meta property=\"og:type\" content=\"article\" \/>\n<meta property=\"og:title\" content=\"Improductivos Show! 8\u00aa Temporada - Fran Caballero\" \/>\n<meta property=\"og:url\" content=\"https:\/\/fran-caballero.com\/improductivos-show-8-temporadas\/\" \/>\n<meta property=\"og:site_name\" content=\"Fran Caballero\" \/>\n<meta property=\"article:published_time\" content=\"2018-10-04T15:19:34+00:00\" \/>\n<meta property=\"article:modified_time\" content=\"2018-10-30T15:38:43+00:00\" \/>\n<meta property=\"og:image\" content=\"https:\/\/fran-caballero.com\/wp-content\/uploads\/2018\/10\/Improductivos-Temporada-8-2018-19.jpg\" \/>\n\t<meta property=\"og:image:width\" content=\"800\" \/>\n\t<meta property=\"og:image:height\" content=\"300\" \/>\n\t<meta property=\"og:image:type\" content=\"image\/jpeg\" \/>\n<meta name=\"author\" content=\"franca\" \/>\n<meta name=\"twitter:card\" content=\"summary_large_image\" \/>\n<meta name=\"twitter:creator\" content=\"@francaballer0\" \/>\n<meta name=\"twitter:site\" content=\"@francaballer0\" \/>\n<meta name=\"twitter:label1\" content=\"\u00c9crit par\" \/>\n\t<meta name=\"twitter:data1\" content=\"franca\" \/>\n\t<meta name=\"twitter:label2\" content=\"Dur\u00e9e de lecture estim\u00e9e\" \/>\n\t<meta name=\"twitter:data2\" content=\"1 minute\" \/>\n<script type=\"application\/ld+json\" class=\"yoast-schema-graph\">{\"@context\":\"https:\/\/schema.org\",\"@graph\":[{\"@type\":\"Article\",\"@id\":\"https:\/\/fran-caballero.com\/improductivos-show-8-temporadas\/#article\",\"isPartOf\":{\"@id\":\"https:\/\/fran-caballero.com\/improductivos-show-8-temporadas\/\"},\"author\":{\"name\":\"franca\",\"@id\":\"https:\/\/fran-caballero.com\/#\/schema\/person\/505b29550120200cc090033d887594a3\"},\"headline\":\"Improductivos Show! 8\u00aa Temporada\",\"datePublished\":\"2018-10-04T15:19:34+00:00\",\"dateModified\":\"2018-10-30T15:38:43+00:00\",\"mainEntityOfPage\":{\"@id\":\"https:\/\/fran-caballero.com\/improductivos-show-8-temporadas\/\"},\"wordCount\":201,\"commentCount\":0,\"publisher\":{\"@id\":\"https:\/\/fran-caballero.com\/#\/schema\/person\/4da0bfac732857d0f97091683c53c107\"},\"articleSection\":[\"Blog\"],\"inLanguage\":\"fr-FR\",\"potentialAction\":[{\"@type\":\"CommentAction\",\"name\":\"Comment\",\"target\":[\"https:\/\/fran-caballero.com\/improductivos-show-8-temporadas\/#respond\"]}]},{\"@type\":\"WebPage\",\"@id\":\"https:\/\/fran-caballero.com\/improductivos-show-8-temporadas\/\",\"url\":\"https:\/\/fran-caballero.com\/improductivos-show-8-temporadas\/\",\"name\":\"Improductivos Show! 8\u00aa Temporada - Fran Caballero\",\"isPartOf\":{\"@id\":\"https:\/\/fran-caballero.com\/#website\"},\"datePublished\":\"2018-10-04T15:19:34+00:00\",\"dateModified\":\"2018-10-30T15:38:43+00:00\",\"description\":\"Web de Fran Caballero - Actor y Creador\",\"breadcrumb\":{\"@id\":\"https:\/\/fran-caballero.com\/improductivos-show-8-temporadas\/#breadcrumb\"},\"inLanguage\":\"fr-FR\",\"potentialAction\":[{\"@type\":\"ReadAction\",\"target\":[\"https:\/\/fran-caballero.com\/improductivos-show-8-temporadas\/\"]}]},{\"@type\":\"BreadcrumbList\",\"@id\":\"https:\/\/fran-caballero.com\/improductivos-show-8-temporadas\/#breadcrumb\",\"itemListElement\":[{\"@type\":\"ListItem\",\"position\":1,\"name\":\"Portada\",\"item\":\"https:\/\/fran-caballero.com\/\"},{\"@type\":\"ListItem\",\"position\":2,\"name\":\"Improductivos Show! 8\u00aa Temporada\"}]},{\"@type\":\"WebSite\",\"@id\":\"https:\/\/fran-caballero.com\/#website\",\"url\":\"https:\/\/fran-caballero.com\/\",\"name\":\"Fran Caballero\",\"description\":\"Acteur - Auteur\",\"publisher\":{\"@id\":\"https:\/\/fran-caballero.com\/#\/schema\/person\/4da0bfac732857d0f97091683c53c107\"},\"potentialAction\":[{\"@type\":\"SearchAction\",\"target\":{\"@type\":\"EntryPoint\",\"urlTemplate\":\"https:\/\/fran-caballero.com\/?s={search_term_string}\"},\"query-input\":\"required name=search_term_string\"}],\"inLanguage\":\"fr-FR\"},{\"@type\":[\"Person\",\"Organization\"],\"@id\":\"https:\/\/fran-caballero.com\/#\/schema\/person\/4da0bfac732857d0f97091683c53c107\",\"name\":\"Fran Caballero\",\"image\":{\"@type\":\"ImageObject\",\"inLanguage\":\"fr-FR\",\"@id\":\"https:\/\/fran-caballero.com\/#\/schema\/person\/image\/\",\"url\":\"https:\/\/fran-caballero.com\/wp-content\/uploads\/2016\/11\/copy-logofran.jpg\",\"contentUrl\":\"https:\/\/fran-caballero.com\/wp-content\/uploads\/2016\/11\/copy-logofran.jpg\",\"width\":150,\"height\":57,\"caption\":\"Fran Caballero\"},\"logo\":{\"@id\":\"https:\/\/fran-caballero.com\/#\/schema\/person\/image\/\"}},{\"@type\":\"Person\",\"@id\":\"https:\/\/fran-caballero.com\/#\/schema\/person\/505b29550120200cc090033d887594a3\",\"name\":\"franca\",\"image\":{\"@type\":\"ImageObject\",\"inLanguage\":\"fr-FR\",\"@id\":\"https:\/\/fran-caballero.com\/#\/schema\/person\/image\/\",\"url\":\"https:\/\/secure.gravatar.com\/avatar\/0ceb1c044b557ee7735b14a4e69decbf?s=96&d=mm&r=g\",\"contentUrl\":\"https:\/\/secure.gravatar.com\/avatar\/0ceb1c044b557ee7735b14a4e69decbf?s=96&d=mm&r=g\",\"caption\":\"franca\"}}]}<\/script>\n<!-- \/ Yoast SEO plugin. -->","yoast_head_json":{"title":"Improductivos Show! 8\u00aa Temporada - Fran Caballero","robots":{"index":"index","follow":"follow","max-snippet":"max-snippet:-1","max-image-preview":"max-image-preview:large","max-video-preview":"max-video-preview:-1"},"canonical":"https:\/\/fran-caballero.com\/improductivos-show-8-temporadas\/","og_locale":"fr_FR","og_type":"article","og_title":"Improductivos Show! 8\u00aa Temporada - Fran Caballero","og_url":"https:\/\/fran-caballero.com\/improductivos-show-8-temporadas\/","og_site_name":"Fran Caballero","article_published_time":"2018-10-04T15:19:34+00:00","article_modified_time":"2018-10-30T15:38:43+00:00","og_image":[{"width":800,"height":300,"url":"https:\/\/fran-caballero.com\/wp-content\/uploads\/2018\/10\/Improductivos-Temporada-8-2018-19.jpg","type":"image\/jpeg"}],"author":"franca","twitter_card":"summary_large_image","twitter_creator":"@francaballer0","twitter_site":"@francaballer0","twitter_misc":{"\u00c9crit par":"franca","Dur\u00e9e de lecture estim\u00e9e":"1 minute"},"schema":{"@context":"https:\/\/schema.org","@graph":[{"@type":"Article","@id":"https:\/\/fran-caballero.com\/improductivos-show-8-temporadas\/#article","isPartOf":{"@id":"https:\/\/fran-caballero.com\/improductivos-show-8-temporadas\/"},"author":{"name":"franca","@id":"https:\/\/fran-caballero.com\/#\/schema\/person\/505b29550120200cc090033d887594a3"},"headline":"Improductivos Show! 8\u00aa Temporada","datePublished":"2018-10-04T15:19:34+00:00","dateModified":"2018-10-30T15:38:43+00:00","mainEntityOfPage":{"@id":"https:\/\/fran-caballero.com\/improductivos-show-8-temporadas\/"},"wordCount":201,"commentCount":0,"publisher":{"@id":"https:\/\/fran-caballero.com\/#\/schema\/person\/4da0bfac732857d0f97091683c53c107"},"articleSection":["Blog"],"inLanguage":"fr-FR","potentialAction":[{"@type":"CommentAction","name":"Comment","target":["https:\/\/fran-caballero.com\/improductivos-show-8-temporadas\/#respond"]}]},{"@type":"WebPage","@id":"https:\/\/fran-caballero.com\/improductivos-show-8-temporadas\/","url":"https:\/\/fran-caballero.com\/improductivos-show-8-temporadas\/","name":"Improductivos Show! 8\u00aa Temporada - Fran Caballero","isPartOf":{"@id":"https:\/\/fran-caballero.com\/#website"},"datePublished":"2018-10-04T15:19:34+00:00","dateModified":"2018-10-30T15:38:43+00:00","description":"Web de Fran Caballero - Actor y Creador","breadcrumb":{"@id":"https:\/\/fran-caballero.com\/improductivos-show-8-temporadas\/#breadcrumb"},"inLanguage":"fr-FR","potentialAction":[{"@type":"ReadAction","target":["https:\/\/fran-caballero.com\/improductivos-show-8-temporadas\/"]}]},{"@type":"BreadcrumbList","@id":"https:\/\/fran-caballero.com\/improductivos-show-8-temporadas\/#breadcrumb","itemListElement":[{"@type":"ListItem","position":1,"name":"Portada","item":"https:\/\/fran-caballero.com\/"},{"@type":"ListItem","position":2,"name":"Improductivos Show! 8\u00aa Temporada"}]},{"@type":"WebSite","@id":"https:\/\/fran-caballero.com\/#website","url":"https:\/\/fran-caballero.com\/","name":"Fran Caballero","description":"Acteur - Auteur","publisher":{"@id":"https:\/\/fran-caballero.com\/#\/schema\/person\/4da0bfac732857d0f97091683c53c107"},"potentialAction":[{"@type":"SearchAction","target":{"@type":"EntryPoint","urlTemplate":"https:\/\/fran-caballero.com\/?s={search_term_string}"},"query-input":"required name=search_term_string"}],"inLanguage":"fr-FR"},{"@type":["Person","Organization"],"@id":"https:\/\/fran-caballero.com\/#\/schema\/person\/4da0bfac732857d0f97091683c53c107","name":"Fran Caballero","image":{"@type":"ImageObject","inLanguage":"fr-FR","@id":"https:\/\/fran-caballero.com\/#\/schema\/person\/image\/","url":"https:\/\/fran-caballero.com\/wp-content\/uploads\/2016\/11\/copy-logofran.jpg","contentUrl":"https:\/\/fran-caballero.com\/wp-content\/uploads\/2016\/11\/copy-logofran.jpg","width":150,"height":57,"caption":"Fran Caballero"},"logo":{"@id":"https:\/\/fran-caballero.com\/#\/schema\/person\/image\/"}},{"@type":"Person","@id":"https:\/\/fran-caballero.com\/#\/schema\/person\/505b29550120200cc090033d887594a3","name":"franca","image":{"@type":"ImageObject","inLanguage":"fr-FR","@id":"https:\/\/fran-caballero.com\/#\/schema\/person\/image\/","url":"https:\/\/secure.gravatar.com\/avatar\/0ceb1c044b557ee7735b14a4e69decbf?s=96&d=mm&r=g","contentUrl":"https:\/\/secure.gravatar.com\/avatar\/0ceb1c044b557ee7735b14a4e69decbf?s=96&d=mm&r=g","caption":"franca"}}]}},"_links":{"self":[{"href":"https:\/\/fran-caballero.com\/fr\/wp-json\/wp\/v2\/posts\/3775"}],"collection":[{"href":"https:\/\/fran-caballero.com\/fr\/wp-json\/wp\/v2\/posts"}],"about":[{"href":"https:\/\/fran-caballero.com\/fr\/wp-json\/wp\/v2\/types\/post"}],"author":[{"embeddable":true,"href":"https:\/\/fran-caballero.com\/fr\/wp-json\/wp\/v2\/users\/3"}],"replies":[{"embeddable":true,"href":"https:\/\/fran-caballero.com\/fr\/wp-json\/wp\/v2\/comments?post=3775"}],"version-history":[{"count":4,"href":"https:\/\/fran-caballero.com\/fr\/wp-json\/wp\/v2\/posts\/3775\/revisions"}],"predecessor-version":[{"id":3811,"href":"https:\/\/fran-caballero.com\/fr\/wp-json\/wp\/v2\/posts\/3775\/revisions\/3811"}],"wp:featuredmedia":[{"embeddable":true,"href":"https:\/\/fran-caballero.com\/fr\/wp-json\/wp\/v2\/media\/3784"}],"wp:attachment":[{"href":"https:\/\/fran-caballero.com\/fr\/wp-json\/wp\/v2\/media?parent=3775"}],"wp:term":[{"taxonomy":"category","embeddable":true,"href":"https:\/\/fran-caballero.com\/fr\/wp-json\/wp\/v2\/categories?post=3775"},{"taxonomy":"post_tag","embeddable":true,"href":"https:\/\/fran-caballero.com\/fr\/wp-json\/wp\/v2\/tags?post=3775"}],"curies":[{"name":"wp","href":"https:\/\/api.w.org\/{rel}","templated":true}]}}