{"id":355,"date":"2015-10-29T12:05:00","date_gmt":"2015-10-29T12:05:00","guid":{"rendered":"http:\/\/fran-caballero.com\/action-circ-ole-durante-el-festiva\/"},"modified":"2016-12-05T02:15:42","modified_gmt":"2016-12-05T02:15:42","slug":"action-circ-ole-durante-el-festiva","status":"publish","type":"post","link":"https:\/\/fran-caballero.com\/fr\/action-circ-ole-durante-el-festiva\/","title":{"rendered":"Action! Clic-Ol\u00e9. Festival d&#8217;Avignon 2015"},"content":{"rendered":"<p><iframe loading=\"lazy\" width=\"640\" height=\"360\" src=\"https:\/\/www.youtube.com\/embed\/im3ugsyueT8?feature=oembed\" frameborder=\"0\" allowfullscreen><\/iframe><\/p>\n","protected":false},"excerpt":{"rendered":"","protected":false},"author":3,"featured_media":0,"comment_status":"open","ping_status":"open","sticky":false,"template":"","format":"standard","meta":[],"categories":[7],"tags":[95],"translation":{"provider":"WPGlobus","version":"2.10.10","language":"fr","enabled_languages":["es","en","fr"],"languages":{"es":{"title":true,"content":true,"excerpt":false},"en":{"title":true,"content":true,"excerpt":false},"fr":{"title":true,"content":true,"excerpt":false}}},"yoast_head":"<!-- This site is optimized with the Yoast SEO plugin v20.5 - https:\/\/yoast.com\/wordpress\/plugins\/seo\/ -->\n<title>Action! Clic-Ol\u00e9. Festival d&#039;Avignon 2015 - Fran Caballero<\/title>\n<meta name=\"robots\" content=\"index, follow, max-snippet:-1, max-image-preview:large, max-video-preview:-1\" \/>\n<link rel=\"canonical\" href=\"https:\/\/fran-caballero.com\/action-circ-ole-durante-el-festiva\/\" \/>\n<meta property=\"og:locale\" content=\"fr_FR\" \/>\n<meta property=\"og:type\" content=\"article\" \/>\n<meta property=\"og:title\" content=\"Action! Clic-Ol\u00e9. Festival d&#039;Avignon 2015 - Fran Caballero\" \/>\n<meta property=\"og:url\" content=\"https:\/\/fran-caballero.com\/action-circ-ole-durante-el-festiva\/\" \/>\n<meta property=\"og:site_name\" content=\"Fran Caballero\" \/>\n<meta property=\"article:published_time\" content=\"2015-10-29T12:05:00+00:00\" \/>\n<meta property=\"article:modified_time\" content=\"2016-12-05T02:15:42+00:00\" \/>\n<meta name=\"author\" content=\"franca\" \/>\n<meta name=\"twitter:card\" content=\"summary_large_image\" \/>\n<meta name=\"twitter:creator\" content=\"@francaballer0\" \/>\n<meta name=\"twitter:site\" content=\"@francaballer0\" \/>\n<meta name=\"twitter:label1\" content=\"\u00c9crit par\" \/>\n\t<meta name=\"twitter:data1\" content=\"franca\" \/>\n<script type=\"application\/ld+json\" class=\"yoast-schema-graph\">{\"@context\":\"https:\/\/schema.org\",\"@graph\":[{\"@type\":\"Article\",\"@id\":\"https:\/\/fran-caballero.com\/action-circ-ole-durante-el-festiva\/#article\",\"isPartOf\":{\"@id\":\"https:\/\/fran-caballero.com\/action-circ-ole-durante-el-festiva\/\"},\"author\":{\"name\":\"franca\",\"@id\":\"https:\/\/fran-caballero.com\/#\/schema\/person\/505b29550120200cc090033d887594a3\"},\"headline\":\"Action! Clic-Ol\u00e9. Festival d&#8217;Avignon 2015\",\"datePublished\":\"2015-10-29T12:05:00+00:00\",\"dateModified\":\"2016-12-05T02:15:42+00:00\",\"mainEntityOfPage\":{\"@id\":\"https:\/\/fran-caballero.com\/action-circ-ole-durante-el-festiva\/\"},\"wordCount\":52,\"commentCount\":0,\"publisher\":{\"@id\":\"https:\/\/fran-caballero.com\/#\/schema\/person\/4da0bfac732857d0f97091683c53c107\"},\"keywords\":[\"Action! Physical Theatre. Circ-Ol\u00e9 durante el Festival d'Avignon 2015 Gestual clown mime mimo pantomima espect\u00e1culo calle sevilla andaluc\u00eda Francia\"],\"articleSection\":[\"Blog\"],\"inLanguage\":\"fr-FR\",\"potentialAction\":[{\"@type\":\"CommentAction\",\"name\":\"Comment\",\"target\":[\"https:\/\/fran-caballero.com\/action-circ-ole-durante-el-festiva\/#respond\"]}]},{\"@type\":\"WebPage\",\"@id\":\"https:\/\/fran-caballero.com\/action-circ-ole-durante-el-festiva\/\",\"url\":\"https:\/\/fran-caballero.com\/action-circ-ole-durante-el-festiva\/\",\"name\":\"Action! Clic-Ol\u00e9. Festival d'Avignon 2015 - Fran Caballero\",\"isPartOf\":{\"@id\":\"https:\/\/fran-caballero.com\/#website\"},\"datePublished\":\"2015-10-29T12:05:00+00:00\",\"dateModified\":\"2016-12-05T02:15:42+00:00\",\"description\":\"Web de Fran Caballero - Actor y Creador\",\"breadcrumb\":{\"@id\":\"https:\/\/fran-caballero.com\/action-circ-ole-durante-el-festiva\/#breadcrumb\"},\"inLanguage\":\"fr-FR\",\"potentialAction\":[{\"@type\":\"ReadAction\",\"target\":[\"https:\/\/fran-caballero.com\/action-circ-ole-durante-el-festiva\/\"]}]},{\"@type\":\"BreadcrumbList\",\"@id\":\"https:\/\/fran-caballero.com\/action-circ-ole-durante-el-festiva\/#breadcrumb\",\"itemListElement\":[{\"@type\":\"ListItem\",\"position\":1,\"name\":\"Portada\",\"item\":\"https:\/\/fran-caballero.com\/\"},{\"@type\":\"ListItem\",\"position\":2,\"name\":\"Action! Clic-Ol\u00e9 durante el Festival d&#8217;Avignon 2015\"}]},{\"@type\":\"WebSite\",\"@id\":\"https:\/\/fran-caballero.com\/#website\",\"url\":\"https:\/\/fran-caballero.com\/\",\"name\":\"Fran Caballero\",\"description\":\"Acteur - Auteur\",\"publisher\":{\"@id\":\"https:\/\/fran-caballero.com\/#\/schema\/person\/4da0bfac732857d0f97091683c53c107\"},\"potentialAction\":[{\"@type\":\"SearchAction\",\"target\":{\"@type\":\"EntryPoint\",\"urlTemplate\":\"https:\/\/fran-caballero.com\/?s={search_term_string}\"},\"query-input\":\"required name=search_term_string\"}],\"inLanguage\":\"fr-FR\"},{\"@type\":[\"Person\",\"Organization\"],\"@id\":\"https:\/\/fran-caballero.com\/#\/schema\/person\/4da0bfac732857d0f97091683c53c107\",\"name\":\"Fran Caballero\",\"image\":{\"@type\":\"ImageObject\",\"inLanguage\":\"fr-FR\",\"@id\":\"https:\/\/fran-caballero.com\/#\/schema\/person\/image\/\",\"url\":\"https:\/\/fran-caballero.com\/wp-content\/uploads\/2016\/11\/copy-logofran.jpg\",\"contentUrl\":\"https:\/\/fran-caballero.com\/wp-content\/uploads\/2016\/11\/copy-logofran.jpg\",\"width\":150,\"height\":57,\"caption\":\"Fran Caballero\"},\"logo\":{\"@id\":\"https:\/\/fran-caballero.com\/#\/schema\/person\/image\/\"}},{\"@type\":\"Person\",\"@id\":\"https:\/\/fran-caballero.com\/#\/schema\/person\/505b29550120200cc090033d887594a3\",\"name\":\"franca\",\"image\":{\"@type\":\"ImageObject\",\"inLanguage\":\"fr-FR\",\"@id\":\"https:\/\/fran-caballero.com\/#\/schema\/person\/image\/\",\"url\":\"https:\/\/secure.gravatar.com\/avatar\/0ceb1c044b557ee7735b14a4e69decbf?s=96&d=mm&r=g\",\"contentUrl\":\"https:\/\/secure.gravatar.com\/avatar\/0ceb1c044b557ee7735b14a4e69decbf?s=96&d=mm&r=g\",\"caption\":\"franca\"}}]}<\/script>\n<!-- \/ Yoast SEO plugin. -->","yoast_head_json":{"title":"Action! Clic-Ol\u00e9. Festival d'Avignon 2015 - Fran Caballero","robots":{"index":"index","follow":"follow","max-snippet":"max-snippet:-1","max-image-preview":"max-image-preview:large","max-video-preview":"max-video-preview:-1"},"canonical":"https:\/\/fran-caballero.com\/action-circ-ole-durante-el-festiva\/","og_locale":"fr_FR","og_type":"article","og_title":"Action! Clic-Ol\u00e9. Festival d'Avignon 2015 - Fran Caballero","og_url":"https:\/\/fran-caballero.com\/action-circ-ole-durante-el-festiva\/","og_site_name":"Fran Caballero","article_published_time":"2015-10-29T12:05:00+00:00","article_modified_time":"2016-12-05T02:15:42+00:00","author":"franca","twitter_card":"summary_large_image","twitter_creator":"@francaballer0","twitter_site":"@francaballer0","twitter_misc":{"\u00c9crit par":"franca"},"schema":{"@context":"https:\/\/schema.org","@graph":[{"@type":"Article","@id":"https:\/\/fran-caballero.com\/action-circ-ole-durante-el-festiva\/#article","isPartOf":{"@id":"https:\/\/fran-caballero.com\/action-circ-ole-durante-el-festiva\/"},"author":{"name":"franca","@id":"https:\/\/fran-caballero.com\/#\/schema\/person\/505b29550120200cc090033d887594a3"},"headline":"Action! Clic-Ol\u00e9. Festival d&#8217;Avignon 2015","datePublished":"2015-10-29T12:05:00+00:00","dateModified":"2016-12-05T02:15:42+00:00","mainEntityOfPage":{"@id":"https:\/\/fran-caballero.com\/action-circ-ole-durante-el-festiva\/"},"wordCount":52,"commentCount":0,"publisher":{"@id":"https:\/\/fran-caballero.com\/#\/schema\/person\/4da0bfac732857d0f97091683c53c107"},"keywords":["Action! Physical Theatre. Circ-Ol\u00e9 durante el Festival d'Avignon 2015 Gestual clown mime mimo pantomima espect\u00e1culo calle sevilla andaluc\u00eda Francia"],"articleSection":["Blog"],"inLanguage":"fr-FR","potentialAction":[{"@type":"CommentAction","name":"Comment","target":["https:\/\/fran-caballero.com\/action-circ-ole-durante-el-festiva\/#respond"]}]},{"@type":"WebPage","@id":"https:\/\/fran-caballero.com\/action-circ-ole-durante-el-festiva\/","url":"https:\/\/fran-caballero.com\/action-circ-ole-durante-el-festiva\/","name":"Action! Clic-Ol\u00e9. Festival d'Avignon 2015 - Fran Caballero","isPartOf":{"@id":"https:\/\/fran-caballero.com\/#website"},"datePublished":"2015-10-29T12:05:00+00:00","dateModified":"2016-12-05T02:15:42+00:00","description":"Web de Fran Caballero - Actor y Creador","breadcrumb":{"@id":"https:\/\/fran-caballero.com\/action-circ-ole-durante-el-festiva\/#breadcrumb"},"inLanguage":"fr-FR","potentialAction":[{"@type":"ReadAction","target":["https:\/\/fran-caballero.com\/action-circ-ole-durante-el-festiva\/"]}]},{"@type":"BreadcrumbList","@id":"https:\/\/fran-caballero.com\/action-circ-ole-durante-el-festiva\/#breadcrumb","itemListElement":[{"@type":"ListItem","position":1,"name":"Portada","item":"https:\/\/fran-caballero.com\/"},{"@type":"ListItem","position":2,"name":"Action! Clic-Ol\u00e9 durante el Festival d&#8217;Avignon 2015"}]},{"@type":"WebSite","@id":"https:\/\/fran-caballero.com\/#website","url":"https:\/\/fran-caballero.com\/","name":"Fran Caballero","description":"Acteur - Auteur","publisher":{"@id":"https:\/\/fran-caballero.com\/#\/schema\/person\/4da0bfac732857d0f97091683c53c107"},"potentialAction":[{"@type":"SearchAction","target":{"@type":"EntryPoint","urlTemplate":"https:\/\/fran-caballero.com\/?s={search_term_string}"},"query-input":"required name=search_term_string"}],"inLanguage":"fr-FR"},{"@type":["Person","Organization"],"@id":"https:\/\/fran-caballero.com\/#\/schema\/person\/4da0bfac732857d0f97091683c53c107","name":"Fran Caballero","image":{"@type":"ImageObject","inLanguage":"fr-FR","@id":"https:\/\/fran-caballero.com\/#\/schema\/person\/image\/","url":"https:\/\/fran-caballero.com\/wp-content\/uploads\/2016\/11\/copy-logofran.jpg","contentUrl":"https:\/\/fran-caballero.com\/wp-content\/uploads\/2016\/11\/copy-logofran.jpg","width":150,"height":57,"caption":"Fran Caballero"},"logo":{"@id":"https:\/\/fran-caballero.com\/#\/schema\/person\/image\/"}},{"@type":"Person","@id":"https:\/\/fran-caballero.com\/#\/schema\/person\/505b29550120200cc090033d887594a3","name":"franca","image":{"@type":"ImageObject","inLanguage":"fr-FR","@id":"https:\/\/fran-caballero.com\/#\/schema\/person\/image\/","url":"https:\/\/secure.gravatar.com\/avatar\/0ceb1c044b557ee7735b14a4e69decbf?s=96&d=mm&r=g","contentUrl":"https:\/\/secure.gravatar.com\/avatar\/0ceb1c044b557ee7735b14a4e69decbf?s=96&d=mm&r=g","caption":"franca"}}]}},"_links":{"self":[{"href":"https:\/\/fran-caballero.com\/fr\/wp-json\/wp\/v2\/posts\/355"}],"collection":[{"href":"https:\/\/fran-caballero.com\/fr\/wp-json\/wp\/v2\/posts"}],"about":[{"href":"https:\/\/fran-caballero.com\/fr\/wp-json\/wp\/v2\/types\/post"}],"author":[{"embeddable":true,"href":"https:\/\/fran-caballero.com\/fr\/wp-json\/wp\/v2\/users\/3"}],"replies":[{"embeddable":true,"href":"https:\/\/fran-caballero.com\/fr\/wp-json\/wp\/v2\/comments?post=355"}],"version-history":[{"count":4,"href":"https:\/\/fran-caballero.com\/fr\/wp-json\/wp\/v2\/posts\/355\/revisions"}],"predecessor-version":[{"id":1935,"href":"https:\/\/fran-caballero.com\/fr\/wp-json\/wp\/v2\/posts\/355\/revisions\/1935"}],"wp:attachment":[{"href":"https:\/\/fran-caballero.com\/fr\/wp-json\/wp\/v2\/media?parent=355"}],"wp:term":[{"taxonomy":"category","embeddable":true,"href":"https:\/\/fran-caballero.com\/fr\/wp-json\/wp\/v2\/categories?post=355"},{"taxonomy":"post_tag","embeddable":true,"href":"https:\/\/fran-caballero.com\/fr\/wp-json\/wp\/v2\/tags?post=355"}],"curies":[{"name":"wp","href":"https:\/\/api.w.org\/{rel}","templated":true}]}}