{"id":341,"date":"2016-02-04T13:51:00","date_gmt":"2016-02-04T13:51:00","guid":{"rendered":"http:\/\/fran-caballero.com\/action-llega-madrid\/"},"modified":"2016-12-05T00:30:22","modified_gmt":"2016-12-05T00:30:22","slug":"action-llega-madrid","status":"publish","type":"post","link":"https:\/\/fran-caballero.com\/fr\/action-llega-madrid\/","title":{"rendered":"&#8220;Action!&#8221; llega a Madrid&#8230;"},"content":{"rendered":"<div class=\"separator\" style=\"clear: both; text-align: center;\"><\/div>\n<div style=\"clear: both; text-align: center;\"><\/div>\n<div style=\"clear: both; text-align: center;\">\n<div style=\"text-align: left;\"><a style=\"clear: left; float: left; margin-bottom: 1em; margin-right: 1em;\" href=\"https:\/\/2.bp.blogspot.com\/-ZzxSKfi2QgQ\/VrNT1WdndII\/AAAAAAAABtw\/CBXyDcnwmBQ\/s1600\/SIN%2BTITULO.jpg\"><img decoding=\"async\" loading=\"lazy\" src=\"http:\/\/fran-caballero.com\/wp-content\/uploads\/2016\/02\/SINTITULO.jpg\" width=\"275\" height=\"400\" border=\"0\" \/><\/a><\/div>\n<div style=\"font-family: 'trebuchet ms', sans-serif; font-weight: bold; text-align: right;\"><b style=\"font-family: 'Trebuchet MS', sans-serif;\">\u00a0<\/b><\/div>\n<div style=\"font-family: 'trebuchet ms', sans-serif; font-weight: bold; text-align: center;\"><b style=\"font-family: 'Trebuchet MS', sans-serif;\">Clic-Ol\u00e9<\/b><\/div>\n<div style=\"font-family: 'trebuchet ms', sans-serif; font-weight: bold; text-align: center;\"><\/div>\n<div style=\"font-family: 'trebuchet ms', sans-serif; font-weight: bold; text-align: center;\">presenta<\/div>\n<div style=\"font-family: 'trebuchet ms', sans-serif; font-weight: bold; text-align: center;\"><\/div>\n<div style=\"font-family: 'trebuchet ms', sans-serif; font-weight: bold; text-align: center;\"><b style=\"font-family: verdana, sans-serif; font-size: x-large; text-align: left;\">Action!<\/b><\/div>\n<div style=\"font-family: 'trebuchet ms', sans-serif; font-weight: bold; text-align: center;\"><\/div>\n<div style=\"font-family: 'trebuchet ms', sans-serif; font-weight: bold; text-align: center;\">Con Elena Mora y Fran Caballero<\/div>\n<div style=\"font-family: 'trebuchet ms', sans-serif; font-weight: bold; text-align: center;\"><b style=\"font-family: verdana, sans-serif; text-align: left;\">\u00a0<\/b><\/div>\n<div style=\"font-family: 'trebuchet ms', sans-serif; font-weight: bold; text-align: center;\"><b style=\"font-family: verdana, sans-serif; text-align: left;\">Sala La P\u00e9rtiga<\/b><\/div>\n<div style=\"font-family: 'trebuchet ms', sans-serif; font-weight: bold; text-align: center;\">Madrid<\/div>\n<div style=\"font-family: 'trebuchet ms', sans-serif; font-weight: bold; text-align: center;\"><b style=\"font-family: 'helvetica neue', arial, helvetica, sans-serif; text-align: left;\">\u00a0<\/b><\/div>\n<div style=\"font-family: 'trebuchet ms', sans-serif; font-weight: bold; text-align: center;\"><b style=\"font-family: 'helvetica neue', arial, helvetica, sans-serif; text-align: left;\">Viernes, 12 de\u00a0<\/b><b style=\"font-family: 'helvetica neue', arial, helvetica, sans-serif; text-align: left;\">Febrero de 2016<\/b><\/div>\n<div style=\"font-family: 'trebuchet ms', sans-serif; font-weight: bold; text-align: center;\"><\/div>\n<div style=\"font-family: 'trebuchet ms', sans-serif; font-weight: bold; text-align: center;\">21 horas<\/div>\n<div style=\"font-family: 'trebuchet ms', sans-serif; font-weight: bold; text-align: center;\"><\/div>\n<div style=\"text-align: center;\"><b>Teatro desclowntrolado<\/b><\/div>\n<\/div>\n<div class=\"separator\" style=\"clear: both; text-align: justify;\"><b>Action!<\/b> es un viaje a trav\u00e9s de la historia del cine contado en clave de Teatro Gestual y Humor. Un espect\u00e1culo fresco y din\u00e1mico donde dos actores llenar\u00e1n el escenario, desprovisto de escenograf\u00eda, creando im\u00e1genes que har\u00e1n al espectador viajar de nuevo a los mejores de la gran pantalla.<\/div>\n<div class=\"separator\" style=\"clear: both; text-align: center;\"><\/div>\n<p><iframe loading=\"lazy\" src=\"https:\/\/www.youtube.com\/embed\/im3ugsyueT8\" width=\"640\" height=\"360\" frameborder=\"0\" allowfullscreen=\"allowfullscreen\"><\/iframe><\/p>\n<div class=\"separator\" style=\"clear: both; text-align: center;\"><\/div>\n<div class=\"separator\" style=\"clear: both; text-align: center;\"><\/div>\n<div class=\"separator\" style=\"clear: both; text-align: center;\"><\/div>\n","protected":false},"excerpt":{"rendered":"<p>\u00a0 Clic-Ol\u00e9 presenta Action! Con Elena Mora y Fran Caballero \u00a0 Sala La P\u00e9rtiga Madrid \u00a0 Viernes, 12 de\u00a0Febrero de 2016 21 horas Teatro desclowntrolado Action! es un viaje a&#8230;<\/p>\n","protected":false},"author":3,"featured_media":989,"comment_status":"open","ping_status":"open","sticky":false,"template":"","format":"standard","meta":[],"categories":[7],"tags":[72],"translation":{"provider":"WPGlobus","version":"2.10.10","language":"fr","enabled_languages":["es","en","fr"],"languages":{"es":{"title":true,"content":true,"excerpt":false},"en":{"title":false,"content":false,"excerpt":false},"fr":{"title":false,"content":false,"excerpt":false}}},"yoast_head":"<!-- This site is optimized with the Yoast SEO plugin v20.5 - https:\/\/yoast.com\/wordpress\/plugins\/seo\/ -->\n<title>&quot;Action!&quot; llega a Madrid... - Fran Caballero<\/title>\n<meta name=\"robots\" content=\"index, follow, max-snippet:-1, max-image-preview:large, max-video-preview:-1\" \/>\n<link rel=\"canonical\" href=\"https:\/\/fran-caballero.com\/fr\/action-llega-madrid\/\" \/>\n<meta property=\"og:locale\" content=\"fr_FR\" \/>\n<meta property=\"og:type\" content=\"article\" \/>\n<meta property=\"og:title\" content=\"&quot;Action!&quot; llega a Madrid... - Fran Caballero\" \/>\n<meta property=\"og:url\" content=\"https:\/\/fran-caballero.com\/fr\/action-llega-madrid\/\" \/>\n<meta property=\"og:site_name\" content=\"Fran Caballero\" \/>\n<meta property=\"article:published_time\" content=\"2016-02-04T13:51:00+00:00\" \/>\n<meta property=\"article:modified_time\" content=\"2016-12-05T00:30:22+00:00\" \/>\n<meta property=\"og:image\" content=\"https:\/\/fran-caballero.com\/wp-content\/uploads\/2016\/02\/10419402_1692347324312431_5336444134591292591_n-1.jpg\" \/>\n\t<meta property=\"og:image:width\" content=\"400\" \/>\n\t<meta property=\"og:image:height\" content=\"148\" \/>\n\t<meta property=\"og:image:type\" content=\"image\/jpeg\" \/>\n<meta name=\"author\" content=\"franca\" \/>\n<meta name=\"twitter:card\" content=\"summary_large_image\" \/>\n<meta name=\"twitter:creator\" content=\"@francaballer0\" \/>\n<meta name=\"twitter:site\" content=\"@francaballer0\" \/>\n<meta name=\"twitter:label1\" content=\"\u00c9crit par\" \/>\n\t<meta name=\"twitter:data1\" content=\"franca\" \/>\n<script type=\"application\/ld+json\" class=\"yoast-schema-graph\">{\"@context\":\"https:\/\/schema.org\",\"@graph\":[{\"@type\":\"Article\",\"@id\":\"https:\/\/fran-caballero.com\/fr\/action-llega-madrid\/#article\",\"isPartOf\":{\"@id\":\"https:\/\/fran-caballero.com\/fr\/action-llega-madrid\/\"},\"author\":{\"name\":\"franca\",\"@id\":\"https:\/\/fran-caballero.com\/#\/schema\/person\/505b29550120200cc090033d887594a3\"},\"headline\":\"&#8220;Action!&#8221; llega a Madrid&#8230;\",\"datePublished\":\"2016-02-04T13:51:00+00:00\",\"dateModified\":\"2016-12-05T00:30:22+00:00\",\"mainEntityOfPage\":{\"@id\":\"https:\/\/fran-caballero.com\/fr\/action-llega-madrid\/\"},\"wordCount\":81,\"commentCount\":0,\"publisher\":{\"@id\":\"https:\/\/fran-caballero.com\/#\/schema\/person\/4da0bfac732857d0f97091683c53c107\"},\"keywords\":[\"mimo pantomima teatro desclowntrolado teatro gestual cine espect\u00e1culo show humor sala madrid\"],\"articleSection\":[\"Blog\"],\"inLanguage\":\"fr-FR\",\"potentialAction\":[{\"@type\":\"CommentAction\",\"name\":\"Comment\",\"target\":[\"https:\/\/fran-caballero.com\/fr\/action-llega-madrid\/#respond\"]}]},{\"@type\":\"WebPage\",\"@id\":\"https:\/\/fran-caballero.com\/fr\/action-llega-madrid\/\",\"url\":\"https:\/\/fran-caballero.com\/fr\/action-llega-madrid\/\",\"name\":\"\\\"Action!\\\" llega a Madrid... - Fran Caballero\",\"isPartOf\":{\"@id\":\"https:\/\/fran-caballero.com\/#website\"},\"datePublished\":\"2016-02-04T13:51:00+00:00\",\"dateModified\":\"2016-12-05T00:30:22+00:00\",\"description\":\"Web de Fran Caballero - Actor y Creador\",\"breadcrumb\":{\"@id\":\"https:\/\/fran-caballero.com\/fr\/action-llega-madrid\/#breadcrumb\"},\"inLanguage\":\"fr-FR\",\"potentialAction\":[{\"@type\":\"ReadAction\",\"target\":[\"https:\/\/fran-caballero.com\/fr\/action-llega-madrid\/\"]}]},{\"@type\":\"BreadcrumbList\",\"@id\":\"https:\/\/fran-caballero.com\/fr\/action-llega-madrid\/#breadcrumb\",\"itemListElement\":[{\"@type\":\"ListItem\",\"position\":1,\"name\":\"Portada\",\"item\":\"https:\/\/fran-caballero.com\/\"},{\"@type\":\"ListItem\",\"position\":2,\"name\":\"&#8220;Action!&#8221; llega a Madrid&#8230;\"}]},{\"@type\":\"WebSite\",\"@id\":\"https:\/\/fran-caballero.com\/#website\",\"url\":\"https:\/\/fran-caballero.com\/\",\"name\":\"Fran Caballero\",\"description\":\"Acteur - Auteur\",\"publisher\":{\"@id\":\"https:\/\/fran-caballero.com\/#\/schema\/person\/4da0bfac732857d0f97091683c53c107\"},\"potentialAction\":[{\"@type\":\"SearchAction\",\"target\":{\"@type\":\"EntryPoint\",\"urlTemplate\":\"https:\/\/fran-caballero.com\/?s={search_term_string}\"},\"query-input\":\"required name=search_term_string\"}],\"inLanguage\":\"fr-FR\"},{\"@type\":[\"Person\",\"Organization\"],\"@id\":\"https:\/\/fran-caballero.com\/#\/schema\/person\/4da0bfac732857d0f97091683c53c107\",\"name\":\"Fran Caballero\",\"image\":{\"@type\":\"ImageObject\",\"inLanguage\":\"fr-FR\",\"@id\":\"https:\/\/fran-caballero.com\/#\/schema\/person\/image\/\",\"url\":\"https:\/\/fran-caballero.com\/wp-content\/uploads\/2016\/11\/copy-logofran.jpg\",\"contentUrl\":\"https:\/\/fran-caballero.com\/wp-content\/uploads\/2016\/11\/copy-logofran.jpg\",\"width\":150,\"height\":57,\"caption\":\"Fran Caballero\"},\"logo\":{\"@id\":\"https:\/\/fran-caballero.com\/#\/schema\/person\/image\/\"}},{\"@type\":\"Person\",\"@id\":\"https:\/\/fran-caballero.com\/#\/schema\/person\/505b29550120200cc090033d887594a3\",\"name\":\"franca\",\"image\":{\"@type\":\"ImageObject\",\"inLanguage\":\"fr-FR\",\"@id\":\"https:\/\/fran-caballero.com\/#\/schema\/person\/image\/\",\"url\":\"https:\/\/secure.gravatar.com\/avatar\/0ceb1c044b557ee7735b14a4e69decbf?s=96&d=mm&r=g\",\"contentUrl\":\"https:\/\/secure.gravatar.com\/avatar\/0ceb1c044b557ee7735b14a4e69decbf?s=96&d=mm&r=g\",\"caption\":\"franca\"}}]}<\/script>\n<!-- \/ Yoast SEO plugin. -->","yoast_head_json":{"title":"\"Action!\" llega a Madrid... - Fran Caballero","robots":{"index":"index","follow":"follow","max-snippet":"max-snippet:-1","max-image-preview":"max-image-preview:large","max-video-preview":"max-video-preview:-1"},"canonical":"https:\/\/fran-caballero.com\/fr\/action-llega-madrid\/","og_locale":"fr_FR","og_type":"article","og_title":"\"Action!\" llega a Madrid... - Fran Caballero","og_url":"https:\/\/fran-caballero.com\/fr\/action-llega-madrid\/","og_site_name":"Fran Caballero","article_published_time":"2016-02-04T13:51:00+00:00","article_modified_time":"2016-12-05T00:30:22+00:00","og_image":[{"width":400,"height":148,"url":"https:\/\/fran-caballero.com\/wp-content\/uploads\/2016\/02\/10419402_1692347324312431_5336444134591292591_n-1.jpg","type":"image\/jpeg"}],"author":"franca","twitter_card":"summary_large_image","twitter_creator":"@francaballer0","twitter_site":"@francaballer0","twitter_misc":{"\u00c9crit par":"franca"},"schema":{"@context":"https:\/\/schema.org","@graph":[{"@type":"Article","@id":"https:\/\/fran-caballero.com\/fr\/action-llega-madrid\/#article","isPartOf":{"@id":"https:\/\/fran-caballero.com\/fr\/action-llega-madrid\/"},"author":{"name":"franca","@id":"https:\/\/fran-caballero.com\/#\/schema\/person\/505b29550120200cc090033d887594a3"},"headline":"&#8220;Action!&#8221; llega a Madrid&#8230;","datePublished":"2016-02-04T13:51:00+00:00","dateModified":"2016-12-05T00:30:22+00:00","mainEntityOfPage":{"@id":"https:\/\/fran-caballero.com\/fr\/action-llega-madrid\/"},"wordCount":81,"commentCount":0,"publisher":{"@id":"https:\/\/fran-caballero.com\/#\/schema\/person\/4da0bfac732857d0f97091683c53c107"},"keywords":["mimo pantomima teatro desclowntrolado teatro gestual cine espect\u00e1culo show humor sala madrid"],"articleSection":["Blog"],"inLanguage":"fr-FR","potentialAction":[{"@type":"CommentAction","name":"Comment","target":["https:\/\/fran-caballero.com\/fr\/action-llega-madrid\/#respond"]}]},{"@type":"WebPage","@id":"https:\/\/fran-caballero.com\/fr\/action-llega-madrid\/","url":"https:\/\/fran-caballero.com\/fr\/action-llega-madrid\/","name":"\"Action!\" llega a Madrid... - Fran Caballero","isPartOf":{"@id":"https:\/\/fran-caballero.com\/#website"},"datePublished":"2016-02-04T13:51:00+00:00","dateModified":"2016-12-05T00:30:22+00:00","description":"Web de Fran Caballero - Actor y Creador","breadcrumb":{"@id":"https:\/\/fran-caballero.com\/fr\/action-llega-madrid\/#breadcrumb"},"inLanguage":"fr-FR","potentialAction":[{"@type":"ReadAction","target":["https:\/\/fran-caballero.com\/fr\/action-llega-madrid\/"]}]},{"@type":"BreadcrumbList","@id":"https:\/\/fran-caballero.com\/fr\/action-llega-madrid\/#breadcrumb","itemListElement":[{"@type":"ListItem","position":1,"name":"Portada","item":"https:\/\/fran-caballero.com\/"},{"@type":"ListItem","position":2,"name":"&#8220;Action!&#8221; llega a Madrid&#8230;"}]},{"@type":"WebSite","@id":"https:\/\/fran-caballero.com\/#website","url":"https:\/\/fran-caballero.com\/","name":"Fran Caballero","description":"Acteur - Auteur","publisher":{"@id":"https:\/\/fran-caballero.com\/#\/schema\/person\/4da0bfac732857d0f97091683c53c107"},"potentialAction":[{"@type":"SearchAction","target":{"@type":"EntryPoint","urlTemplate":"https:\/\/fran-caballero.com\/?s={search_term_string}"},"query-input":"required name=search_term_string"}],"inLanguage":"fr-FR"},{"@type":["Person","Organization"],"@id":"https:\/\/fran-caballero.com\/#\/schema\/person\/4da0bfac732857d0f97091683c53c107","name":"Fran Caballero","image":{"@type":"ImageObject","inLanguage":"fr-FR","@id":"https:\/\/fran-caballero.com\/#\/schema\/person\/image\/","url":"https:\/\/fran-caballero.com\/wp-content\/uploads\/2016\/11\/copy-logofran.jpg","contentUrl":"https:\/\/fran-caballero.com\/wp-content\/uploads\/2016\/11\/copy-logofran.jpg","width":150,"height":57,"caption":"Fran Caballero"},"logo":{"@id":"https:\/\/fran-caballero.com\/#\/schema\/person\/image\/"}},{"@type":"Person","@id":"https:\/\/fran-caballero.com\/#\/schema\/person\/505b29550120200cc090033d887594a3","name":"franca","image":{"@type":"ImageObject","inLanguage":"fr-FR","@id":"https:\/\/fran-caballero.com\/#\/schema\/person\/image\/","url":"https:\/\/secure.gravatar.com\/avatar\/0ceb1c044b557ee7735b14a4e69decbf?s=96&d=mm&r=g","contentUrl":"https:\/\/secure.gravatar.com\/avatar\/0ceb1c044b557ee7735b14a4e69decbf?s=96&d=mm&r=g","caption":"franca"}}]}},"_links":{"self":[{"href":"https:\/\/fran-caballero.com\/fr\/wp-json\/wp\/v2\/posts\/341"}],"collection":[{"href":"https:\/\/fran-caballero.com\/fr\/wp-json\/wp\/v2\/posts"}],"about":[{"href":"https:\/\/fran-caballero.com\/fr\/wp-json\/wp\/v2\/types\/post"}],"author":[{"embeddable":true,"href":"https:\/\/fran-caballero.com\/fr\/wp-json\/wp\/v2\/users\/3"}],"replies":[{"embeddable":true,"href":"https:\/\/fran-caballero.com\/fr\/wp-json\/wp\/v2\/comments?post=341"}],"version-history":[{"count":3,"href":"https:\/\/fran-caballero.com\/fr\/wp-json\/wp\/v2\/posts\/341\/revisions"}],"predecessor-version":[{"id":1898,"href":"https:\/\/fran-caballero.com\/fr\/wp-json\/wp\/v2\/posts\/341\/revisions\/1898"}],"wp:featuredmedia":[{"embeddable":true,"href":"https:\/\/fran-caballero.com\/fr\/wp-json\/wp\/v2\/media\/989"}],"wp:attachment":[{"href":"https:\/\/fran-caballero.com\/fr\/wp-json\/wp\/v2\/media?parent=341"}],"wp:term":[{"taxonomy":"category","embeddable":true,"href":"https:\/\/fran-caballero.com\/fr\/wp-json\/wp\/v2\/categories?post=341"},{"taxonomy":"post_tag","embeddable":true,"href":"https:\/\/fran-caballero.com\/fr\/wp-json\/wp\/v2\/tags?post=341"}],"curies":[{"name":"wp","href":"https:\/\/api.w.org\/{rel}","templated":true}]}}