{"id":3358,"date":"2018-05-01T09:53:42","date_gmt":"2018-05-01T09:53:42","guid":{"rendered":"https:\/\/fran-caballero.com\/?p=3358"},"modified":"2018-05-09T10:31:00","modified_gmt":"2018-05-09T10:31:00","slug":"festival-improsevilla-2018","status":"publish","type":"post","link":"https:\/\/fran-caballero.com\/fr\/festival-improsevilla-2018\/","title":{"rendered":"Festival ImproSevilla 2018"},"content":{"rendered":"<p>Improductivos Teatro organiza el VI FESTIVAL IMPROSEVILLA que tendr\u00e1 lugar desde el 3 al 6 de Mayo de 2018, en diferentes espacios de la ciudad y con una programaci\u00f3n variada de actividades.<\/p>\n<p><img decoding=\"async\" loading=\"lazy\" class=\"size-medium wp-image-3365 aligncenter\" src=\"https:\/\/fran-caballero.com\/wp-content\/uploads\/2018\/05\/Festival-ImproSevilla-1-208x300.jpg\" alt=\"\" width=\"208\" height=\"300\" srcset=\"https:\/\/fran-caballero.com\/wp-content\/uploads\/2018\/05\/Festival-ImproSevilla-1-208x300.jpg 208w, https:\/\/fran-caballero.com\/wp-content\/uploads\/2018\/05\/Festival-ImproSevilla-1.jpg 665w\" sizes=\"(max-width: 208px) 100vw, 208px\" \/><br \/>\n\u00bfQu\u00e9 es el FESTIVAL IMPROSEVILLA?<\/p>\n<p>El Festival ImproSevilla(F.I.S.) es un encuentro de profesionales de la improvisaci\u00f3n teatral que re\u00fane a compa\u00f1\u00edas e improvisadores de las diferentes provincias espa\u00f1olas e internacionales. La finalidad m\u00e1xima del F.I.S es el desarrollo de esta disciplina teatral, creando un tejido nacional e internacional que permita la visibilidad y evoluci\u00f3n de la improvisaci\u00f3n.<\/p>\n<p>Desde 2012, continuamos llenando Sevilla, de ilusi\u00f3n y diversi\u00f3n, mediante los espect\u00e1culos, actividades y talleres programados en el Festival. Cada a\u00f1o brindamos la posibilidad de que el p\u00fablico observe las propuestas esc\u00e9nicas de las diferentes compa\u00f1\u00edas del territorio nacional.<br \/>\nEste a\u00f1o contaremos con la participaci\u00f3n de compa\u00f1\u00edas e improvisadores de Argentina, Valencia, Barcelona, Palma de Mallorca, Valladolid ,Santiago de Compostela, Madrid, Zaragoza, Granada y Sevilla.<\/p>\n<p><strong>PROGRAMACI\u00d3N<\/strong><\/p>\n<p><strong>Jueves, 3 de Mayo de 2018.<\/strong><\/p>\n<p><strong>Presentaci\u00f3n del Encuentro<\/strong><br \/>\nActo de presentaci\u00f3n donde se dar\u00e1 el pistoletazo de salida al Festival ImproSevilla. Los asistentes podr\u00e1n disfrutar de un espacio para conocer m\u00e1s de cerca la improvisaci\u00f3n teatral mediante entrevistas con referentes en esta disciplina, el momento actual de la improvisaci\u00f3n sevillana y qui\u00e9n sabe, alguna sorpresa improvisada.<\/p>\n<p><img decoding=\"async\" loading=\"lazy\" class=\"size-medium wp-image-3364 alignright\" src=\"https:\/\/fran-caballero.com\/wp-content\/uploads\/2018\/05\/encuentro-escuelas-208x300.jpg\" alt=\"\" width=\"208\" height=\"300\" srcset=\"https:\/\/fran-caballero.com\/wp-content\/uploads\/2018\/05\/encuentro-escuelas-208x300.jpg 208w, https:\/\/fran-caballero.com\/wp-content\/uploads\/2018\/05\/encuentro-escuelas.jpg 665w\" sizes=\"(max-width: 208px) 100vw, 208px\" \/><\/p>\n<p>Centro de Documentaci\u00f3n de las Artes Esc\u00e9nicas. 18:30h<\/p>\n<p><strong>Encuentro de Escuelas<\/strong><br \/>\nLas escuelas sevillanas especializadas en teatro de improvisaci\u00f3n nos mostrar\u00e1n su manera de trabajar. Cada escuela ofrecer\u00e1 al p\u00fablico asistente su visi\u00f3n de la improvisaci\u00f3n mediante una propuesta esc\u00e9nica.<\/p>\n<p>La Sala. 20:30h<\/p>\n<p><strong>Viernes, 4 de Mayo de 2018.<\/strong><\/p>\n<p><img decoding=\"async\" loading=\"lazy\" class=\"size-medium wp-image-3366 alignleft\" src=\"https:\/\/fran-caballero.com\/wp-content\/uploads\/2018\/05\/improvisa-como-puedas-208x300.jpg\" alt=\"\" width=\"208\" height=\"300\" srcset=\"https:\/\/fran-caballero.com\/wp-content\/uploads\/2018\/05\/improvisa-como-puedas-208x300.jpg 208w, https:\/\/fran-caballero.com\/wp-content\/uploads\/2018\/05\/improvisa-como-puedas.jpg 665w\" sizes=\"(max-width: 208px) 100vw, 208px\" \/><\/p>\n<p><strong>\u00a1Improvisa como puedas!<\/strong><br \/>\nHumor y retos imposibles enunespect\u00e1culo quepondr\u00e1aprueba la capacidad de improvisaci\u00f3n de todos los participantes.Nuestros actores deber\u00e1n superar una serie de retos esc\u00e9nicos para librarse del castigo final.\u00bfLo conseguir\u00e1n?<br \/>\nSala Espacio Vac\u00edo. 21:30h<\/p>\n<p><strong>S\u00e1bado, 5 de Mayo de 2018. Directores a escena<img decoding=\"async\" loading=\"lazy\" class=\"size-medium wp-image-3368 alignright\" src=\"https:\/\/fran-caballero.com\/wp-content\/uploads\/2018\/05\/Directores-a-escena-208x300.jpg\" alt=\"\" width=\"208\" height=\"300\" srcset=\"https:\/\/fran-caballero.com\/wp-content\/uploads\/2018\/05\/Directores-a-escena-208x300.jpg 208w, https:\/\/fran-caballero.com\/wp-content\/uploads\/2018\/05\/Directores-a-escena.jpg 665w\" sizes=\"(max-width: 208px) 100vw, 208px\" \/><\/strong><br \/>\nTres directores con estilos muy personales vienen dispuestos a \u201crodar\u201d su \u00faltima pel\u00edcula en directo con la colaboraci\u00f3n de improvisador@s de todas las compa\u00f1\u00edas invitadas. El p\u00fablico ser\u00e1 qui\u00e9n decida sobre qu\u00e9 tratan las pel\u00edculas y cual de ella llegar\u00e1 hasta el final. Creaci\u00f3n improvisada, directores dando pautas en escena y mucha comedia para una noche de risa garantizadas.<br \/>\nSala X.\u00a021:30h.<\/p>\n<p><strong>Domingo, 6 de Mayo de 2018<\/strong><\/p>\n<p><strong>Barrio<\/strong><\/p>\n<p><img decoding=\"async\" loading=\"lazy\" class=\"size-medium wp-image-3363 alignleft\" src=\"https:\/\/fran-caballero.com\/wp-content\/uploads\/2018\/05\/barrio-208x300.jpg\" alt=\"\" width=\"208\" height=\"300\" srcset=\"https:\/\/fran-caballero.com\/wp-content\/uploads\/2018\/05\/barrio-208x300.jpg 208w, https:\/\/fran-caballero.com\/wp-content\/uploads\/2018\/05\/barrio.jpg 665w\" sizes=\"(max-width: 208px) 100vw, 208px\" \/>Un lugar de encuentro como punto de partida. Un p\u00fablico cuyas ideas y decisiones ser\u00e1n el punto de partida de diferentes historias totalmente improvisadas. Un paseo por el barrio, por calles y casas, de historia en historia. Un espect\u00e1culo interactivo donde te sumergir\u00e1s en el interior de las escenas y tendr\u00e1s el poder de influir en los actores. Improvisaci\u00f3n teatral en estado puro, en el el escenario m\u00e1s realista posible: la calle.<\/p>\n<p>Salida: Plaza del Pel\u00edcano<br \/>\n12:30h<\/p>\n<p><strong>El Show de Al TranTr\u00e1n<\/strong><\/p>\n<p><img decoding=\"async\" loading=\"lazy\" class=\"size-medium wp-image-3362 alignright\" src=\"https:\/\/fran-caballero.com\/wp-content\/uploads\/2018\/05\/al-tran-tran-208x300.jpg\" alt=\"\" width=\"208\" height=\"300\" srcset=\"https:\/\/fran-caballero.com\/wp-content\/uploads\/2018\/05\/al-tran-tran-208x300.jpg 208w, https:\/\/fran-caballero.com\/wp-content\/uploads\/2018\/05\/al-tran-tran.jpg 665w\" sizes=\"(max-width: 208px) 100vw, 208px\" \/>Skethes teatrales y canciones divertid\u00edsimas se ir\u00e1n sucediendo a partir de las propuestas del p\u00fablico asistente, todo ello improvisado en el acto. A medida que el espect\u00e1culo avanza el p\u00fablico pasa de la incredulidad a la estupefacci\u00f3n y finalmente no podr\u00e1 parar de re\u00edr y aplaudir. Ese es su reto y siempre lo han superado.<\/p>\n<p>La Sala. 20:00h<\/p>\n<p><strong>FORMACI\u00d3N<\/strong><\/p>\n<p><strong>Curso de ImproMusical Cantada<\/strong>.<br \/>\nEl instrumento principal de este curso es nuestra voz pero eso no implica que tengamos que ser buenos cantantes.<br \/>\nLa improvisaci\u00f3n musical abarca muchos aspectos diferentes.En este caso, el trabajo se centrar\u00e1 enla creaci\u00f3n colectiva de momentos musicales y desarrollar la capacidad de improvisar letras de manera espont\u00e1nea.<br \/>\nConceptos tales como; la escucha, el rebote,el s\u00ed a huevo,proponer y aceptar el estatus (tan importantes para la improvisaci\u00f3n teatral) son igualmente aplicables a la m\u00fasica. Al fin y al cabo, una canci\u00f3n es como una historia, dotada de un estilo y una forma.<br \/>\nImpartido por: Daniel Sota y \u00c1ngel Cantizani<br \/>\n(C\u00eda. Al TranTr\u00e1n-Madrid)<br \/>\nViernes 4 de 16h a 20h y S\u00e1bado de 16h a 20h.<br \/>\nLa Sedede (C\/ Bajeles, 4)<br \/>\nImpro nivel avanzado<\/p>\n<p><strong>Curso &#8211; Las historias tras el cuerpo<\/strong><br \/>\nMediante ejercicios fi\u0301sicospotenciaremos la escucha y la presencia. Trabajaremos con el espejo que son nuestros compan\u0303erospara afinar la sensibilidad. Investigaremos las dramaturgias que se nos presenten en el encuentro de los cuerpos en escena..<br \/>\nImpartido por: Dani Pe\u00f1a<br \/>\n(C\u00eda. TheModestos -Barcelona)<br \/>\nS\u00e1bado de 10h a 16h.<\/p>\n<p>Impro nivel medio<br \/>\nEspacio Vac\u00edo (C\/ PasajeMallol, 25- Entrada por Plaza del Pel\u00edcano)<\/p>\n<p><strong>Curso de Iniciaci\u00f3n a la Improvisaci\u00f3n<\/strong><br \/>\nAprende a improvisar historias de forma divertida a trav\u00e9s del juego, y explor a tu propia creatividad. Pierde la verg\u00fcenza, trabaja tu espontaneidad y mejora tu habilidad para hablar en p\u00fablico.<\/p>\n<p>Impartido por Alejandro Negrillo.<br \/>\n(C\u00eda. Improductivos. Escuela Movimiento Impro)<\/p>\n<p>S\u00e1bado, 5 de Mayo de 10 a 16h. La Casa Ensambl\u00e1<\/p>\n","protected":false},"excerpt":{"rendered":"<p>Improductivos Teatro organiza el VI FESTIVAL IMPROSEVILLA que tendr\u00e1 lugar desde el 3 al 6 de Mayo de 2018, en diferentes espacios de la ciudad y con una programaci\u00f3n variada&#8230;<\/p>\n","protected":false},"author":3,"featured_media":3360,"comment_status":"open","ping_status":"open","sticky":false,"template":"","format":"standard","meta":[],"categories":[7],"tags":[],"translation":{"provider":"WPGlobus","version":"2.10.10","language":"fr","enabled_languages":["es","en","fr"],"languages":{"es":{"title":true,"content":true,"excerpt":false},"en":{"title":false,"content":false,"excerpt":false},"fr":{"title":false,"content":false,"excerpt":false}}},"yoast_head":"<!-- This site is optimized with the Yoast SEO plugin v20.5 - https:\/\/yoast.com\/wordpress\/plugins\/seo\/ -->\n<title>VI Festival ImproSevilla- Del 3 al 6 de Mayo de 2018<\/title>\n<meta name=\"robots\" content=\"index, follow, max-snippet:-1, max-image-preview:large, max-video-preview:-1\" \/>\n<link rel=\"canonical\" href=\"https:\/\/fran-caballero.com\/festival-improsevilla-2018\/\" \/>\n<meta property=\"og:locale\" content=\"fr_FR\" \/>\n<meta property=\"og:type\" content=\"article\" \/>\n<meta property=\"og:title\" content=\"VI Festival ImproSevilla- Del 3 al 6 de Mayo de 2018\" \/>\n<meta property=\"og:url\" content=\"https:\/\/fran-caballero.com\/festival-improsevilla-2018\/\" \/>\n<meta property=\"og:site_name\" content=\"Fran Caballero\" \/>\n<meta property=\"article:published_time\" content=\"2018-05-01T09:53:42+00:00\" \/>\n<meta property=\"article:modified_time\" content=\"2018-05-09T10:31:00+00:00\" \/>\n<meta property=\"og:image\" content=\"https:\/\/fran-caballero.com\/wp-content\/uploads\/2018\/05\/Festival-ImproSevilla.jpg\" \/>\n\t<meta property=\"og:image:width\" content=\"665\" \/>\n\t<meta property=\"og:image:height\" content=\"960\" \/>\n\t<meta property=\"og:image:type\" content=\"image\/jpeg\" \/>\n<meta name=\"author\" content=\"franca\" \/>\n<meta name=\"twitter:card\" content=\"summary_large_image\" \/>\n<meta name=\"twitter:creator\" content=\"@francaballer0\" \/>\n<meta name=\"twitter:site\" content=\"@francaballer0\" \/>\n<meta name=\"twitter:label1\" content=\"\u00c9crit par\" \/>\n\t<meta name=\"twitter:data1\" content=\"franca\" \/>\n\t<meta name=\"twitter:label2\" content=\"Dur\u00e9e de lecture estim\u00e9e\" \/>\n\t<meta name=\"twitter:data2\" content=\"4 minutes\" \/>\n<script type=\"application\/ld+json\" class=\"yoast-schema-graph\">{\"@context\":\"https:\/\/schema.org\",\"@graph\":[{\"@type\":\"Article\",\"@id\":\"https:\/\/fran-caballero.com\/festival-improsevilla-2018\/#article\",\"isPartOf\":{\"@id\":\"https:\/\/fran-caballero.com\/festival-improsevilla-2018\/\"},\"author\":{\"name\":\"franca\",\"@id\":\"https:\/\/fran-caballero.com\/#\/schema\/person\/505b29550120200cc090033d887594a3\"},\"headline\":\"Festival ImproSevilla 2018\",\"datePublished\":\"2018-05-01T09:53:42+00:00\",\"dateModified\":\"2018-05-09T10:31:00+00:00\",\"mainEntityOfPage\":{\"@id\":\"https:\/\/fran-caballero.com\/festival-improsevilla-2018\/\"},\"wordCount\":850,\"commentCount\":0,\"publisher\":{\"@id\":\"https:\/\/fran-caballero.com\/#\/schema\/person\/4da0bfac732857d0f97091683c53c107\"},\"articleSection\":[\"Blog\"],\"inLanguage\":\"fr-FR\",\"potentialAction\":[{\"@type\":\"CommentAction\",\"name\":\"Comment\",\"target\":[\"https:\/\/fran-caballero.com\/festival-improsevilla-2018\/#respond\"]}]},{\"@type\":\"WebPage\",\"@id\":\"https:\/\/fran-caballero.com\/festival-improsevilla-2018\/\",\"url\":\"https:\/\/fran-caballero.com\/festival-improsevilla-2018\/\",\"name\":\"VI Festival ImproSevilla- Del 3 al 6 de Mayo de 2018\",\"isPartOf\":{\"@id\":\"https:\/\/fran-caballero.com\/#website\"},\"datePublished\":\"2018-05-01T09:53:42+00:00\",\"dateModified\":\"2018-05-09T10:31:00+00:00\",\"description\":\"El VI Festival ImproSevilla tendr\u00e1 lugar del 3 al 6 de Mayo de 2018 en Sala X, La Sala, Espacio Vac\u00edo, el Centro de Documentaci\u00f3n de Artes Esc\u00e9nicas...\",\"breadcrumb\":{\"@id\":\"https:\/\/fran-caballero.com\/festival-improsevilla-2018\/#breadcrumb\"},\"inLanguage\":\"fr-FR\",\"potentialAction\":[{\"@type\":\"ReadAction\",\"target\":[\"https:\/\/fran-caballero.com\/festival-improsevilla-2018\/\"]}]},{\"@type\":\"BreadcrumbList\",\"@id\":\"https:\/\/fran-caballero.com\/festival-improsevilla-2018\/#breadcrumb\",\"itemListElement\":[{\"@type\":\"ListItem\",\"position\":1,\"name\":\"Portada\",\"item\":\"https:\/\/fran-caballero.com\/\"},{\"@type\":\"ListItem\",\"position\":2,\"name\":\"Festival ImproSevilla 2018\"}]},{\"@type\":\"WebSite\",\"@id\":\"https:\/\/fran-caballero.com\/#website\",\"url\":\"https:\/\/fran-caballero.com\/\",\"name\":\"Fran Caballero\",\"description\":\"Acteur - Auteur\",\"publisher\":{\"@id\":\"https:\/\/fran-caballero.com\/#\/schema\/person\/4da0bfac732857d0f97091683c53c107\"},\"potentialAction\":[{\"@type\":\"SearchAction\",\"target\":{\"@type\":\"EntryPoint\",\"urlTemplate\":\"https:\/\/fran-caballero.com\/?s={search_term_string}\"},\"query-input\":\"required name=search_term_string\"}],\"inLanguage\":\"fr-FR\"},{\"@type\":[\"Person\",\"Organization\"],\"@id\":\"https:\/\/fran-caballero.com\/#\/schema\/person\/4da0bfac732857d0f97091683c53c107\",\"name\":\"Fran Caballero\",\"image\":{\"@type\":\"ImageObject\",\"inLanguage\":\"fr-FR\",\"@id\":\"https:\/\/fran-caballero.com\/#\/schema\/person\/image\/\",\"url\":\"https:\/\/fran-caballero.com\/wp-content\/uploads\/2016\/11\/copy-logofran.jpg\",\"contentUrl\":\"https:\/\/fran-caballero.com\/wp-content\/uploads\/2016\/11\/copy-logofran.jpg\",\"width\":150,\"height\":57,\"caption\":\"Fran Caballero\"},\"logo\":{\"@id\":\"https:\/\/fran-caballero.com\/#\/schema\/person\/image\/\"}},{\"@type\":\"Person\",\"@id\":\"https:\/\/fran-caballero.com\/#\/schema\/person\/505b29550120200cc090033d887594a3\",\"name\":\"franca\",\"image\":{\"@type\":\"ImageObject\",\"inLanguage\":\"fr-FR\",\"@id\":\"https:\/\/fran-caballero.com\/#\/schema\/person\/image\/\",\"url\":\"https:\/\/secure.gravatar.com\/avatar\/0ceb1c044b557ee7735b14a4e69decbf?s=96&d=mm&r=g\",\"contentUrl\":\"https:\/\/secure.gravatar.com\/avatar\/0ceb1c044b557ee7735b14a4e69decbf?s=96&d=mm&r=g\",\"caption\":\"franca\"}}]}<\/script>\n<!-- \/ Yoast SEO plugin. -->","yoast_head_json":{"title":"VI Festival ImproSevilla- Del 3 al 6 de Mayo de 2018","robots":{"index":"index","follow":"follow","max-snippet":"max-snippet:-1","max-image-preview":"max-image-preview:large","max-video-preview":"max-video-preview:-1"},"canonical":"https:\/\/fran-caballero.com\/festival-improsevilla-2018\/","og_locale":"fr_FR","og_type":"article","og_title":"VI Festival ImproSevilla- Del 3 al 6 de Mayo de 2018","og_url":"https:\/\/fran-caballero.com\/festival-improsevilla-2018\/","og_site_name":"Fran Caballero","article_published_time":"2018-05-01T09:53:42+00:00","article_modified_time":"2018-05-09T10:31:00+00:00","og_image":[{"width":665,"height":960,"url":"https:\/\/fran-caballero.com\/wp-content\/uploads\/2018\/05\/Festival-ImproSevilla.jpg","type":"image\/jpeg"}],"author":"franca","twitter_card":"summary_large_image","twitter_creator":"@francaballer0","twitter_site":"@francaballer0","twitter_misc":{"\u00c9crit par":"franca","Dur\u00e9e de lecture estim\u00e9e":"4 minutes"},"schema":{"@context":"https:\/\/schema.org","@graph":[{"@type":"Article","@id":"https:\/\/fran-caballero.com\/festival-improsevilla-2018\/#article","isPartOf":{"@id":"https:\/\/fran-caballero.com\/festival-improsevilla-2018\/"},"author":{"name":"franca","@id":"https:\/\/fran-caballero.com\/#\/schema\/person\/505b29550120200cc090033d887594a3"},"headline":"Festival ImproSevilla 2018","datePublished":"2018-05-01T09:53:42+00:00","dateModified":"2018-05-09T10:31:00+00:00","mainEntityOfPage":{"@id":"https:\/\/fran-caballero.com\/festival-improsevilla-2018\/"},"wordCount":850,"commentCount":0,"publisher":{"@id":"https:\/\/fran-caballero.com\/#\/schema\/person\/4da0bfac732857d0f97091683c53c107"},"articleSection":["Blog"],"inLanguage":"fr-FR","potentialAction":[{"@type":"CommentAction","name":"Comment","target":["https:\/\/fran-caballero.com\/festival-improsevilla-2018\/#respond"]}]},{"@type":"WebPage","@id":"https:\/\/fran-caballero.com\/festival-improsevilla-2018\/","url":"https:\/\/fran-caballero.com\/festival-improsevilla-2018\/","name":"VI Festival ImproSevilla- Del 3 al 6 de Mayo de 2018","isPartOf":{"@id":"https:\/\/fran-caballero.com\/#website"},"datePublished":"2018-05-01T09:53:42+00:00","dateModified":"2018-05-09T10:31:00+00:00","description":"El VI Festival ImproSevilla tendr\u00e1 lugar del 3 al 6 de Mayo de 2018 en Sala X, La Sala, Espacio Vac\u00edo, el Centro de Documentaci\u00f3n de Artes Esc\u00e9nicas...","breadcrumb":{"@id":"https:\/\/fran-caballero.com\/festival-improsevilla-2018\/#breadcrumb"},"inLanguage":"fr-FR","potentialAction":[{"@type":"ReadAction","target":["https:\/\/fran-caballero.com\/festival-improsevilla-2018\/"]}]},{"@type":"BreadcrumbList","@id":"https:\/\/fran-caballero.com\/festival-improsevilla-2018\/#breadcrumb","itemListElement":[{"@type":"ListItem","position":1,"name":"Portada","item":"https:\/\/fran-caballero.com\/"},{"@type":"ListItem","position":2,"name":"Festival ImproSevilla 2018"}]},{"@type":"WebSite","@id":"https:\/\/fran-caballero.com\/#website","url":"https:\/\/fran-caballero.com\/","name":"Fran Caballero","description":"Acteur - Auteur","publisher":{"@id":"https:\/\/fran-caballero.com\/#\/schema\/person\/4da0bfac732857d0f97091683c53c107"},"potentialAction":[{"@type":"SearchAction","target":{"@type":"EntryPoint","urlTemplate":"https:\/\/fran-caballero.com\/?s={search_term_string}"},"query-input":"required name=search_term_string"}],"inLanguage":"fr-FR"},{"@type":["Person","Organization"],"@id":"https:\/\/fran-caballero.com\/#\/schema\/person\/4da0bfac732857d0f97091683c53c107","name":"Fran Caballero","image":{"@type":"ImageObject","inLanguage":"fr-FR","@id":"https:\/\/fran-caballero.com\/#\/schema\/person\/image\/","url":"https:\/\/fran-caballero.com\/wp-content\/uploads\/2016\/11\/copy-logofran.jpg","contentUrl":"https:\/\/fran-caballero.com\/wp-content\/uploads\/2016\/11\/copy-logofran.jpg","width":150,"height":57,"caption":"Fran Caballero"},"logo":{"@id":"https:\/\/fran-caballero.com\/#\/schema\/person\/image\/"}},{"@type":"Person","@id":"https:\/\/fran-caballero.com\/#\/schema\/person\/505b29550120200cc090033d887594a3","name":"franca","image":{"@type":"ImageObject","inLanguage":"fr-FR","@id":"https:\/\/fran-caballero.com\/#\/schema\/person\/image\/","url":"https:\/\/secure.gravatar.com\/avatar\/0ceb1c044b557ee7735b14a4e69decbf?s=96&d=mm&r=g","contentUrl":"https:\/\/secure.gravatar.com\/avatar\/0ceb1c044b557ee7735b14a4e69decbf?s=96&d=mm&r=g","caption":"franca"}}]}},"_links":{"self":[{"href":"https:\/\/fran-caballero.com\/fr\/wp-json\/wp\/v2\/posts\/3358"}],"collection":[{"href":"https:\/\/fran-caballero.com\/fr\/wp-json\/wp\/v2\/posts"}],"about":[{"href":"https:\/\/fran-caballero.com\/fr\/wp-json\/wp\/v2\/types\/post"}],"author":[{"embeddable":true,"href":"https:\/\/fran-caballero.com\/fr\/wp-json\/wp\/v2\/users\/3"}],"replies":[{"embeddable":true,"href":"https:\/\/fran-caballero.com\/fr\/wp-json\/wp\/v2\/comments?post=3358"}],"version-history":[{"count":7,"href":"https:\/\/fran-caballero.com\/fr\/wp-json\/wp\/v2\/posts\/3358\/revisions"}],"predecessor-version":[{"id":3371,"href":"https:\/\/fran-caballero.com\/fr\/wp-json\/wp\/v2\/posts\/3358\/revisions\/3371"}],"wp:featuredmedia":[{"embeddable":true,"href":"https:\/\/fran-caballero.com\/fr\/wp-json\/wp\/v2\/media\/3360"}],"wp:attachment":[{"href":"https:\/\/fran-caballero.com\/fr\/wp-json\/wp\/v2\/media?parent=3358"}],"wp:term":[{"taxonomy":"category","embeddable":true,"href":"https:\/\/fran-caballero.com\/fr\/wp-json\/wp\/v2\/categories?post=3358"},{"taxonomy":"post_tag","embeddable":true,"href":"https:\/\/fran-caballero.com\/fr\/wp-json\/wp\/v2\/tags?post=3358"}],"curies":[{"name":"wp","href":"https:\/\/api.w.org\/{rel}","templated":true}]}}