{"id":3354,"date":"2018-03-22T10:36:20","date_gmt":"2018-03-22T10:36:20","guid":{"rendered":"https:\/\/fran-caballero.com\/?p=3354"},"modified":"2018-05-09T11:33:53","modified_gmt":"2018-05-09T11:33:53","slug":"improvincianos-cuzco-peru","status":"publish","type":"post","link":"https:\/\/fran-caballero.com\/fr\/improvincianos-cuzco-peru\/","title":{"rendered":"Improvincianos + Fran Caballero en Cuzco &#8211; Per\u00fa"},"content":{"rendered":"<p>El 23 de Marzo en Teatro Casa Darte de Cuzco (Per\u00fa), llega el espect\u00e1culo <em>Fuera de Juego<\/em> de <em>Improvincianos<\/em> con <em>Fran Caballero<\/em> como invitado especial llegado desde Espa\u00f1a.<\/p>\n<p><img decoding=\"async\" loading=\"lazy\" class=\"size-medium wp-image-3375 alignright\" src=\"https:\/\/fran-caballero.com\/wp-content\/uploads\/2018\/05\/improvincianos-300x300.jpg\" alt=\"\" width=\"300\" height=\"300\" srcset=\"https:\/\/fran-caballero.com\/wp-content\/uploads\/2018\/05\/improvincianos-300x300.jpg 300w, https:\/\/fran-caballero.com\/wp-content\/uploads\/2018\/05\/improvincianos-150x150.jpg 150w, https:\/\/fran-caballero.com\/wp-content\/uploads\/2018\/05\/improvincianos-768x768.jpg 768w, https:\/\/fran-caballero.com\/wp-content\/uploads\/2018\/05\/improvincianos-380x380.jpg 380w, https:\/\/fran-caballero.com\/wp-content\/uploads\/2018\/05\/improvincianos.jpg 960w\" sizes=\"(max-width: 300px) 100vw, 300px\" \/><br \/>\nEn 2010 en Cuzco (Per\u00fa) nace <span class=\"text_exposed_show\">Improvincianos, el primer grupo de Impro de la ciudad imperial, con el prop\u00f3sito de desarrollar esta interesante disciplina teatral y de darle al p\u00fablico cusque\u00f1o una opci\u00f3n teatral de sana de diversi\u00f3n.\u00a0<\/span>Por otro lado, Darte nace en Cusco en el oto\u00f1o del 2004. Se origina a partir de la iniciativa de artistas de integrar las \u00e1reas de teatro, m\u00fasica, danza, artes pl\u00e1sticas y ciencias humanas en diferentes proyectos de expresi\u00f3n cultural, tomando como punto de inicio el teatro, y a trav\u00e9s de esta experiencia se comienza a definir una posici\u00f3n art\u00edstica: la investigaci\u00f3n como parte del trabajo, la intenci\u00f3n de s\u00edntesis por medio de las artes y las ciencias, y la reflexi\u00f3n sobre el concepto de identidad y sociedad al igual que los valores sociales que se relacionan. De ello surge la implicancia humana en la promoci\u00f3n y crecimiento de la valoraci\u00f3n cultural de la localidad en interacci\u00f3n con la cultura viva local, nacional e internacional.<\/p>\n<p>Si quieres saber m\u00e1s sobre Improvincianos: https:\/\/www.facebook.com\/IMPROVINCIANOS<\/p>\n<p>La improvisaci\u00f3n teatral, la impro, es teatro. Otra forma de hacer teatro. Escenas creadas de forma instant\u00e1nea, sin guion ni preparaci\u00f3n\u00a0previa, y en las que el actor, al que llamaremos improvisador,\u00a0interpreta la ficci\u00f3n en el mismo momento que la est\u00e1 creando. Como\u00a0en la mayor\u00eda de las obras de teatro, suele haber personajes, acciones,\u00a0conflictos, lugares donde sucede la ficci\u00f3n, variedad de sucesos y transformaciones\u2026pero en la impro, el actor no solo es int\u00e9rprete de la historia,<br \/>\ntambi\u00e9n es responsable de la dramaturgia y de la puesta en escena. Es por tanto, tambi\u00e9n escritor y director.<\/p>\n<p><img decoding=\"async\" loading=\"lazy\" class=\"aligncenter wp-image-3382 size-large\" src=\"https:\/\/fran-caballero.com\/wp-content\/uploads\/2018\/03\/Fran-Caballero-Improvincianos-672x1024.jpg\" alt=\"\" width=\"640\" height=\"975\" srcset=\"https:\/\/fran-caballero.com\/wp-content\/uploads\/2018\/03\/Fran-Caballero-Improvincianos-672x1024.jpg 672w, https:\/\/fran-caballero.com\/wp-content\/uploads\/2018\/03\/Fran-Caballero-Improvincianos-197x300.jpg 197w, https:\/\/fran-caballero.com\/wp-content\/uploads\/2018\/03\/Fran-Caballero-Improvincianos.jpg 766w\" sizes=\"(max-width: 640px) 100vw, 640px\" \/><\/p>\n","protected":false},"excerpt":{"rendered":"<p>El 23 de Marzo en Teatro Casa Darte de Cuzco (Per\u00fa), llega el espect\u00e1culo Fuera de Juego de Improvincianos con Fran Caballero como invitado especial llegado desde Espa\u00f1a. En 2010&#8230;<\/p>\n","protected":false},"author":3,"featured_media":3376,"comment_status":"open","ping_status":"open","sticky":false,"template":"","format":"standard","meta":[],"categories":[7],"tags":[],"translation":{"provider":"WPGlobus","version":"2.10.10","language":"fr","enabled_languages":["es","en","fr"],"languages":{"es":{"title":true,"content":true,"excerpt":false},"en":{"title":false,"content":false,"excerpt":false},"fr":{"title":false,"content":false,"excerpt":false}}},"yoast_head":"<!-- This site is optimized with the Yoast SEO plugin v20.5 - https:\/\/yoast.com\/wordpress\/plugins\/seo\/ -->\n<title>Vuelve Improvincianos con Fran Caballero como invitado espacial<\/title>\n<meta name=\"robots\" content=\"index, follow, max-snippet:-1, max-image-preview:large, max-video-preview:-1\" \/>\n<link rel=\"canonical\" href=\"https:\/\/fran-caballero.com\/improvincianos-cuzco-peru\/\" \/>\n<meta property=\"og:locale\" content=\"fr_FR\" \/>\n<meta property=\"og:type\" content=\"article\" \/>\n<meta property=\"og:title\" content=\"Vuelve Improvincianos con Fran Caballero como invitado espacial\" \/>\n<meta property=\"og:url\" content=\"https:\/\/fran-caballero.com\/improvincianos-cuzco-peru\/\" \/>\n<meta property=\"og:site_name\" content=\"Fran Caballero\" \/>\n<meta property=\"article:published_time\" content=\"2018-03-22T10:36:20+00:00\" \/>\n<meta property=\"article:modified_time\" content=\"2018-05-09T11:33:53+00:00\" \/>\n<meta property=\"og:image\" content=\"https:\/\/fran-caballero.com\/wp-content\/uploads\/2018\/05\/improvincianosss.jpg\" \/>\n\t<meta property=\"og:image:width\" content=\"864\" \/>\n\t<meta property=\"og:image:height\" content=\"960\" \/>\n\t<meta property=\"og:image:type\" content=\"image\/jpeg\" \/>\n<meta name=\"author\" content=\"franca\" \/>\n<meta name=\"twitter:card\" content=\"summary_large_image\" \/>\n<meta name=\"twitter:creator\" content=\"@francaballer0\" \/>\n<meta name=\"twitter:site\" content=\"@francaballer0\" \/>\n<meta name=\"twitter:label1\" content=\"\u00c9crit par\" \/>\n\t<meta name=\"twitter:data1\" content=\"franca\" \/>\n\t<meta name=\"twitter:label2\" content=\"Dur\u00e9e de lecture estim\u00e9e\" \/>\n\t<meta name=\"twitter:data2\" content=\"2 minutes\" \/>\n<script type=\"application\/ld+json\" class=\"yoast-schema-graph\">{\"@context\":\"https:\/\/schema.org\",\"@graph\":[{\"@type\":\"Article\",\"@id\":\"https:\/\/fran-caballero.com\/improvincianos-cuzco-peru\/#article\",\"isPartOf\":{\"@id\":\"https:\/\/fran-caballero.com\/improvincianos-cuzco-peru\/\"},\"author\":{\"name\":\"franca\",\"@id\":\"https:\/\/fran-caballero.com\/#\/schema\/person\/505b29550120200cc090033d887594a3\"},\"headline\":\"Improvincianos + Fran Caballero en Cuzco &#8211; Per\u00fa\",\"datePublished\":\"2018-03-22T10:36:20+00:00\",\"dateModified\":\"2018-05-09T11:33:53+00:00\",\"mainEntityOfPage\":{\"@id\":\"https:\/\/fran-caballero.com\/improvincianos-cuzco-peru\/\"},\"wordCount\":336,\"commentCount\":0,\"publisher\":{\"@id\":\"https:\/\/fran-caballero.com\/#\/schema\/person\/4da0bfac732857d0f97091683c53c107\"},\"articleSection\":[\"Blog\"],\"inLanguage\":\"fr-FR\",\"potentialAction\":[{\"@type\":\"CommentAction\",\"name\":\"Comment\",\"target\":[\"https:\/\/fran-caballero.com\/improvincianos-cuzco-peru\/#respond\"]}]},{\"@type\":\"WebPage\",\"@id\":\"https:\/\/fran-caballero.com\/improvincianos-cuzco-peru\/\",\"url\":\"https:\/\/fran-caballero.com\/improvincianos-cuzco-peru\/\",\"name\":\"Vuelve Improvincianos con Fran Caballero como invitado espacial\",\"isPartOf\":{\"@id\":\"https:\/\/fran-caballero.com\/#website\"},\"datePublished\":\"2018-03-22T10:36:20+00:00\",\"dateModified\":\"2018-05-09T11:33:53+00:00\",\"description\":\"La compa\u00f1\u00eda peruana vuelve a escena con \u00abFuera de juego\u00bb con Fran Caballero como artista invitado llegado desde Espa\u00f1a. Un espect\u00e1culo...\",\"breadcrumb\":{\"@id\":\"https:\/\/fran-caballero.com\/improvincianos-cuzco-peru\/#breadcrumb\"},\"inLanguage\":\"fr-FR\",\"potentialAction\":[{\"@type\":\"ReadAction\",\"target\":[\"https:\/\/fran-caballero.com\/improvincianos-cuzco-peru\/\"]}]},{\"@type\":\"BreadcrumbList\",\"@id\":\"https:\/\/fran-caballero.com\/improvincianos-cuzco-peru\/#breadcrumb\",\"itemListElement\":[{\"@type\":\"ListItem\",\"position\":1,\"name\":\"Portada\",\"item\":\"https:\/\/fran-caballero.com\/\"},{\"@type\":\"ListItem\",\"position\":2,\"name\":\"Improvincianos + Fran Caballero en Cuzco &#8211; Per\u00fa\"}]},{\"@type\":\"WebSite\",\"@id\":\"https:\/\/fran-caballero.com\/#website\",\"url\":\"https:\/\/fran-caballero.com\/\",\"name\":\"Fran Caballero\",\"description\":\"Acteur - Auteur\",\"publisher\":{\"@id\":\"https:\/\/fran-caballero.com\/#\/schema\/person\/4da0bfac732857d0f97091683c53c107\"},\"potentialAction\":[{\"@type\":\"SearchAction\",\"target\":{\"@type\":\"EntryPoint\",\"urlTemplate\":\"https:\/\/fran-caballero.com\/?s={search_term_string}\"},\"query-input\":\"required name=search_term_string\"}],\"inLanguage\":\"fr-FR\"},{\"@type\":[\"Person\",\"Organization\"],\"@id\":\"https:\/\/fran-caballero.com\/#\/schema\/person\/4da0bfac732857d0f97091683c53c107\",\"name\":\"Fran Caballero\",\"image\":{\"@type\":\"ImageObject\",\"inLanguage\":\"fr-FR\",\"@id\":\"https:\/\/fran-caballero.com\/#\/schema\/person\/image\/\",\"url\":\"https:\/\/fran-caballero.com\/wp-content\/uploads\/2016\/11\/copy-logofran.jpg\",\"contentUrl\":\"https:\/\/fran-caballero.com\/wp-content\/uploads\/2016\/11\/copy-logofran.jpg\",\"width\":150,\"height\":57,\"caption\":\"Fran Caballero\"},\"logo\":{\"@id\":\"https:\/\/fran-caballero.com\/#\/schema\/person\/image\/\"}},{\"@type\":\"Person\",\"@id\":\"https:\/\/fran-caballero.com\/#\/schema\/person\/505b29550120200cc090033d887594a3\",\"name\":\"franca\",\"image\":{\"@type\":\"ImageObject\",\"inLanguage\":\"fr-FR\",\"@id\":\"https:\/\/fran-caballero.com\/#\/schema\/person\/image\/\",\"url\":\"https:\/\/secure.gravatar.com\/avatar\/0ceb1c044b557ee7735b14a4e69decbf?s=96&d=mm&r=g\",\"contentUrl\":\"https:\/\/secure.gravatar.com\/avatar\/0ceb1c044b557ee7735b14a4e69decbf?s=96&d=mm&r=g\",\"caption\":\"franca\"}}]}<\/script>\n<!-- \/ Yoast SEO plugin. -->","yoast_head_json":{"title":"Vuelve Improvincianos con Fran Caballero como invitado espacial","robots":{"index":"index","follow":"follow","max-snippet":"max-snippet:-1","max-image-preview":"max-image-preview:large","max-video-preview":"max-video-preview:-1"},"canonical":"https:\/\/fran-caballero.com\/improvincianos-cuzco-peru\/","og_locale":"fr_FR","og_type":"article","og_title":"Vuelve Improvincianos con Fran Caballero como invitado espacial","og_url":"https:\/\/fran-caballero.com\/improvincianos-cuzco-peru\/","og_site_name":"Fran Caballero","article_published_time":"2018-03-22T10:36:20+00:00","article_modified_time":"2018-05-09T11:33:53+00:00","og_image":[{"width":864,"height":960,"url":"https:\/\/fran-caballero.com\/wp-content\/uploads\/2018\/05\/improvincianosss.jpg","type":"image\/jpeg"}],"author":"franca","twitter_card":"summary_large_image","twitter_creator":"@francaballer0","twitter_site":"@francaballer0","twitter_misc":{"\u00c9crit par":"franca","Dur\u00e9e de lecture estim\u00e9e":"2 minutes"},"schema":{"@context":"https:\/\/schema.org","@graph":[{"@type":"Article","@id":"https:\/\/fran-caballero.com\/improvincianos-cuzco-peru\/#article","isPartOf":{"@id":"https:\/\/fran-caballero.com\/improvincianos-cuzco-peru\/"},"author":{"name":"franca","@id":"https:\/\/fran-caballero.com\/#\/schema\/person\/505b29550120200cc090033d887594a3"},"headline":"Improvincianos + Fran Caballero en Cuzco &#8211; Per\u00fa","datePublished":"2018-03-22T10:36:20+00:00","dateModified":"2018-05-09T11:33:53+00:00","mainEntityOfPage":{"@id":"https:\/\/fran-caballero.com\/improvincianos-cuzco-peru\/"},"wordCount":336,"commentCount":0,"publisher":{"@id":"https:\/\/fran-caballero.com\/#\/schema\/person\/4da0bfac732857d0f97091683c53c107"},"articleSection":["Blog"],"inLanguage":"fr-FR","potentialAction":[{"@type":"CommentAction","name":"Comment","target":["https:\/\/fran-caballero.com\/improvincianos-cuzco-peru\/#respond"]}]},{"@type":"WebPage","@id":"https:\/\/fran-caballero.com\/improvincianos-cuzco-peru\/","url":"https:\/\/fran-caballero.com\/improvincianos-cuzco-peru\/","name":"Vuelve Improvincianos con Fran Caballero como invitado espacial","isPartOf":{"@id":"https:\/\/fran-caballero.com\/#website"},"datePublished":"2018-03-22T10:36:20+00:00","dateModified":"2018-05-09T11:33:53+00:00","description":"La compa\u00f1\u00eda peruana vuelve a escena con \u00abFuera de juego\u00bb con Fran Caballero como artista invitado llegado desde Espa\u00f1a. Un espect\u00e1culo...","breadcrumb":{"@id":"https:\/\/fran-caballero.com\/improvincianos-cuzco-peru\/#breadcrumb"},"inLanguage":"fr-FR","potentialAction":[{"@type":"ReadAction","target":["https:\/\/fran-caballero.com\/improvincianos-cuzco-peru\/"]}]},{"@type":"BreadcrumbList","@id":"https:\/\/fran-caballero.com\/improvincianos-cuzco-peru\/#breadcrumb","itemListElement":[{"@type":"ListItem","position":1,"name":"Portada","item":"https:\/\/fran-caballero.com\/"},{"@type":"ListItem","position":2,"name":"Improvincianos + Fran Caballero en Cuzco &#8211; Per\u00fa"}]},{"@type":"WebSite","@id":"https:\/\/fran-caballero.com\/#website","url":"https:\/\/fran-caballero.com\/","name":"Fran Caballero","description":"Acteur - Auteur","publisher":{"@id":"https:\/\/fran-caballero.com\/#\/schema\/person\/4da0bfac732857d0f97091683c53c107"},"potentialAction":[{"@type":"SearchAction","target":{"@type":"EntryPoint","urlTemplate":"https:\/\/fran-caballero.com\/?s={search_term_string}"},"query-input":"required name=search_term_string"}],"inLanguage":"fr-FR"},{"@type":["Person","Organization"],"@id":"https:\/\/fran-caballero.com\/#\/schema\/person\/4da0bfac732857d0f97091683c53c107","name":"Fran Caballero","image":{"@type":"ImageObject","inLanguage":"fr-FR","@id":"https:\/\/fran-caballero.com\/#\/schema\/person\/image\/","url":"https:\/\/fran-caballero.com\/wp-content\/uploads\/2016\/11\/copy-logofran.jpg","contentUrl":"https:\/\/fran-caballero.com\/wp-content\/uploads\/2016\/11\/copy-logofran.jpg","width":150,"height":57,"caption":"Fran Caballero"},"logo":{"@id":"https:\/\/fran-caballero.com\/#\/schema\/person\/image\/"}},{"@type":"Person","@id":"https:\/\/fran-caballero.com\/#\/schema\/person\/505b29550120200cc090033d887594a3","name":"franca","image":{"@type":"ImageObject","inLanguage":"fr-FR","@id":"https:\/\/fran-caballero.com\/#\/schema\/person\/image\/","url":"https:\/\/secure.gravatar.com\/avatar\/0ceb1c044b557ee7735b14a4e69decbf?s=96&d=mm&r=g","contentUrl":"https:\/\/secure.gravatar.com\/avatar\/0ceb1c044b557ee7735b14a4e69decbf?s=96&d=mm&r=g","caption":"franca"}}]}},"_links":{"self":[{"href":"https:\/\/fran-caballero.com\/fr\/wp-json\/wp\/v2\/posts\/3354"}],"collection":[{"href":"https:\/\/fran-caballero.com\/fr\/wp-json\/wp\/v2\/posts"}],"about":[{"href":"https:\/\/fran-caballero.com\/fr\/wp-json\/wp\/v2\/types\/post"}],"author":[{"embeddable":true,"href":"https:\/\/fran-caballero.com\/fr\/wp-json\/wp\/v2\/users\/3"}],"replies":[{"embeddable":true,"href":"https:\/\/fran-caballero.com\/fr\/wp-json\/wp\/v2\/comments?post=3354"}],"version-history":[{"count":8,"href":"https:\/\/fran-caballero.com\/fr\/wp-json\/wp\/v2\/posts\/3354\/revisions"}],"predecessor-version":[{"id":3390,"href":"https:\/\/fran-caballero.com\/fr\/wp-json\/wp\/v2\/posts\/3354\/revisions\/3390"}],"wp:featuredmedia":[{"embeddable":true,"href":"https:\/\/fran-caballero.com\/fr\/wp-json\/wp\/v2\/media\/3376"}],"wp:attachment":[{"href":"https:\/\/fran-caballero.com\/fr\/wp-json\/wp\/v2\/media?parent=3354"}],"wp:term":[{"taxonomy":"category","embeddable":true,"href":"https:\/\/fran-caballero.com\/fr\/wp-json\/wp\/v2\/categories?post=3354"},{"taxonomy":"post_tag","embeddable":true,"href":"https:\/\/fran-caballero.com\/fr\/wp-json\/wp\/v2\/tags?post=3354"}],"curies":[{"name":"wp","href":"https:\/\/api.w.org\/{rel}","templated":true}]}}