{"id":3165,"date":"2017-10-23T23:06:32","date_gmt":"2017-10-23T23:06:32","guid":{"rendered":"https:\/\/fran-caballero.com\/?p=3165"},"modified":"2018-06-09T17:38:32","modified_gmt":"2018-06-09T17:38:32","slug":"fidelio","status":"publish","type":"post","link":"https:\/\/fran-caballero.com\/fr\/fidelio\/","title":{"rendered":"Fidelio"},"content":{"rendered":"<h6>FICHA T\u00c9CNICA<\/h6>\n<div class=\"linea\"><span class=\"campo1 txt_01\">Direcci\u00f3n musical<\/span><\/div>\n<div class=\"linea\"><span class=\"campo2 txt_01\">PEDRO HALFFTER CARO<\/span><\/div>\n<div><\/div>\n<div class=\"linea\"><span class=\"campo1 txt_01\">Direcci\u00f3n de escena<\/span><\/div>\n<div class=\"linea\"><span class=\"campo2 txt_01\">JOS\u00c9 CARLOS PLAZA<\/span><\/div>\n<div><\/div>\n<div class=\"linea\"><span class=\"campo1 txt_01\">Escenograf\u00eda e iluminaci\u00f3n<\/span><\/div>\n<div class=\"linea\"><span class=\"campo2 txt_01\">FRANCISCO LEAL<\/span><\/div>\n<div><\/div>\n<div class=\"linea\"><span class=\"campo1 txt_01\">Vestuario<\/span><\/div>\n<div class=\"linea\"><span class=\"campo2 txt_01\">PEDRO MORENO<\/span><\/div>\n<div><\/div>\n<div class=\"linea\"><span class=\"campo1 txt_01\">Producci\u00f3n<\/span><\/div>\n<div class=\"linea\"><span class=\"campo2 txt_01\">TEATRO DE LA MAESTRANZA<\/span><\/div>\n<div><\/div>\n<div class=\"linea\"><span class=\"campo1 txt_01\">REAL ORQUESTA SINF\u00d3NICA DE SEVILLA<\/span><\/div>\n<div class=\"linea\"><span class=\"campo2 txt_01\">Director art\u00edstico y musical, John Axelrod<\/span><\/div>\n<div><\/div>\n<div><\/div>\n<p><iframe loading=\"lazy\" width=\"640\" height=\"360\" src=\"https:\/\/www.youtube.com\/embed\/yM6chAmsNdA?feature=oembed\" frameborder=\"0\" allow=\"autoplay; encrypted-media\" allowfullscreen><\/iframe><\/p>\n<p>El director teatral Jos\u00e9 Carlos Plaza representa la \u00f3pera de Beethoven \u00abFidelio\u00bb en el Teatro de la Maestranza. Extracto del programa \u00abCultura Andaluc\u00eda al d\u00eda\u00bb presentado por Jes\u00fas Vigorra del 23 de Octubre de 2017. Andaluc\u00eda TV donde se ve al director dando indicaciones a los actores. Entrevista completa <a href=\"http:\/\/www.canalsur.es\/multimedia.html?id=1216213\">aqu\u00ed.<\/a><br \/>\nUn verdadero lujo poder ser parte de este montaje.<\/p>\n<div id='gallery-1' class='gallery galleryid-3165 gallery-columns-3 gallery-size-thumbnail'><figure class='gallery-item'>\n\t\t\t<div class='gallery-icon landscape'>\n\t\t\t\t<a href='https:\/\/fran-caballero.com\/fr\/fidelio\/imagenes-fidelio_1184592040_74083309_1011x569\/'><img width=\"150\" height=\"150\" src=\"https:\/\/fran-caballero.com\/wp-content\/uploads\/2017\/10\/imagenes-Fidelio_1184592040_74083309_1011x569-150x150.jpg\" class=\"attachment-thumbnail size-thumbnail\" alt=\"\" decoding=\"async\" loading=\"lazy\" aria-describedby=\"gallery-1-3166\" srcset=\"https:\/\/fran-caballero.com\/wp-content\/uploads\/2017\/10\/imagenes-Fidelio_1184592040_74083309_1011x569-150x150.jpg 150w, https:\/\/fran-caballero.com\/wp-content\/uploads\/2017\/10\/imagenes-Fidelio_1184592040_74083309_1011x569-380x380.jpg 380w\" sizes=\"(max-width: 150px) 100vw, 150px\" \/><\/a>\n\t\t\t<\/div>\n\t\t\t\t<figcaption class='wp-caption-text gallery-caption' id='gallery-1-3166'>\n\t\t\t\tFidelio Juan Carlos V\u00e1zquez\n\t\t\t\t<\/figcaption><\/figure><figure class='gallery-item'>\n\t\t\t<div class='gallery-icon landscape'>\n\t\t\t\t<a href='https:\/\/fran-caballero.com\/fr\/fidelio\/img-20171023-wa0000\/'><img width=\"150\" height=\"150\" src=\"https:\/\/fran-caballero.com\/wp-content\/uploads\/2017\/10\/IMG-20171023-WA0000-150x150.jpg\" class=\"attachment-thumbnail size-thumbnail\" alt=\"\" decoding=\"async\" loading=\"lazy\" aria-describedby=\"gallery-1-3167\" srcset=\"https:\/\/fran-caballero.com\/wp-content\/uploads\/2017\/10\/IMG-20171023-WA0000-150x150.jpg 150w, https:\/\/fran-caballero.com\/wp-content\/uploads\/2017\/10\/IMG-20171023-WA0000-380x380.jpg 380w\" sizes=\"(max-width: 150px) 100vw, 150px\" \/><\/a>\n\t\t\t<\/div>\n\t\t\t\t<figcaption class='wp-caption-text gallery-caption' id='gallery-1-3167'>\n\t\t\t\tFidelio Roberto Alca\u00edn\n\t\t\t\t<\/figcaption><\/figure><figure class='gallery-item'>\n\t\t\t<div class='gallery-icon landscape'>\n\t\t\t\t<a href='https:\/\/fran-caballero.com\/fr\/fidelio\/juan-carlos-vazquez-diario-de-sevilla\/'><img width=\"150\" height=\"150\" src=\"https:\/\/fran-caballero.com\/wp-content\/uploads\/2017\/10\/Juan-carlos-Vazquez-diario-de-sevilla-150x150.jpg\" class=\"attachment-thumbnail size-thumbnail\" alt=\"\" decoding=\"async\" loading=\"lazy\" aria-describedby=\"gallery-1-3168\" srcset=\"https:\/\/fran-caballero.com\/wp-content\/uploads\/2017\/10\/Juan-carlos-Vazquez-diario-de-sevilla-150x150.jpg 150w, https:\/\/fran-caballero.com\/wp-content\/uploads\/2017\/10\/Juan-carlos-Vazquez-diario-de-sevilla-380x380.jpg 380w\" sizes=\"(max-width: 150px) 100vw, 150px\" \/><\/a>\n\t\t\t<\/div>\n\t\t\t\t<figcaption class='wp-caption-text gallery-caption' id='gallery-1-3168'>\n\t\t\t\tFidelio Juan Carlos V\u00e1zquez\n\t\t\t\t<\/figcaption><\/figure><figure class='gallery-item'>\n\t\t\t<div class='gallery-icon landscape'>\n\t\t\t\t<a href='https:\/\/fran-caballero.com\/fr\/fidelio\/a24-jpg\/'><img width=\"150\" height=\"150\" src=\"https:\/\/fran-caballero.com\/wp-content\/uploads\/2017\/10\/opera-fidelio-sevilla-1_xoptimizadax-150x150.jpg\" class=\"attachment-thumbnail size-thumbnail\" alt=\"\" decoding=\"async\" loading=\"lazy\" aria-describedby=\"gallery-1-3169\" srcset=\"https:\/\/fran-caballero.com\/wp-content\/uploads\/2017\/10\/opera-fidelio-sevilla-1_xoptimizadax-150x150.jpg 150w, https:\/\/fran-caballero.com\/wp-content\/uploads\/2017\/10\/opera-fidelio-sevilla-1_xoptimizadax-380x380.jpg 380w\" sizes=\"(max-width: 150px) 100vw, 150px\" \/><\/a>\n\t\t\t<\/div>\n\t\t\t\t<figcaption class='wp-caption-text gallery-caption' id='gallery-1-3169'>\n\t\t\t\tFidelio .  J.M.Serrano\n\t\t\t\t<\/figcaption><\/figure><figure class='gallery-item'>\n\t\t\t<div class='gallery-icon portrait'>\n\t\t\t\t<a href='https:\/\/fran-caballero.com\/fr\/fidelio\/a9-jpg\/'><img width=\"150\" height=\"150\" src=\"https:\/\/fran-caballero.com\/wp-content\/uploads\/2017\/10\/opera-fidelio-sevilla-2_xoptimizadax-150x150.jpg\" class=\"attachment-thumbnail size-thumbnail\" alt=\"\" decoding=\"async\" loading=\"lazy\" aria-describedby=\"gallery-1-3170\" srcset=\"https:\/\/fran-caballero.com\/wp-content\/uploads\/2017\/10\/opera-fidelio-sevilla-2_xoptimizadax-150x150.jpg 150w, https:\/\/fran-caballero.com\/wp-content\/uploads\/2017\/10\/opera-fidelio-sevilla-2_xoptimizadax-380x380.jpg 380w\" sizes=\"(max-width: 150px) 100vw, 150px\" \/><\/a>\n\t\t\t<\/div>\n\t\t\t\t<figcaption class='wp-caption-text gallery-caption' id='gallery-1-3170'>\n\t\t\t\tFidelio J.M.Serrano \n\t\t\t\t<\/figcaption><\/figure><figure class='gallery-item'>\n\t\t\t<div class='gallery-icon landscape'>\n\t\t\t\t<a href='https:\/\/fran-caballero.com\/fr\/fidelio\/a22-jpg\/'><img width=\"150\" height=\"150\" src=\"https:\/\/fran-caballero.com\/wp-content\/uploads\/2017\/10\/opera-fidelio-sevilla-5_xoptimizadax-150x150.jpg\" class=\"attachment-thumbnail size-thumbnail\" alt=\"\" decoding=\"async\" loading=\"lazy\" aria-describedby=\"gallery-1-3171\" srcset=\"https:\/\/fran-caballero.com\/wp-content\/uploads\/2017\/10\/opera-fidelio-sevilla-5_xoptimizadax-150x150.jpg 150w, https:\/\/fran-caballero.com\/wp-content\/uploads\/2017\/10\/opera-fidelio-sevilla-5_xoptimizadax-380x380.jpg 380w\" sizes=\"(max-width: 150px) 100vw, 150px\" \/><\/a>\n\t\t\t<\/div>\n\t\t\t\t<figcaption class='wp-caption-text gallery-caption' id='gallery-1-3171'>\n\t\t\t\tFidelio J.M.Serrano \n\t\t\t\t<\/figcaption><\/figure><figure class='gallery-item'>\n\t\t\t<div class='gallery-icon landscape'>\n\t\t\t\t<a href='https:\/\/fran-caballero.com\/fr\/fidelio\/a30-jpg\/'><img width=\"150\" height=\"150\" src=\"https:\/\/fran-caballero.com\/wp-content\/uploads\/2017\/10\/opera-fidelio-sevilla-7_xoptimizadax-150x150.jpg\" class=\"attachment-thumbnail size-thumbnail\" alt=\"\" decoding=\"async\" loading=\"lazy\" aria-describedby=\"gallery-1-3172\" srcset=\"https:\/\/fran-caballero.com\/wp-content\/uploads\/2017\/10\/opera-fidelio-sevilla-7_xoptimizadax-150x150.jpg 150w, https:\/\/fran-caballero.com\/wp-content\/uploads\/2017\/10\/opera-fidelio-sevilla-7_xoptimizadax-380x380.jpg 380w\" sizes=\"(max-width: 150px) 100vw, 150px\" \/><\/a>\n\t\t\t<\/div>\n\t\t\t\t<figcaption class='wp-caption-text gallery-caption' id='gallery-1-3172'>\n\t\t\t\tFidelio J.M.Serrano \n\t\t\t\t<\/figcaption><\/figure><figure class='gallery-item'>\n\t\t\t<div class='gallery-icon landscape'>\n\t\t\t\t<a href='https:\/\/fran-caballero.com\/fr\/fidelio\/a32-jpg\/'><img width=\"150\" height=\"150\" src=\"https:\/\/fran-caballero.com\/wp-content\/uploads\/2017\/10\/opera-fidelio-sevilla-15_xoptimizadax-150x150.jpg\" class=\"attachment-thumbnail size-thumbnail\" alt=\"\" decoding=\"async\" loading=\"lazy\" aria-describedby=\"gallery-1-3173\" srcset=\"https:\/\/fran-caballero.com\/wp-content\/uploads\/2017\/10\/opera-fidelio-sevilla-15_xoptimizadax-150x150.jpg 150w, https:\/\/fran-caballero.com\/wp-content\/uploads\/2017\/10\/opera-fidelio-sevilla-15_xoptimizadax-380x380.jpg 380w\" sizes=\"(max-width: 150px) 100vw, 150px\" \/><\/a>\n\t\t\t<\/div>\n\t\t\t\t<figcaption class='wp-caption-text gallery-caption' id='gallery-1-3173'>\n\t\t\t\tFidelio J.M.Serrano \n\t\t\t\t<\/figcaption><\/figure><figure class='gallery-item'>\n\t\t\t<div class='gallery-icon landscape'>\n\t\t\t\t<a href='https:\/\/fran-caballero.com\/fr\/fidelio\/a6-jpg\/'><img width=\"150\" height=\"150\" src=\"https:\/\/fran-caballero.com\/wp-content\/uploads\/2017\/10\/opera-fidelio-sevilla-17_xoptimizadax-150x150.jpg\" class=\"attachment-thumbnail size-thumbnail\" alt=\"\" decoding=\"async\" loading=\"lazy\" aria-describedby=\"gallery-1-3174\" srcset=\"https:\/\/fran-caballero.com\/wp-content\/uploads\/2017\/10\/opera-fidelio-sevilla-17_xoptimizadax-150x150.jpg 150w, https:\/\/fran-caballero.com\/wp-content\/uploads\/2017\/10\/opera-fidelio-sevilla-17_xoptimizadax-380x380.jpg 380w\" sizes=\"(max-width: 150px) 100vw, 150px\" \/><\/a>\n\t\t\t<\/div>\n\t\t\t\t<figcaption class='wp-caption-text gallery-caption' id='gallery-1-3174'>\n\t\t\t\tFidelio J.M.Serrano \n\t\t\t\t<\/figcaption><\/figure>\n\t\t<\/div>\n\n<p>Fotograf\u00eda: <a href=\"http:\/\/sevilla.abc.es\/cultura\/sevi-ultimos-preparativos-fidelio-maestranza-211705891081-20171022084920_galeria.html\">J.M.Serrano,<\/a>\u00a0<a href=\"https:\/\/www.flickr.com\/photos\/ralcains\/albums\/72157687645391670\">Roberto Alca\u00edn<\/a> y <a href=\"http:\/\/www.diariodesevilla.es\/ocio\/imagenes-Fidelio_3_1184611529.html\">Juan Carlos V\u00e1zquez\u00a0<\/a><\/p>\n<p><a href=\"https:\/\/www.teatrodelamaestranza.es\/programacion\/429_FIDELIO.html\"><strong>FIDELIO<\/strong><\/a>\u00a0de Ludwig van Beethoven (1770-1827)<br \/>\n24, 27 y 30 de octubre, 2017<br \/>\n20.30 horas<\/p>\n<p><em>\u201cFIDELIO\u201d, BANDERA DE LIBERTAD<\/em><\/p>\n<p>A\u00a0pesar de que el tel\u00f3n se abrir\u00e1 para mostrarnos una l\u00f3brega prisi\u00f3n en las inmediaciones de Sevilla, el Teatro de la Maestranza ingresa en su temporada l\u00edrica enarbolando la luminosa bandera de la esperanza, la fraternidad y la igualdad. Porque \u201cFidelio\u201d, \u00fanica \u00f3pera de Ludwig van Beethoven (1770 \u2013 1827) esconde, bajo su trama rom\u00e1ntica consagrada a enaltecer el amor conyugal, una vibrante exaltaci\u00f3n del humanismo, la igualdad y la fraternidad contra cualquier forma de autoritarismo, hasta el punto de que ha sido considerada el primer drama musical de la Historia moderna y un acto de fe en el poder regenerador de la civilizaci\u00f3n y la cultura.<\/p>\n<p><iframe loading=\"lazy\" width=\"640\" height=\"360\" src=\"https:\/\/www.youtube.com\/embed\/aSniNj7LvXk?feature=oembed\" frameborder=\"0\" allow=\"autoplay; encrypted-media\" allowfullscreen><\/iframe><\/p>\n","protected":false},"excerpt":{"rendered":"<p>FICHA T\u00c9CNICA Direcci\u00f3n musical PEDRO HALFFTER CARO Direcci\u00f3n de escena JOS\u00c9 CARLOS PLAZA Escenograf\u00eda e iluminaci\u00f3n FRANCISCO LEAL Vestuario PEDRO MORENO Producci\u00f3n TEATRO DE LA MAESTRANZA REAL ORQUESTA SINF\u00d3NICA DE&#8230;<\/p>\n","protected":false},"author":3,"featured_media":3176,"comment_status":"open","ping_status":"open","sticky":false,"template":"","format":"standard","meta":[],"categories":[7],"tags":[],"translation":{"provider":"WPGlobus","version":"2.10.10","language":"fr","enabled_languages":["es","en","fr"],"languages":{"es":{"title":true,"content":true,"excerpt":false},"en":{"title":false,"content":false,"excerpt":false},"fr":{"title":false,"content":false,"excerpt":false}}},"yoast_head":"<!-- This site is optimized with the Yoast SEO plugin v20.5 - https:\/\/yoast.com\/wordpress\/plugins\/seo\/ -->\n<title>Fidelio - Fran Caballero<\/title>\n<meta name=\"robots\" content=\"index, follow, max-snippet:-1, max-image-preview:large, max-video-preview:-1\" \/>\n<link rel=\"canonical\" href=\"https:\/\/fran-caballero.com\/fr\/fidelio\/\" \/>\n<meta property=\"og:locale\" content=\"fr_FR\" \/>\n<meta property=\"og:type\" content=\"article\" \/>\n<meta property=\"og:title\" content=\"Fidelio - Fran Caballero\" \/>\n<meta property=\"og:url\" content=\"https:\/\/fran-caballero.com\/fr\/fidelio\/\" \/>\n<meta property=\"og:site_name\" content=\"Fran Caballero\" \/>\n<meta property=\"article:published_time\" content=\"2017-10-23T23:06:32+00:00\" \/>\n<meta property=\"article:modified_time\" content=\"2018-06-09T17:38:32+00:00\" \/>\n<meta property=\"og:image\" content=\"https:\/\/fran-caballero.com\/wp-content\/uploads\/2017\/10\/opera-fidelio-sevilla-26_xoptimizadax.jpg\" \/>\n\t<meta property=\"og:image:width\" content=\"1491\" \/>\n\t<meta property=\"og:image:height\" content=\"900\" \/>\n\t<meta property=\"og:image:type\" content=\"image\/jpeg\" \/>\n<meta name=\"author\" content=\"franca\" \/>\n<meta name=\"twitter:card\" content=\"summary_large_image\" \/>\n<meta name=\"twitter:creator\" content=\"@francaballer0\" \/>\n<meta name=\"twitter:site\" content=\"@francaballer0\" \/>\n<meta name=\"twitter:label1\" content=\"\u00c9crit par\" \/>\n\t<meta name=\"twitter:data1\" content=\"franca\" \/>\n\t<meta name=\"twitter:label2\" content=\"Dur\u00e9e de lecture estim\u00e9e\" \/>\n\t<meta name=\"twitter:data2\" content=\"1 minute\" \/>\n<script type=\"application\/ld+json\" class=\"yoast-schema-graph\">{\"@context\":\"https:\/\/schema.org\",\"@graph\":[{\"@type\":\"Article\",\"@id\":\"https:\/\/fran-caballero.com\/fr\/fidelio\/#article\",\"isPartOf\":{\"@id\":\"https:\/\/fran-caballero.com\/fr\/fidelio\/\"},\"author\":{\"name\":\"franca\",\"@id\":\"https:\/\/fran-caballero.com\/#\/schema\/person\/505b29550120200cc090033d887594a3\"},\"headline\":\"Fidelio\",\"datePublished\":\"2017-10-23T23:06:32+00:00\",\"dateModified\":\"2018-06-09T17:38:32+00:00\",\"mainEntityOfPage\":{\"@id\":\"https:\/\/fran-caballero.com\/fr\/fidelio\/\"},\"wordCount\":266,\"commentCount\":0,\"publisher\":{\"@id\":\"https:\/\/fran-caballero.com\/#\/schema\/person\/4da0bfac732857d0f97091683c53c107\"},\"articleSection\":[\"Blog\"],\"inLanguage\":\"fr-FR\",\"potentialAction\":[{\"@type\":\"CommentAction\",\"name\":\"Comment\",\"target\":[\"https:\/\/fran-caballero.com\/fr\/fidelio\/#respond\"]}]},{\"@type\":\"WebPage\",\"@id\":\"https:\/\/fran-caballero.com\/fr\/fidelio\/\",\"url\":\"https:\/\/fran-caballero.com\/fr\/fidelio\/\",\"name\":\"Fidelio - Fran Caballero\",\"isPartOf\":{\"@id\":\"https:\/\/fran-caballero.com\/#website\"},\"datePublished\":\"2017-10-23T23:06:32+00:00\",\"dateModified\":\"2018-06-09T17:38:32+00:00\",\"description\":\"FIDELIO\u00a0de Ludwig van Beethoven en el Teatro de la Maestranza bajo la direcci\u00f3n de Jos\u00e9 Carlos Plaza. Una l\u00f3brega prisi\u00f3n en las inmediaciones de Sevilla...\",\"breadcrumb\":{\"@id\":\"https:\/\/fran-caballero.com\/fr\/fidelio\/#breadcrumb\"},\"inLanguage\":\"fr-FR\",\"potentialAction\":[{\"@type\":\"ReadAction\",\"target\":[\"https:\/\/fran-caballero.com\/fr\/fidelio\/\"]}]},{\"@type\":\"BreadcrumbList\",\"@id\":\"https:\/\/fran-caballero.com\/fr\/fidelio\/#breadcrumb\",\"itemListElement\":[{\"@type\":\"ListItem\",\"position\":1,\"name\":\"Portada\",\"item\":\"https:\/\/fran-caballero.com\/\"},{\"@type\":\"ListItem\",\"position\":2,\"name\":\"Fidelio\"}]},{\"@type\":\"WebSite\",\"@id\":\"https:\/\/fran-caballero.com\/#website\",\"url\":\"https:\/\/fran-caballero.com\/\",\"name\":\"Fran Caballero\",\"description\":\"Acteur - Auteur\",\"publisher\":{\"@id\":\"https:\/\/fran-caballero.com\/#\/schema\/person\/4da0bfac732857d0f97091683c53c107\"},\"potentialAction\":[{\"@type\":\"SearchAction\",\"target\":{\"@type\":\"EntryPoint\",\"urlTemplate\":\"https:\/\/fran-caballero.com\/?s={search_term_string}\"},\"query-input\":\"required name=search_term_string\"}],\"inLanguage\":\"fr-FR\"},{\"@type\":[\"Person\",\"Organization\"],\"@id\":\"https:\/\/fran-caballero.com\/#\/schema\/person\/4da0bfac732857d0f97091683c53c107\",\"name\":\"Fran Caballero\",\"image\":{\"@type\":\"ImageObject\",\"inLanguage\":\"fr-FR\",\"@id\":\"https:\/\/fran-caballero.com\/#\/schema\/person\/image\/\",\"url\":\"https:\/\/fran-caballero.com\/wp-content\/uploads\/2016\/11\/copy-logofran.jpg\",\"contentUrl\":\"https:\/\/fran-caballero.com\/wp-content\/uploads\/2016\/11\/copy-logofran.jpg\",\"width\":150,\"height\":57,\"caption\":\"Fran Caballero\"},\"logo\":{\"@id\":\"https:\/\/fran-caballero.com\/#\/schema\/person\/image\/\"}},{\"@type\":\"Person\",\"@id\":\"https:\/\/fran-caballero.com\/#\/schema\/person\/505b29550120200cc090033d887594a3\",\"name\":\"franca\",\"image\":{\"@type\":\"ImageObject\",\"inLanguage\":\"fr-FR\",\"@id\":\"https:\/\/fran-caballero.com\/#\/schema\/person\/image\/\",\"url\":\"https:\/\/secure.gravatar.com\/avatar\/0ceb1c044b557ee7735b14a4e69decbf?s=96&d=mm&r=g\",\"contentUrl\":\"https:\/\/secure.gravatar.com\/avatar\/0ceb1c044b557ee7735b14a4e69decbf?s=96&d=mm&r=g\",\"caption\":\"franca\"}}]}<\/script>\n<!-- \/ Yoast SEO plugin. -->","yoast_head_json":{"title":"Fidelio - Fran Caballero","robots":{"index":"index","follow":"follow","max-snippet":"max-snippet:-1","max-image-preview":"max-image-preview:large","max-video-preview":"max-video-preview:-1"},"canonical":"https:\/\/fran-caballero.com\/fr\/fidelio\/","og_locale":"fr_FR","og_type":"article","og_title":"Fidelio - Fran Caballero","og_url":"https:\/\/fran-caballero.com\/fr\/fidelio\/","og_site_name":"Fran Caballero","article_published_time":"2017-10-23T23:06:32+00:00","article_modified_time":"2018-06-09T17:38:32+00:00","og_image":[{"width":1491,"height":900,"url":"https:\/\/fran-caballero.com\/wp-content\/uploads\/2017\/10\/opera-fidelio-sevilla-26_xoptimizadax.jpg","type":"image\/jpeg"}],"author":"franca","twitter_card":"summary_large_image","twitter_creator":"@francaballer0","twitter_site":"@francaballer0","twitter_misc":{"\u00c9crit par":"franca","Dur\u00e9e de lecture estim\u00e9e":"1 minute"},"schema":{"@context":"https:\/\/schema.org","@graph":[{"@type":"Article","@id":"https:\/\/fran-caballero.com\/fr\/fidelio\/#article","isPartOf":{"@id":"https:\/\/fran-caballero.com\/fr\/fidelio\/"},"author":{"name":"franca","@id":"https:\/\/fran-caballero.com\/#\/schema\/person\/505b29550120200cc090033d887594a3"},"headline":"Fidelio","datePublished":"2017-10-23T23:06:32+00:00","dateModified":"2018-06-09T17:38:32+00:00","mainEntityOfPage":{"@id":"https:\/\/fran-caballero.com\/fr\/fidelio\/"},"wordCount":266,"commentCount":0,"publisher":{"@id":"https:\/\/fran-caballero.com\/#\/schema\/person\/4da0bfac732857d0f97091683c53c107"},"articleSection":["Blog"],"inLanguage":"fr-FR","potentialAction":[{"@type":"CommentAction","name":"Comment","target":["https:\/\/fran-caballero.com\/fr\/fidelio\/#respond"]}]},{"@type":"WebPage","@id":"https:\/\/fran-caballero.com\/fr\/fidelio\/","url":"https:\/\/fran-caballero.com\/fr\/fidelio\/","name":"Fidelio - Fran Caballero","isPartOf":{"@id":"https:\/\/fran-caballero.com\/#website"},"datePublished":"2017-10-23T23:06:32+00:00","dateModified":"2018-06-09T17:38:32+00:00","description":"FIDELIO\u00a0de Ludwig van Beethoven en el Teatro de la Maestranza bajo la direcci\u00f3n de Jos\u00e9 Carlos Plaza. Una l\u00f3brega prisi\u00f3n en las inmediaciones de Sevilla...","breadcrumb":{"@id":"https:\/\/fran-caballero.com\/fr\/fidelio\/#breadcrumb"},"inLanguage":"fr-FR","potentialAction":[{"@type":"ReadAction","target":["https:\/\/fran-caballero.com\/fr\/fidelio\/"]}]},{"@type":"BreadcrumbList","@id":"https:\/\/fran-caballero.com\/fr\/fidelio\/#breadcrumb","itemListElement":[{"@type":"ListItem","position":1,"name":"Portada","item":"https:\/\/fran-caballero.com\/"},{"@type":"ListItem","position":2,"name":"Fidelio"}]},{"@type":"WebSite","@id":"https:\/\/fran-caballero.com\/#website","url":"https:\/\/fran-caballero.com\/","name":"Fran Caballero","description":"Acteur - Auteur","publisher":{"@id":"https:\/\/fran-caballero.com\/#\/schema\/person\/4da0bfac732857d0f97091683c53c107"},"potentialAction":[{"@type":"SearchAction","target":{"@type":"EntryPoint","urlTemplate":"https:\/\/fran-caballero.com\/?s={search_term_string}"},"query-input":"required name=search_term_string"}],"inLanguage":"fr-FR"},{"@type":["Person","Organization"],"@id":"https:\/\/fran-caballero.com\/#\/schema\/person\/4da0bfac732857d0f97091683c53c107","name":"Fran Caballero","image":{"@type":"ImageObject","inLanguage":"fr-FR","@id":"https:\/\/fran-caballero.com\/#\/schema\/person\/image\/","url":"https:\/\/fran-caballero.com\/wp-content\/uploads\/2016\/11\/copy-logofran.jpg","contentUrl":"https:\/\/fran-caballero.com\/wp-content\/uploads\/2016\/11\/copy-logofran.jpg","width":150,"height":57,"caption":"Fran Caballero"},"logo":{"@id":"https:\/\/fran-caballero.com\/#\/schema\/person\/image\/"}},{"@type":"Person","@id":"https:\/\/fran-caballero.com\/#\/schema\/person\/505b29550120200cc090033d887594a3","name":"franca","image":{"@type":"ImageObject","inLanguage":"fr-FR","@id":"https:\/\/fran-caballero.com\/#\/schema\/person\/image\/","url":"https:\/\/secure.gravatar.com\/avatar\/0ceb1c044b557ee7735b14a4e69decbf?s=96&d=mm&r=g","contentUrl":"https:\/\/secure.gravatar.com\/avatar\/0ceb1c044b557ee7735b14a4e69decbf?s=96&d=mm&r=g","caption":"franca"}}]}},"_links":{"self":[{"href":"https:\/\/fran-caballero.com\/fr\/wp-json\/wp\/v2\/posts\/3165"}],"collection":[{"href":"https:\/\/fran-caballero.com\/fr\/wp-json\/wp\/v2\/posts"}],"about":[{"href":"https:\/\/fran-caballero.com\/fr\/wp-json\/wp\/v2\/types\/post"}],"author":[{"embeddable":true,"href":"https:\/\/fran-caballero.com\/fr\/wp-json\/wp\/v2\/users\/3"}],"replies":[{"embeddable":true,"href":"https:\/\/fran-caballero.com\/fr\/wp-json\/wp\/v2\/comments?post=3165"}],"version-history":[{"count":12,"href":"https:\/\/fran-caballero.com\/fr\/wp-json\/wp\/v2\/posts\/3165\/revisions"}],"predecessor-version":[{"id":3417,"href":"https:\/\/fran-caballero.com\/fr\/wp-json\/wp\/v2\/posts\/3165\/revisions\/3417"}],"wp:featuredmedia":[{"embeddable":true,"href":"https:\/\/fran-caballero.com\/fr\/wp-json\/wp\/v2\/media\/3176"}],"wp:attachment":[{"href":"https:\/\/fran-caballero.com\/fr\/wp-json\/wp\/v2\/media?parent=3165"}],"wp:term":[{"taxonomy":"category","embeddable":true,"href":"https:\/\/fran-caballero.com\/fr\/wp-json\/wp\/v2\/categories?post=3165"},{"taxonomy":"post_tag","embeddable":true,"href":"https:\/\/fran-caballero.com\/fr\/wp-json\/wp\/v2\/tags?post=3165"}],"curies":[{"name":"wp","href":"https:\/\/api.w.org\/{rel}","templated":true}]}}