{"id":3159,"date":"2017-10-18T08:29:15","date_gmt":"2017-10-18T08:29:15","guid":{"rendered":"https:\/\/fran-caballero.com\/?p=3159"},"modified":"2017-10-18T08:29:15","modified_gmt":"2017-10-18T08:29:15","slug":"improductivos-temporada-7","status":"publish","type":"post","link":"https:\/\/fran-caballero.com\/fr\/improductivos-temporada-7\/","title":{"rendered":"Improductivos &#8211; Temporada 7"},"content":{"rendered":"<p><iframe loading=\"lazy\" width=\"640\" height=\"360\" src=\"https:\/\/www.youtube.com\/embed\/2ax9O5mSeg0?feature=oembed\" frameborder=\"0\" allowfullscreen><\/iframe><\/p>\n<p>Improductivos vuelve con su temporada 7. Si pudieras elegir&#8230; \u00bfQui\u00e9n te gustar\u00eda ser? Un espect\u00e1culo donde el p\u00fablico escribe las historias y nosotros las hacemos realidad. <a class=\"yt-simple-endpoint style-scope yt-formatted-string\" href=\"https:\/\/www.youtube.com\/results?search_query=%23T%C3%BA\">#T\u00fa<\/a> decides.<\/p>\n<p class=\"padbot10\">\u00a1D\u00e9jate sorprender\u00a0por la<strong>\u00a0mejor improvisaci\u00f3n !<\/strong>\u00a0Y nada mejor que de la mano de\u00a0<strong>Improductivos<\/strong>, una compa\u00f1\u00eda especialista que vuelve con un espect\u00e1culo innovador, tremendamente divertido&#8230; \u00a1y muy gamberro! \u00a1No te pierdas su nueva temporada!<\/p>\n<p class=\"padbot10\">En\u00a0<em>Improductivos Show<\/em>,\u00a0<strong>los actores improvisar\u00e1n escenas con sugerencias del p\u00fablico<\/strong>, que tendr\u00e1 un papel fundamental en el transcurso de la funci\u00f3n. Un\u00a0<em>show<\/em>\u00a0gamberro y trepidante. \u00a0\u00a1No dejes que te lo cuenten!<\/p>\n<ul>\n<li>\n<p class=\"padbot10\">No olvides descargar la\u00a0<a href=\"https:\/\/play.google.com\/store\/apps\/details?id=com.improductivos.app&amp;hl=es\" target=\"_self\"><strong>APP<\/strong><\/a>\u00a0de Improductivos para interactuar con nosotros en el espect\u00e1culo.<\/p>\n<\/li>\n<\/ul>\n<p><a class=\"yt-simple-endpoint style-scope yt-formatted-string\" href=\"https:\/\/www.youtube.com\/redirect?redir_token=_fGo1icJ7HL3oHzw27T-K0cEjGB8MTUwODQwMTAxNUAxNTA4MzE0NjE1&amp;q=https%3A%2F%2Fwww.improductivos.com%2F&amp;v=2ax9O5mSeg0&amp;event=video_description\">https:\/\/www.improductivos.com\/<\/a><br \/>\n<a class=\"yt-simple-endpoint style-scope yt-formatted-string\" href=\"https:\/\/www.youtube.com\/redirect?redir_token=_fGo1icJ7HL3oHzw27T-K0cEjGB8MTUwODQwMTAxNUAxNTA4MzE0NjE1&amp;q=https%3A%2F%2Fwww.facebook.com%2FImproductivos%2F&amp;v=2ax9O5mSeg0&amp;event=video_description\">https:\/\/www.facebook.com\/Improductivos\/<\/a><br \/>\n<a class=\"yt-simple-endpoint style-scope yt-formatted-string\" href=\"https:\/\/www.youtube.com\/redirect?redir_token=_fGo1icJ7HL3oHzw27T-K0cEjGB8MTUwODQwMTAxNUAxNTA4MzE0NjE1&amp;q=https%3A%2F%2Ftwitter.com%2FImproductivos1&amp;v=2ax9O5mSeg0&amp;event=video_description\">https:\/\/twitter.com\/Improductivos1<\/a><br \/>\n<a class=\"yt-simple-endpoint style-scope yt-formatted-string\" href=\"https:\/\/www.youtube.com\/redirect?redir_token=_fGo1icJ7HL3oHzw27T-K0cEjGB8MTUwODQwMTAxNUAxNTA4MzE0NjE1&amp;q=https%3A%2F%2Fwww.instagram.com%2Fimproductivos%2F&amp;v=2ax9O5mSeg0&amp;event=video_description\">https:\/\/www.instagram.com\/improductivos\/<\/a><\/p>\n","protected":false},"excerpt":{"rendered":"<p>Improductivos vuelve con su temporada 7. Si pudieras elegir&#8230; \u00bfQui\u00e9n te gustar\u00eda ser? Un espect\u00e1culo donde el p\u00fablico escribe las historias y nosotros las hacemos realidad. #T\u00fa decides. \u00a1D\u00e9jate sorprender\u00a0por&#8230;<\/p>\n","protected":false},"author":3,"featured_media":3160,"comment_status":"open","ping_status":"open","sticky":false,"template":"","format":"standard","meta":[],"categories":[7],"tags":[],"translation":{"provider":"WPGlobus","version":"2.10.10","language":"fr","enabled_languages":["es","en","fr"],"languages":{"es":{"title":true,"content":true,"excerpt":false},"en":{"title":false,"content":false,"excerpt":false},"fr":{"title":false,"content":false,"excerpt":false}}},"yoast_head":"<!-- This site is optimized with the Yoast SEO plugin v20.5 - https:\/\/yoast.com\/wordpress\/plugins\/seo\/ -->\n<title>Improductivos - Temporada 7 - Fran Caballero<\/title>\n<meta name=\"robots\" content=\"index, follow, max-snippet:-1, max-image-preview:large, max-video-preview:-1\" \/>\n<link rel=\"canonical\" href=\"https:\/\/fran-caballero.com\/improductivos-temporada-7\/\" \/>\n<meta property=\"og:locale\" content=\"fr_FR\" \/>\n<meta property=\"og:type\" content=\"article\" \/>\n<meta property=\"og:title\" content=\"Improductivos - Temporada 7 - Fran Caballero\" \/>\n<meta property=\"og:url\" content=\"https:\/\/fran-caballero.com\/improductivos-temporada-7\/\" \/>\n<meta property=\"og:site_name\" content=\"Fran Caballero\" \/>\n<meta property=\"article:published_time\" content=\"2017-10-18T08:29:15+00:00\" \/>\n<meta property=\"og:image\" content=\"https:\/\/fran-caballero.com\/wp-content\/uploads\/2017\/10\/IMG_20171014_002046-copia-1024x683.jpg\" \/>\n\t<meta property=\"og:image:width\" content=\"1024\" \/>\n\t<meta property=\"og:image:height\" content=\"683\" \/>\n\t<meta property=\"og:image:type\" content=\"image\/jpeg\" \/>\n<meta name=\"author\" content=\"franca\" \/>\n<meta name=\"twitter:card\" content=\"summary_large_image\" \/>\n<meta name=\"twitter:creator\" content=\"@francaballer0\" \/>\n<meta name=\"twitter:site\" content=\"@francaballer0\" \/>\n<meta name=\"twitter:label1\" content=\"\u00c9crit par\" \/>\n\t<meta name=\"twitter:data1\" content=\"franca\" \/>\n\t<meta name=\"twitter:label2\" content=\"Dur\u00e9e de lecture estim\u00e9e\" \/>\n\t<meta name=\"twitter:data2\" content=\"1 minute\" \/>\n<script type=\"application\/ld+json\" class=\"yoast-schema-graph\">{\"@context\":\"https:\/\/schema.org\",\"@graph\":[{\"@type\":\"Article\",\"@id\":\"https:\/\/fran-caballero.com\/improductivos-temporada-7\/#article\",\"isPartOf\":{\"@id\":\"https:\/\/fran-caballero.com\/improductivos-temporada-7\/\"},\"author\":{\"name\":\"franca\",\"@id\":\"https:\/\/fran-caballero.com\/#\/schema\/person\/505b29550120200cc090033d887594a3\"},\"headline\":\"Improductivos &#8211; Temporada 7\",\"datePublished\":\"2017-10-18T08:29:15+00:00\",\"dateModified\":\"2017-10-18T08:29:15+00:00\",\"mainEntityOfPage\":{\"@id\":\"https:\/\/fran-caballero.com\/improductivos-temporada-7\/\"},\"wordCount\":153,\"commentCount\":0,\"publisher\":{\"@id\":\"https:\/\/fran-caballero.com\/#\/schema\/person\/4da0bfac732857d0f97091683c53c107\"},\"articleSection\":[\"Blog\"],\"inLanguage\":\"fr-FR\",\"potentialAction\":[{\"@type\":\"CommentAction\",\"name\":\"Comment\",\"target\":[\"https:\/\/fran-caballero.com\/improductivos-temporada-7\/#respond\"]}]},{\"@type\":\"WebPage\",\"@id\":\"https:\/\/fran-caballero.com\/improductivos-temporada-7\/\",\"url\":\"https:\/\/fran-caballero.com\/improductivos-temporada-7\/\",\"name\":\"Improductivos - Temporada 7 - Fran Caballero\",\"isPartOf\":{\"@id\":\"https:\/\/fran-caballero.com\/#website\"},\"datePublished\":\"2017-10-18T08:29:15+00:00\",\"dateModified\":\"2017-10-18T08:29:15+00:00\",\"description\":\"Web de Fran Caballero - Actor y Creador\",\"breadcrumb\":{\"@id\":\"https:\/\/fran-caballero.com\/improductivos-temporada-7\/#breadcrumb\"},\"inLanguage\":\"fr-FR\",\"potentialAction\":[{\"@type\":\"ReadAction\",\"target\":[\"https:\/\/fran-caballero.com\/improductivos-temporada-7\/\"]}]},{\"@type\":\"BreadcrumbList\",\"@id\":\"https:\/\/fran-caballero.com\/improductivos-temporada-7\/#breadcrumb\",\"itemListElement\":[{\"@type\":\"ListItem\",\"position\":1,\"name\":\"Portada\",\"item\":\"https:\/\/fran-caballero.com\/\"},{\"@type\":\"ListItem\",\"position\":2,\"name\":\"Improductivos &#8211; Temporada 7\"}]},{\"@type\":\"WebSite\",\"@id\":\"https:\/\/fran-caballero.com\/#website\",\"url\":\"https:\/\/fran-caballero.com\/\",\"name\":\"Fran Caballero\",\"description\":\"Acteur - Auteur\",\"publisher\":{\"@id\":\"https:\/\/fran-caballero.com\/#\/schema\/person\/4da0bfac732857d0f97091683c53c107\"},\"potentialAction\":[{\"@type\":\"SearchAction\",\"target\":{\"@type\":\"EntryPoint\",\"urlTemplate\":\"https:\/\/fran-caballero.com\/?s={search_term_string}\"},\"query-input\":\"required name=search_term_string\"}],\"inLanguage\":\"fr-FR\"},{\"@type\":[\"Person\",\"Organization\"],\"@id\":\"https:\/\/fran-caballero.com\/#\/schema\/person\/4da0bfac732857d0f97091683c53c107\",\"name\":\"Fran Caballero\",\"image\":{\"@type\":\"ImageObject\",\"inLanguage\":\"fr-FR\",\"@id\":\"https:\/\/fran-caballero.com\/#\/schema\/person\/image\/\",\"url\":\"https:\/\/fran-caballero.com\/wp-content\/uploads\/2016\/11\/copy-logofran.jpg\",\"contentUrl\":\"https:\/\/fran-caballero.com\/wp-content\/uploads\/2016\/11\/copy-logofran.jpg\",\"width\":150,\"height\":57,\"caption\":\"Fran Caballero\"},\"logo\":{\"@id\":\"https:\/\/fran-caballero.com\/#\/schema\/person\/image\/\"}},{\"@type\":\"Person\",\"@id\":\"https:\/\/fran-caballero.com\/#\/schema\/person\/505b29550120200cc090033d887594a3\",\"name\":\"franca\",\"image\":{\"@type\":\"ImageObject\",\"inLanguage\":\"fr-FR\",\"@id\":\"https:\/\/fran-caballero.com\/#\/schema\/person\/image\/\",\"url\":\"https:\/\/secure.gravatar.com\/avatar\/0ceb1c044b557ee7735b14a4e69decbf?s=96&d=mm&r=g\",\"contentUrl\":\"https:\/\/secure.gravatar.com\/avatar\/0ceb1c044b557ee7735b14a4e69decbf?s=96&d=mm&r=g\",\"caption\":\"franca\"}}]}<\/script>\n<!-- \/ Yoast SEO plugin. -->","yoast_head_json":{"title":"Improductivos - Temporada 7 - Fran Caballero","robots":{"index":"index","follow":"follow","max-snippet":"max-snippet:-1","max-image-preview":"max-image-preview:large","max-video-preview":"max-video-preview:-1"},"canonical":"https:\/\/fran-caballero.com\/improductivos-temporada-7\/","og_locale":"fr_FR","og_type":"article","og_title":"Improductivos - Temporada 7 - Fran Caballero","og_url":"https:\/\/fran-caballero.com\/improductivos-temporada-7\/","og_site_name":"Fran Caballero","article_published_time":"2017-10-18T08:29:15+00:00","og_image":[{"width":1024,"height":683,"url":"https:\/\/fran-caballero.com\/wp-content\/uploads\/2017\/10\/IMG_20171014_002046-copia-1024x683.jpg","type":"image\/jpeg"}],"author":"franca","twitter_card":"summary_large_image","twitter_creator":"@francaballer0","twitter_site":"@francaballer0","twitter_misc":{"\u00c9crit par":"franca","Dur\u00e9e de lecture estim\u00e9e":"1 minute"},"schema":{"@context":"https:\/\/schema.org","@graph":[{"@type":"Article","@id":"https:\/\/fran-caballero.com\/improductivos-temporada-7\/#article","isPartOf":{"@id":"https:\/\/fran-caballero.com\/improductivos-temporada-7\/"},"author":{"name":"franca","@id":"https:\/\/fran-caballero.com\/#\/schema\/person\/505b29550120200cc090033d887594a3"},"headline":"Improductivos &#8211; Temporada 7","datePublished":"2017-10-18T08:29:15+00:00","dateModified":"2017-10-18T08:29:15+00:00","mainEntityOfPage":{"@id":"https:\/\/fran-caballero.com\/improductivos-temporada-7\/"},"wordCount":153,"commentCount":0,"publisher":{"@id":"https:\/\/fran-caballero.com\/#\/schema\/person\/4da0bfac732857d0f97091683c53c107"},"articleSection":["Blog"],"inLanguage":"fr-FR","potentialAction":[{"@type":"CommentAction","name":"Comment","target":["https:\/\/fran-caballero.com\/improductivos-temporada-7\/#respond"]}]},{"@type":"WebPage","@id":"https:\/\/fran-caballero.com\/improductivos-temporada-7\/","url":"https:\/\/fran-caballero.com\/improductivos-temporada-7\/","name":"Improductivos - Temporada 7 - Fran Caballero","isPartOf":{"@id":"https:\/\/fran-caballero.com\/#website"},"datePublished":"2017-10-18T08:29:15+00:00","dateModified":"2017-10-18T08:29:15+00:00","description":"Web de Fran Caballero - Actor y Creador","breadcrumb":{"@id":"https:\/\/fran-caballero.com\/improductivos-temporada-7\/#breadcrumb"},"inLanguage":"fr-FR","potentialAction":[{"@type":"ReadAction","target":["https:\/\/fran-caballero.com\/improductivos-temporada-7\/"]}]},{"@type":"BreadcrumbList","@id":"https:\/\/fran-caballero.com\/improductivos-temporada-7\/#breadcrumb","itemListElement":[{"@type":"ListItem","position":1,"name":"Portada","item":"https:\/\/fran-caballero.com\/"},{"@type":"ListItem","position":2,"name":"Improductivos &#8211; Temporada 7"}]},{"@type":"WebSite","@id":"https:\/\/fran-caballero.com\/#website","url":"https:\/\/fran-caballero.com\/","name":"Fran Caballero","description":"Acteur - Auteur","publisher":{"@id":"https:\/\/fran-caballero.com\/#\/schema\/person\/4da0bfac732857d0f97091683c53c107"},"potentialAction":[{"@type":"SearchAction","target":{"@type":"EntryPoint","urlTemplate":"https:\/\/fran-caballero.com\/?s={search_term_string}"},"query-input":"required name=search_term_string"}],"inLanguage":"fr-FR"},{"@type":["Person","Organization"],"@id":"https:\/\/fran-caballero.com\/#\/schema\/person\/4da0bfac732857d0f97091683c53c107","name":"Fran Caballero","image":{"@type":"ImageObject","inLanguage":"fr-FR","@id":"https:\/\/fran-caballero.com\/#\/schema\/person\/image\/","url":"https:\/\/fran-caballero.com\/wp-content\/uploads\/2016\/11\/copy-logofran.jpg","contentUrl":"https:\/\/fran-caballero.com\/wp-content\/uploads\/2016\/11\/copy-logofran.jpg","width":150,"height":57,"caption":"Fran Caballero"},"logo":{"@id":"https:\/\/fran-caballero.com\/#\/schema\/person\/image\/"}},{"@type":"Person","@id":"https:\/\/fran-caballero.com\/#\/schema\/person\/505b29550120200cc090033d887594a3","name":"franca","image":{"@type":"ImageObject","inLanguage":"fr-FR","@id":"https:\/\/fran-caballero.com\/#\/schema\/person\/image\/","url":"https:\/\/secure.gravatar.com\/avatar\/0ceb1c044b557ee7735b14a4e69decbf?s=96&d=mm&r=g","contentUrl":"https:\/\/secure.gravatar.com\/avatar\/0ceb1c044b557ee7735b14a4e69decbf?s=96&d=mm&r=g","caption":"franca"}}]}},"_links":{"self":[{"href":"https:\/\/fran-caballero.com\/fr\/wp-json\/wp\/v2\/posts\/3159"}],"collection":[{"href":"https:\/\/fran-caballero.com\/fr\/wp-json\/wp\/v2\/posts"}],"about":[{"href":"https:\/\/fran-caballero.com\/fr\/wp-json\/wp\/v2\/types\/post"}],"author":[{"embeddable":true,"href":"https:\/\/fran-caballero.com\/fr\/wp-json\/wp\/v2\/users\/3"}],"replies":[{"embeddable":true,"href":"https:\/\/fran-caballero.com\/fr\/wp-json\/wp\/v2\/comments?post=3159"}],"version-history":[{"count":2,"href":"https:\/\/fran-caballero.com\/fr\/wp-json\/wp\/v2\/posts\/3159\/revisions"}],"predecessor-version":[{"id":3162,"href":"https:\/\/fran-caballero.com\/fr\/wp-json\/wp\/v2\/posts\/3159\/revisions\/3162"}],"wp:featuredmedia":[{"embeddable":true,"href":"https:\/\/fran-caballero.com\/fr\/wp-json\/wp\/v2\/media\/3160"}],"wp:attachment":[{"href":"https:\/\/fran-caballero.com\/fr\/wp-json\/wp\/v2\/media?parent=3159"}],"wp:term":[{"taxonomy":"category","embeddable":true,"href":"https:\/\/fran-caballero.com\/fr\/wp-json\/wp\/v2\/categories?post=3159"},{"taxonomy":"post_tag","embeddable":true,"href":"https:\/\/fran-caballero.com\/fr\/wp-json\/wp\/v2\/tags?post=3159"}],"curies":[{"name":"wp","href":"https:\/\/api.w.org\/{rel}","templated":true}]}}