{"id":3013,"date":"2017-08-12T16:00:44","date_gmt":"2017-08-12T16:00:44","guid":{"rendered":"https:\/\/fran-caballero.com\/?p=3013"},"modified":"2017-09-14T21:40:56","modified_gmt":"2017-09-14T21:40:56","slug":"la-fiesta-las-mujeres-canal-sur","status":"publish","type":"post","link":"https:\/\/fran-caballero.com\/fr\/la-fiesta-las-mujeres-canal-sur\/","title":{"rendered":"La fiesta de las mujeres en Canal Sur"},"content":{"rendered":"<p>No han faltado risas, carcajadas y un caluroso aplauso del p\u00fablico en el estreno de La fiesta de las mujeres. Una comedia desenfadada que el Teatro del Velador ha estrenado en It\u00e1lica, en Sevilla, dentro del Festival de Teatros Romanos de Andaluc\u00eda.<\/p>\n<p>Un reportaje de Noticias 2 de Canal Sur del 10 de Agosto de 2017.<\/p>\n<p><a href=\"http:\/\/teatrodelvelador.com\/\">Teatro del Velador<\/a><\/p>\n<p><iframe loading=\"lazy\" width=\"640\" height=\"360\" src=\"https:\/\/www.youtube.com\/embed\/0oq-xG6HxBg?feature=oembed\" frameborder=\"0\" allowfullscreen><\/iframe><\/p>\n","protected":false},"excerpt":{"rendered":"<p>No han faltado risas, carcajadas y un caluroso aplauso del p\u00fablico en el estreno de La fiesta de las mujeres. Una comedia desenfadada que el Teatro del Velador ha estrenado&#8230;<\/p>\n","protected":false},"author":3,"featured_media":3033,"comment_status":"open","ping_status":"open","sticky":false,"template":"","format":"standard","meta":[],"categories":[7],"tags":[],"translation":{"provider":"WPGlobus","version":"2.10.10","language":"fr","enabled_languages":["es","en","fr"],"languages":{"es":{"title":true,"content":true,"excerpt":false},"en":{"title":false,"content":false,"excerpt":false},"fr":{"title":false,"content":false,"excerpt":false}}},"yoast_head":"<!-- This site is optimized with the Yoast SEO plugin v20.5 - https:\/\/yoast.com\/wordpress\/plugins\/seo\/ -->\n<title>La fiesta de las mujeres en Canal Sur - Fran Caballero<\/title>\n<meta name=\"robots\" content=\"index, follow, max-snippet:-1, max-image-preview:large, max-video-preview:-1\" \/>\n<link rel=\"canonical\" href=\"https:\/\/fran-caballero.com\/la-fiesta-las-mujeres-canal-sur\/\" \/>\n<meta property=\"og:locale\" content=\"fr_FR\" \/>\n<meta property=\"og:type\" content=\"article\" \/>\n<meta property=\"og:title\" content=\"La fiesta de las mujeres en Canal Sur - Fran Caballero\" \/>\n<meta property=\"og:url\" content=\"https:\/\/fran-caballero.com\/la-fiesta-las-mujeres-canal-sur\/\" \/>\n<meta property=\"og:site_name\" content=\"Fran Caballero\" \/>\n<meta property=\"article:published_time\" content=\"2017-08-12T16:00:44+00:00\" \/>\n<meta property=\"article:modified_time\" content=\"2017-09-14T21:40:56+00:00\" \/>\n<meta property=\"og:image\" content=\"https:\/\/fran-caballero.com\/wp-content\/uploads\/2017\/08\/canalsur-mjg.jpg\" \/>\n\t<meta property=\"og:image:width\" content=\"862\" \/>\n\t<meta property=\"og:image:height\" content=\"617\" \/>\n\t<meta property=\"og:image:type\" content=\"image\/jpeg\" \/>\n<meta name=\"author\" content=\"franca\" \/>\n<meta name=\"twitter:card\" content=\"summary_large_image\" \/>\n<meta name=\"twitter:creator\" content=\"@francaballer0\" \/>\n<meta name=\"twitter:site\" content=\"@francaballer0\" \/>\n<meta name=\"twitter:label1\" content=\"\u00c9crit par\" \/>\n\t<meta name=\"twitter:data1\" content=\"franca\" \/>\n<script type=\"application\/ld+json\" class=\"yoast-schema-graph\">{\"@context\":\"https:\/\/schema.org\",\"@graph\":[{\"@type\":\"Article\",\"@id\":\"https:\/\/fran-caballero.com\/la-fiesta-las-mujeres-canal-sur\/#article\",\"isPartOf\":{\"@id\":\"https:\/\/fran-caballero.com\/la-fiesta-las-mujeres-canal-sur\/\"},\"author\":{\"name\":\"franca\",\"@id\":\"https:\/\/fran-caballero.com\/#\/schema\/person\/505b29550120200cc090033d887594a3\"},\"headline\":\"La fiesta de las mujeres en Canal Sur\",\"datePublished\":\"2017-08-12T16:00:44+00:00\",\"dateModified\":\"2017-09-14T21:40:56+00:00\",\"mainEntityOfPage\":{\"@id\":\"https:\/\/fran-caballero.com\/la-fiesta-las-mujeres-canal-sur\/\"},\"wordCount\":77,\"commentCount\":0,\"publisher\":{\"@id\":\"https:\/\/fran-caballero.com\/#\/schema\/person\/4da0bfac732857d0f97091683c53c107\"},\"articleSection\":[\"Blog\"],\"inLanguage\":\"fr-FR\",\"potentialAction\":[{\"@type\":\"CommentAction\",\"name\":\"Comment\",\"target\":[\"https:\/\/fran-caballero.com\/la-fiesta-las-mujeres-canal-sur\/#respond\"]}]},{\"@type\":\"WebPage\",\"@id\":\"https:\/\/fran-caballero.com\/la-fiesta-las-mujeres-canal-sur\/\",\"url\":\"https:\/\/fran-caballero.com\/la-fiesta-las-mujeres-canal-sur\/\",\"name\":\"La fiesta de las mujeres en Canal Sur - Fran Caballero\",\"isPartOf\":{\"@id\":\"https:\/\/fran-caballero.com\/#website\"},\"datePublished\":\"2017-08-12T16:00:44+00:00\",\"dateModified\":\"2017-09-14T21:40:56+00:00\",\"description\":\"No han faltado risas, carcajadas y un caluroso aplauso del p\u00fablico en el estreno de La fiesta de las mujeres. Una comedia desenfadada de Teatro del Velador\",\"breadcrumb\":{\"@id\":\"https:\/\/fran-caballero.com\/la-fiesta-las-mujeres-canal-sur\/#breadcrumb\"},\"inLanguage\":\"fr-FR\",\"potentialAction\":[{\"@type\":\"ReadAction\",\"target\":[\"https:\/\/fran-caballero.com\/la-fiesta-las-mujeres-canal-sur\/\"]}]},{\"@type\":\"BreadcrumbList\",\"@id\":\"https:\/\/fran-caballero.com\/la-fiesta-las-mujeres-canal-sur\/#breadcrumb\",\"itemListElement\":[{\"@type\":\"ListItem\",\"position\":1,\"name\":\"Portada\",\"item\":\"https:\/\/fran-caballero.com\/\"},{\"@type\":\"ListItem\",\"position\":2,\"name\":\"La fiesta de las mujeres en Canal Sur\"}]},{\"@type\":\"WebSite\",\"@id\":\"https:\/\/fran-caballero.com\/#website\",\"url\":\"https:\/\/fran-caballero.com\/\",\"name\":\"Fran Caballero\",\"description\":\"Acteur - Auteur\",\"publisher\":{\"@id\":\"https:\/\/fran-caballero.com\/#\/schema\/person\/4da0bfac732857d0f97091683c53c107\"},\"potentialAction\":[{\"@type\":\"SearchAction\",\"target\":{\"@type\":\"EntryPoint\",\"urlTemplate\":\"https:\/\/fran-caballero.com\/?s={search_term_string}\"},\"query-input\":\"required name=search_term_string\"}],\"inLanguage\":\"fr-FR\"},{\"@type\":[\"Person\",\"Organization\"],\"@id\":\"https:\/\/fran-caballero.com\/#\/schema\/person\/4da0bfac732857d0f97091683c53c107\",\"name\":\"Fran Caballero\",\"image\":{\"@type\":\"ImageObject\",\"inLanguage\":\"fr-FR\",\"@id\":\"https:\/\/fran-caballero.com\/#\/schema\/person\/image\/\",\"url\":\"https:\/\/fran-caballero.com\/wp-content\/uploads\/2016\/11\/copy-logofran.jpg\",\"contentUrl\":\"https:\/\/fran-caballero.com\/wp-content\/uploads\/2016\/11\/copy-logofran.jpg\",\"width\":150,\"height\":57,\"caption\":\"Fran Caballero\"},\"logo\":{\"@id\":\"https:\/\/fran-caballero.com\/#\/schema\/person\/image\/\"}},{\"@type\":\"Person\",\"@id\":\"https:\/\/fran-caballero.com\/#\/schema\/person\/505b29550120200cc090033d887594a3\",\"name\":\"franca\",\"image\":{\"@type\":\"ImageObject\",\"inLanguage\":\"fr-FR\",\"@id\":\"https:\/\/fran-caballero.com\/#\/schema\/person\/image\/\",\"url\":\"https:\/\/secure.gravatar.com\/avatar\/0ceb1c044b557ee7735b14a4e69decbf?s=96&d=mm&r=g\",\"contentUrl\":\"https:\/\/secure.gravatar.com\/avatar\/0ceb1c044b557ee7735b14a4e69decbf?s=96&d=mm&r=g\",\"caption\":\"franca\"}}]}<\/script>\n<!-- \/ Yoast SEO plugin. -->","yoast_head_json":{"title":"La fiesta de las mujeres en Canal Sur - Fran Caballero","robots":{"index":"index","follow":"follow","max-snippet":"max-snippet:-1","max-image-preview":"max-image-preview:large","max-video-preview":"max-video-preview:-1"},"canonical":"https:\/\/fran-caballero.com\/la-fiesta-las-mujeres-canal-sur\/","og_locale":"fr_FR","og_type":"article","og_title":"La fiesta de las mujeres en Canal Sur - Fran Caballero","og_url":"https:\/\/fran-caballero.com\/la-fiesta-las-mujeres-canal-sur\/","og_site_name":"Fran Caballero","article_published_time":"2017-08-12T16:00:44+00:00","article_modified_time":"2017-09-14T21:40:56+00:00","og_image":[{"width":862,"height":617,"url":"https:\/\/fran-caballero.com\/wp-content\/uploads\/2017\/08\/canalsur-mjg.jpg","type":"image\/jpeg"}],"author":"franca","twitter_card":"summary_large_image","twitter_creator":"@francaballer0","twitter_site":"@francaballer0","twitter_misc":{"\u00c9crit par":"franca"},"schema":{"@context":"https:\/\/schema.org","@graph":[{"@type":"Article","@id":"https:\/\/fran-caballero.com\/la-fiesta-las-mujeres-canal-sur\/#article","isPartOf":{"@id":"https:\/\/fran-caballero.com\/la-fiesta-las-mujeres-canal-sur\/"},"author":{"name":"franca","@id":"https:\/\/fran-caballero.com\/#\/schema\/person\/505b29550120200cc090033d887594a3"},"headline":"La fiesta de las mujeres en Canal Sur","datePublished":"2017-08-12T16:00:44+00:00","dateModified":"2017-09-14T21:40:56+00:00","mainEntityOfPage":{"@id":"https:\/\/fran-caballero.com\/la-fiesta-las-mujeres-canal-sur\/"},"wordCount":77,"commentCount":0,"publisher":{"@id":"https:\/\/fran-caballero.com\/#\/schema\/person\/4da0bfac732857d0f97091683c53c107"},"articleSection":["Blog"],"inLanguage":"fr-FR","potentialAction":[{"@type":"CommentAction","name":"Comment","target":["https:\/\/fran-caballero.com\/la-fiesta-las-mujeres-canal-sur\/#respond"]}]},{"@type":"WebPage","@id":"https:\/\/fran-caballero.com\/la-fiesta-las-mujeres-canal-sur\/","url":"https:\/\/fran-caballero.com\/la-fiesta-las-mujeres-canal-sur\/","name":"La fiesta de las mujeres en Canal Sur - Fran Caballero","isPartOf":{"@id":"https:\/\/fran-caballero.com\/#website"},"datePublished":"2017-08-12T16:00:44+00:00","dateModified":"2017-09-14T21:40:56+00:00","description":"No han faltado risas, carcajadas y un caluroso aplauso del p\u00fablico en el estreno de La fiesta de las mujeres. Una comedia desenfadada de Teatro del Velador","breadcrumb":{"@id":"https:\/\/fran-caballero.com\/la-fiesta-las-mujeres-canal-sur\/#breadcrumb"},"inLanguage":"fr-FR","potentialAction":[{"@type":"ReadAction","target":["https:\/\/fran-caballero.com\/la-fiesta-las-mujeres-canal-sur\/"]}]},{"@type":"BreadcrumbList","@id":"https:\/\/fran-caballero.com\/la-fiesta-las-mujeres-canal-sur\/#breadcrumb","itemListElement":[{"@type":"ListItem","position":1,"name":"Portada","item":"https:\/\/fran-caballero.com\/"},{"@type":"ListItem","position":2,"name":"La fiesta de las mujeres en Canal Sur"}]},{"@type":"WebSite","@id":"https:\/\/fran-caballero.com\/#website","url":"https:\/\/fran-caballero.com\/","name":"Fran Caballero","description":"Acteur - Auteur","publisher":{"@id":"https:\/\/fran-caballero.com\/#\/schema\/person\/4da0bfac732857d0f97091683c53c107"},"potentialAction":[{"@type":"SearchAction","target":{"@type":"EntryPoint","urlTemplate":"https:\/\/fran-caballero.com\/?s={search_term_string}"},"query-input":"required name=search_term_string"}],"inLanguage":"fr-FR"},{"@type":["Person","Organization"],"@id":"https:\/\/fran-caballero.com\/#\/schema\/person\/4da0bfac732857d0f97091683c53c107","name":"Fran Caballero","image":{"@type":"ImageObject","inLanguage":"fr-FR","@id":"https:\/\/fran-caballero.com\/#\/schema\/person\/image\/","url":"https:\/\/fran-caballero.com\/wp-content\/uploads\/2016\/11\/copy-logofran.jpg","contentUrl":"https:\/\/fran-caballero.com\/wp-content\/uploads\/2016\/11\/copy-logofran.jpg","width":150,"height":57,"caption":"Fran Caballero"},"logo":{"@id":"https:\/\/fran-caballero.com\/#\/schema\/person\/image\/"}},{"@type":"Person","@id":"https:\/\/fran-caballero.com\/#\/schema\/person\/505b29550120200cc090033d887594a3","name":"franca","image":{"@type":"ImageObject","inLanguage":"fr-FR","@id":"https:\/\/fran-caballero.com\/#\/schema\/person\/image\/","url":"https:\/\/secure.gravatar.com\/avatar\/0ceb1c044b557ee7735b14a4e69decbf?s=96&d=mm&r=g","contentUrl":"https:\/\/secure.gravatar.com\/avatar\/0ceb1c044b557ee7735b14a4e69decbf?s=96&d=mm&r=g","caption":"franca"}}]}},"_links":{"self":[{"href":"https:\/\/fran-caballero.com\/fr\/wp-json\/wp\/v2\/posts\/3013"}],"collection":[{"href":"https:\/\/fran-caballero.com\/fr\/wp-json\/wp\/v2\/posts"}],"about":[{"href":"https:\/\/fran-caballero.com\/fr\/wp-json\/wp\/v2\/types\/post"}],"author":[{"embeddable":true,"href":"https:\/\/fran-caballero.com\/fr\/wp-json\/wp\/v2\/users\/3"}],"replies":[{"embeddable":true,"href":"https:\/\/fran-caballero.com\/fr\/wp-json\/wp\/v2\/comments?post=3013"}],"version-history":[{"count":3,"href":"https:\/\/fran-caballero.com\/fr\/wp-json\/wp\/v2\/posts\/3013\/revisions"}],"predecessor-version":[{"id":3078,"href":"https:\/\/fran-caballero.com\/fr\/wp-json\/wp\/v2\/posts\/3013\/revisions\/3078"}],"wp:featuredmedia":[{"embeddable":true,"href":"https:\/\/fran-caballero.com\/fr\/wp-json\/wp\/v2\/media\/3033"}],"wp:attachment":[{"href":"https:\/\/fran-caballero.com\/fr\/wp-json\/wp\/v2\/media?parent=3013"}],"wp:term":[{"taxonomy":"category","embeddable":true,"href":"https:\/\/fran-caballero.com\/fr\/wp-json\/wp\/v2\/categories?post=3013"},{"taxonomy":"post_tag","embeddable":true,"href":"https:\/\/fran-caballero.com\/fr\/wp-json\/wp\/v2\/tags?post=3013"}],"curies":[{"name":"wp","href":"https:\/\/api.w.org\/{rel}","templated":true}]}}