{"id":2994,"date":"2017-08-01T18:11:02","date_gmt":"2017-08-01T18:11:02","guid":{"rendered":"https:\/\/fran-caballero.com\/?p=2994"},"modified":"2017-08-12T15:57:10","modified_gmt":"2017-08-12T15:57:10","slug":"entrevista-la-fiesta-las-mujeres","status":"publish","type":"post","link":"https:\/\/fran-caballero.com\/fr\/entrevista-la-fiesta-las-mujeres\/","title":{"rendered":"Entrevista &#8211; La fiesta de las mujeres"},"content":{"rendered":"<p><iframe loading=\"lazy\" width=\"640\" height=\"360\" src=\"https:\/\/www.youtube.com\/embed\/zLOZlZKkj1c?feature=oembed\" frameborder=\"0\" allowfullscreen><\/iframe><\/p>\n<p>Entrevista realizada a Juan Dolores Caballero durante el proceso de ensayos de su pr\u00f3ximo montaje la Fiesta de las mujeres de la compa\u00f1\u00eda Teatro del Velador.<\/p>\n<p>Grabaci\u00f3n: Javier Rivera y Mari\u00e1n Ruiz. Edici\u00f3n y Montaje: Mari\u00e1n Ruiz.\u00a0M\u00fasica: Crist\u00f3bal Romero<\/p>\n<p>Teatro del Velador -Las Tesmoforias de Arist\u00f3fanes. La Fiesta de las Mujeres<\/p>\n<p>It\u00e1lica, 9, 10, 11 y 12 de agosto<br \/>\nBaelo Claudia, 23, 24, 25 y 26 de agosto<\/p>\n<p><em>Las Tesmoforias<\/em>\u00a0es una de las comedias m\u00e1s blancas y brillantes de la gran producci\u00f3n teatral de Arist\u00f3fanes. No es una comedia pol\u00edtica, pero s\u00ed es un ejercicio de cr\u00edtica. La estructura de la obra no solo permite realizar una funci\u00f3n de alto contenido en comicidad, sino que tambi\u00e9n nos permite hacer una cr\u00edtica a esos creadores que tratan a la mujer como un ser de segunda categor\u00eda.<\/p>\n<p><em>Las fiesta de las mujeres<\/em>\u00a0es un espect\u00e1culo en clave de humor,en el que las grandes y maltratadas protagonistas femeninas, toman la decisi\u00f3n de castigar a aquel que no deja de injuriarlas en sus escritos, Eur\u00edpides, acercando de esta forma la cr\u00edtica a esta sociedad comandada todav\u00eda por los hombres.\u00a0<em>La fiesta de las mujeres\u00a0<\/em>es un obsequio para la risa llena de enredos y divertimento.<\/p>\n","protected":false},"excerpt":{"rendered":"<p>Entrevista realizada a Juan Dolores Caballero durante el proceso de ensayos de su pr\u00f3ximo montaje la Fiesta de las mujeres de la compa\u00f1\u00eda Teatro del Velador. Grabaci\u00f3n: Javier Rivera y&#8230;<\/p>\n","protected":false},"author":3,"featured_media":2998,"comment_status":"open","ping_status":"open","sticky":false,"template":"","format":"standard","meta":[],"categories":[7],"tags":[],"translation":{"provider":"WPGlobus","version":"2.10.10","language":"fr","enabled_languages":["es","en","fr"],"languages":{"es":{"title":true,"content":true,"excerpt":false},"en":{"title":false,"content":false,"excerpt":false},"fr":{"title":false,"content":false,"excerpt":false}}},"yoast_head":"<!-- This site is optimized with the Yoast SEO plugin v20.5 - https:\/\/yoast.com\/wordpress\/plugins\/seo\/ -->\n<title>Entrevista - La fiesta de las mujeres - Fran Caballero<\/title>\n<meta name=\"robots\" content=\"index, follow, max-snippet:-1, max-image-preview:large, max-video-preview:-1\" \/>\n<link rel=\"canonical\" href=\"https:\/\/fran-caballero.com\/en\/entrevista-la-fiesta-las-mujeres\/\" \/>\n<meta property=\"og:locale\" content=\"fr_FR\" \/>\n<meta property=\"og:type\" content=\"article\" \/>\n<meta property=\"og:title\" content=\"Entrevista - La fiesta de las mujeres - Fran Caballero\" \/>\n<meta property=\"og:url\" content=\"https:\/\/fran-caballero.com\/en\/entrevista-la-fiesta-las-mujeres\/\" \/>\n<meta property=\"og:site_name\" content=\"Fran Caballero\" \/>\n<meta property=\"article:published_time\" content=\"2017-08-01T18:11:02+00:00\" \/>\n<meta property=\"article:modified_time\" content=\"2017-08-12T15:57:10+00:00\" \/>\n<meta property=\"og:image\" content=\"https:\/\/fran-caballero.com\/wp-content\/uploads\/2017\/08\/Teatros-romanos.png\" \/>\n\t<meta property=\"og:image:width\" content=\"602\" \/>\n\t<meta property=\"og:image:height\" content=\"262\" \/>\n\t<meta property=\"og:image:type\" content=\"image\/png\" \/>\n<meta name=\"author\" content=\"franca\" \/>\n<meta name=\"twitter:card\" content=\"summary_large_image\" \/>\n<meta name=\"twitter:creator\" content=\"@francaballer0\" \/>\n<meta name=\"twitter:site\" content=\"@francaballer0\" \/>\n<meta name=\"twitter:label1\" content=\"\u00c9crit par\" \/>\n\t<meta name=\"twitter:data1\" content=\"franca\" \/>\n\t<meta name=\"twitter:label2\" content=\"Dur\u00e9e de lecture estim\u00e9e\" \/>\n\t<meta name=\"twitter:data2\" content=\"1 minute\" \/>\n<script type=\"application\/ld+json\" class=\"yoast-schema-graph\">{\"@context\":\"https:\/\/schema.org\",\"@graph\":[{\"@type\":\"Article\",\"@id\":\"https:\/\/fran-caballero.com\/en\/entrevista-la-fiesta-las-mujeres\/#article\",\"isPartOf\":{\"@id\":\"https:\/\/fran-caballero.com\/en\/entrevista-la-fiesta-las-mujeres\/\"},\"author\":{\"name\":\"franca\",\"@id\":\"https:\/\/fran-caballero.com\/#\/schema\/person\/505b29550120200cc090033d887594a3\"},\"headline\":\"Entrevista &#8211; La fiesta de las mujeres\",\"datePublished\":\"2017-08-01T18:11:02+00:00\",\"dateModified\":\"2017-08-12T15:57:10+00:00\",\"mainEntityOfPage\":{\"@id\":\"https:\/\/fran-caballero.com\/en\/entrevista-la-fiesta-las-mujeres\/\"},\"wordCount\":237,\"commentCount\":0,\"publisher\":{\"@id\":\"https:\/\/fran-caballero.com\/#\/schema\/person\/4da0bfac732857d0f97091683c53c107\"},\"articleSection\":[\"Blog\"],\"inLanguage\":\"fr-FR\",\"potentialAction\":[{\"@type\":\"CommentAction\",\"name\":\"Comment\",\"target\":[\"https:\/\/fran-caballero.com\/en\/entrevista-la-fiesta-las-mujeres\/#respond\"]}]},{\"@type\":\"WebPage\",\"@id\":\"https:\/\/fran-caballero.com\/en\/entrevista-la-fiesta-las-mujeres\/\",\"url\":\"https:\/\/fran-caballero.com\/en\/entrevista-la-fiesta-las-mujeres\/\",\"name\":\"Entrevista - La fiesta de las mujeres - Fran Caballero\",\"isPartOf\":{\"@id\":\"https:\/\/fran-caballero.com\/#website\"},\"datePublished\":\"2017-08-01T18:11:02+00:00\",\"dateModified\":\"2017-08-12T15:57:10+00:00\",\"description\":\"Entrevista realizada a Juan Dolores Caballero durante el proceso de ensayos de su pr\u00f3ximo montaje la Fiesta de las mujeres de la compa\u00f1\u00eda Teatro del Velador\",\"breadcrumb\":{\"@id\":\"https:\/\/fran-caballero.com\/en\/entrevista-la-fiesta-las-mujeres\/#breadcrumb\"},\"inLanguage\":\"fr-FR\",\"potentialAction\":[{\"@type\":\"ReadAction\",\"target\":[\"https:\/\/fran-caballero.com\/en\/entrevista-la-fiesta-las-mujeres\/\"]}]},{\"@type\":\"BreadcrumbList\",\"@id\":\"https:\/\/fran-caballero.com\/en\/entrevista-la-fiesta-las-mujeres\/#breadcrumb\",\"itemListElement\":[{\"@type\":\"ListItem\",\"position\":1,\"name\":\"Portada\",\"item\":\"https:\/\/fran-caballero.com\/\"},{\"@type\":\"ListItem\",\"position\":2,\"name\":\"Entrevista &#8211; La fiesta de las mujeres\"}]},{\"@type\":\"WebSite\",\"@id\":\"https:\/\/fran-caballero.com\/#website\",\"url\":\"https:\/\/fran-caballero.com\/\",\"name\":\"Fran Caballero\",\"description\":\"Acteur - Auteur\",\"publisher\":{\"@id\":\"https:\/\/fran-caballero.com\/#\/schema\/person\/4da0bfac732857d0f97091683c53c107\"},\"potentialAction\":[{\"@type\":\"SearchAction\",\"target\":{\"@type\":\"EntryPoint\",\"urlTemplate\":\"https:\/\/fran-caballero.com\/?s={search_term_string}\"},\"query-input\":\"required name=search_term_string\"}],\"inLanguage\":\"fr-FR\"},{\"@type\":[\"Person\",\"Organization\"],\"@id\":\"https:\/\/fran-caballero.com\/#\/schema\/person\/4da0bfac732857d0f97091683c53c107\",\"name\":\"Fran Caballero\",\"image\":{\"@type\":\"ImageObject\",\"inLanguage\":\"fr-FR\",\"@id\":\"https:\/\/fran-caballero.com\/#\/schema\/person\/image\/\",\"url\":\"https:\/\/fran-caballero.com\/wp-content\/uploads\/2016\/11\/copy-logofran.jpg\",\"contentUrl\":\"https:\/\/fran-caballero.com\/wp-content\/uploads\/2016\/11\/copy-logofran.jpg\",\"width\":150,\"height\":57,\"caption\":\"Fran Caballero\"},\"logo\":{\"@id\":\"https:\/\/fran-caballero.com\/#\/schema\/person\/image\/\"}},{\"@type\":\"Person\",\"@id\":\"https:\/\/fran-caballero.com\/#\/schema\/person\/505b29550120200cc090033d887594a3\",\"name\":\"franca\",\"image\":{\"@type\":\"ImageObject\",\"inLanguage\":\"fr-FR\",\"@id\":\"https:\/\/fran-caballero.com\/#\/schema\/person\/image\/\",\"url\":\"https:\/\/secure.gravatar.com\/avatar\/0ceb1c044b557ee7735b14a4e69decbf?s=96&d=mm&r=g\",\"contentUrl\":\"https:\/\/secure.gravatar.com\/avatar\/0ceb1c044b557ee7735b14a4e69decbf?s=96&d=mm&r=g\",\"caption\":\"franca\"}}]}<\/script>\n<!-- \/ Yoast SEO plugin. -->","yoast_head_json":{"title":"Entrevista - La fiesta de las mujeres - Fran Caballero","robots":{"index":"index","follow":"follow","max-snippet":"max-snippet:-1","max-image-preview":"max-image-preview:large","max-video-preview":"max-video-preview:-1"},"canonical":"https:\/\/fran-caballero.com\/en\/entrevista-la-fiesta-las-mujeres\/","og_locale":"fr_FR","og_type":"article","og_title":"Entrevista - La fiesta de las mujeres - Fran Caballero","og_url":"https:\/\/fran-caballero.com\/en\/entrevista-la-fiesta-las-mujeres\/","og_site_name":"Fran Caballero","article_published_time":"2017-08-01T18:11:02+00:00","article_modified_time":"2017-08-12T15:57:10+00:00","og_image":[{"width":602,"height":262,"url":"https:\/\/fran-caballero.com\/wp-content\/uploads\/2017\/08\/Teatros-romanos.png","type":"image\/png"}],"author":"franca","twitter_card":"summary_large_image","twitter_creator":"@francaballer0","twitter_site":"@francaballer0","twitter_misc":{"\u00c9crit par":"franca","Dur\u00e9e de lecture estim\u00e9e":"1 minute"},"schema":{"@context":"https:\/\/schema.org","@graph":[{"@type":"Article","@id":"https:\/\/fran-caballero.com\/en\/entrevista-la-fiesta-las-mujeres\/#article","isPartOf":{"@id":"https:\/\/fran-caballero.com\/en\/entrevista-la-fiesta-las-mujeres\/"},"author":{"name":"franca","@id":"https:\/\/fran-caballero.com\/#\/schema\/person\/505b29550120200cc090033d887594a3"},"headline":"Entrevista &#8211; La fiesta de las mujeres","datePublished":"2017-08-01T18:11:02+00:00","dateModified":"2017-08-12T15:57:10+00:00","mainEntityOfPage":{"@id":"https:\/\/fran-caballero.com\/en\/entrevista-la-fiesta-las-mujeres\/"},"wordCount":237,"commentCount":0,"publisher":{"@id":"https:\/\/fran-caballero.com\/#\/schema\/person\/4da0bfac732857d0f97091683c53c107"},"articleSection":["Blog"],"inLanguage":"fr-FR","potentialAction":[{"@type":"CommentAction","name":"Comment","target":["https:\/\/fran-caballero.com\/en\/entrevista-la-fiesta-las-mujeres\/#respond"]}]},{"@type":"WebPage","@id":"https:\/\/fran-caballero.com\/en\/entrevista-la-fiesta-las-mujeres\/","url":"https:\/\/fran-caballero.com\/en\/entrevista-la-fiesta-las-mujeres\/","name":"Entrevista - La fiesta de las mujeres - Fran Caballero","isPartOf":{"@id":"https:\/\/fran-caballero.com\/#website"},"datePublished":"2017-08-01T18:11:02+00:00","dateModified":"2017-08-12T15:57:10+00:00","description":"Entrevista realizada a Juan Dolores Caballero durante el proceso de ensayos de su pr\u00f3ximo montaje la Fiesta de las mujeres de la compa\u00f1\u00eda Teatro del Velador","breadcrumb":{"@id":"https:\/\/fran-caballero.com\/en\/entrevista-la-fiesta-las-mujeres\/#breadcrumb"},"inLanguage":"fr-FR","potentialAction":[{"@type":"ReadAction","target":["https:\/\/fran-caballero.com\/en\/entrevista-la-fiesta-las-mujeres\/"]}]},{"@type":"BreadcrumbList","@id":"https:\/\/fran-caballero.com\/en\/entrevista-la-fiesta-las-mujeres\/#breadcrumb","itemListElement":[{"@type":"ListItem","position":1,"name":"Portada","item":"https:\/\/fran-caballero.com\/"},{"@type":"ListItem","position":2,"name":"Entrevista &#8211; La fiesta de las mujeres"}]},{"@type":"WebSite","@id":"https:\/\/fran-caballero.com\/#website","url":"https:\/\/fran-caballero.com\/","name":"Fran Caballero","description":"Acteur - Auteur","publisher":{"@id":"https:\/\/fran-caballero.com\/#\/schema\/person\/4da0bfac732857d0f97091683c53c107"},"potentialAction":[{"@type":"SearchAction","target":{"@type":"EntryPoint","urlTemplate":"https:\/\/fran-caballero.com\/?s={search_term_string}"},"query-input":"required name=search_term_string"}],"inLanguage":"fr-FR"},{"@type":["Person","Organization"],"@id":"https:\/\/fran-caballero.com\/#\/schema\/person\/4da0bfac732857d0f97091683c53c107","name":"Fran Caballero","image":{"@type":"ImageObject","inLanguage":"fr-FR","@id":"https:\/\/fran-caballero.com\/#\/schema\/person\/image\/","url":"https:\/\/fran-caballero.com\/wp-content\/uploads\/2016\/11\/copy-logofran.jpg","contentUrl":"https:\/\/fran-caballero.com\/wp-content\/uploads\/2016\/11\/copy-logofran.jpg","width":150,"height":57,"caption":"Fran Caballero"},"logo":{"@id":"https:\/\/fran-caballero.com\/#\/schema\/person\/image\/"}},{"@type":"Person","@id":"https:\/\/fran-caballero.com\/#\/schema\/person\/505b29550120200cc090033d887594a3","name":"franca","image":{"@type":"ImageObject","inLanguage":"fr-FR","@id":"https:\/\/fran-caballero.com\/#\/schema\/person\/image\/","url":"https:\/\/secure.gravatar.com\/avatar\/0ceb1c044b557ee7735b14a4e69decbf?s=96&d=mm&r=g","contentUrl":"https:\/\/secure.gravatar.com\/avatar\/0ceb1c044b557ee7735b14a4e69decbf?s=96&d=mm&r=g","caption":"franca"}}]}},"_links":{"self":[{"href":"https:\/\/fran-caballero.com\/fr\/wp-json\/wp\/v2\/posts\/2994"}],"collection":[{"href":"https:\/\/fran-caballero.com\/fr\/wp-json\/wp\/v2\/posts"}],"about":[{"href":"https:\/\/fran-caballero.com\/fr\/wp-json\/wp\/v2\/types\/post"}],"author":[{"embeddable":true,"href":"https:\/\/fran-caballero.com\/fr\/wp-json\/wp\/v2\/users\/3"}],"replies":[{"embeddable":true,"href":"https:\/\/fran-caballero.com\/fr\/wp-json\/wp\/v2\/comments?post=2994"}],"version-history":[{"count":4,"href":"https:\/\/fran-caballero.com\/fr\/wp-json\/wp\/v2\/posts\/2994\/revisions"}],"predecessor-version":[{"id":3027,"href":"https:\/\/fran-caballero.com\/fr\/wp-json\/wp\/v2\/posts\/2994\/revisions\/3027"}],"wp:featuredmedia":[{"embeddable":true,"href":"https:\/\/fran-caballero.com\/fr\/wp-json\/wp\/v2\/media\/2998"}],"wp:attachment":[{"href":"https:\/\/fran-caballero.com\/fr\/wp-json\/wp\/v2\/media?parent=2994"}],"wp:term":[{"taxonomy":"category","embeddable":true,"href":"https:\/\/fran-caballero.com\/fr\/wp-json\/wp\/v2\/categories?post=2994"},{"taxonomy":"post_tag","embeddable":true,"href":"https:\/\/fran-caballero.com\/fr\/wp-json\/wp\/v2\/tags?post=2994"}],"curies":[{"name":"wp","href":"https:\/\/api.w.org\/{rel}","templated":true}]}}