{"id":2990,"date":"2017-08-08T15:20:44","date_gmt":"2017-08-08T15:20:44","guid":{"rendered":"https:\/\/fran-caballero.com\/?p=2990"},"modified":"2017-08-12T15:58:57","modified_gmt":"2017-08-12T15:58:57","slug":"rueda-de-prensa","status":"publish","type":"post","link":"https:\/\/fran-caballero.com\/fr\/rueda-de-prensa\/","title":{"rendered":"Rueda de prensa"},"content":{"rendered":"<p><img decoding=\"async\" loading=\"lazy\" class=\"size-medium wp-image-2991 alignleft\" src=\"https:\/\/fran-caballero.com\/wp-content\/uploads\/2017\/08\/Europa-press-la-fiesta-de-las-mujeres-300x169.jpg\" alt=\"\" width=\"300\" height=\"169\" srcset=\"https:\/\/fran-caballero.com\/wp-content\/uploads\/2017\/08\/Europa-press-la-fiesta-de-las-mujeres-300x169.jpg 300w, https:\/\/fran-caballero.com\/wp-content\/uploads\/2017\/08\/Europa-press-la-fiesta-de-las-mujeres.jpg 640w\" sizes=\"(max-width: 300px) 100vw, 300px\" \/><strong>La compa\u00f1\u00eda Teatro del Velador interpreta en It\u00e1lica la comedia &#8216;Las Tesmoforias&#8217; de Arist\u00f3fanes<\/strong><\/p>\n<p>La compa\u00f1\u00eda Teatro del Velador toma el relevo en Sevilla esta semana en la sede de It\u00e1lica del Festival de los Teatros Romanos de Andaluc\u00eda, con el espect\u00e1culo &#8216;Las Tesmoforias. La fiesta de las mujeres&#8217;, sobre texto de Arist\u00f3fanes. Las representaciones de &#8216;Las Tesmoforias&#8217;, una funci\u00f3n en clave humor\u00edstica donde las mujeres se vengan de Eur\u00edpides y \u00e9ste no cesa de menospreciarlas en sus tragedias y las tacha de asesinas, ninf\u00f3manas, locas o suicidas, comenzar\u00e1n este mi\u00e9rcoles y continuar\u00e1n hasta el d\u00eda 12 de agosto a las 22,30 horas en el antiguo teatro del yacimiento de Santiponce (Sevilla).<\/p>\n<p>La compa\u00f1\u00eda Teatro del Velador interpreta en It\u00e1lica la comedia &#8216;Las Tesmoforias&#8217; de Arist\u00f3fanes<\/p>\n<p>En un comunicado, la Consejer\u00eda de Cultura ha explicado que &#8216;Las Tesmoforias&#8217; &#8220;es una de las comedias m\u00e1s blancas y brillantes del c\u00e9lebre comedi\u00f3grafo griego Arist\u00f3fanes&#8221;, ya que su estructura &#8220;permite realizar una funci\u00f3n de alto contenido en comicidad, a la vez que critica a los creadores que tratan a la mujer como un ser de segunda categor\u00eda. &#8216;La fiesta de las mujeres&#8217; &#8220;es una pieza en clave de humor que ejerce la cr\u00edtica a esta sociedad comandada solo por hombres y es un obsequio\u00a0para la risa lleno de enredos y divertimento&#8221;, ha a\u00f1adido.<\/p>\n<p>Asimismo, seg\u00fan ha explicado, Teatro del Velador, creaci\u00f3n de Juan Dolores Caballero, &#8216;El Chino&#8217;, se ha planteado siempre la b\u00fasqueda y la investigaci\u00f3n en el \u00e1mbito contempor\u00e1neo como manera de crear y definir un lenguaje propio. Define su teatro y danza como &#8220;bruto&#8221;, bebiendo y bas\u00e1ndose en el &#8220;arte bruto&#8221;, donde las t\u00e9cnicas y los sistemas de representaci\u00f3n proceden de una invenci\u00f3n completamente personal.<\/p>\n<p>La compa\u00f1\u00eda Teatro del Velador interpreta en It\u00e1lica la comedia &#8216;Las Tesmoforias&#8217; de Arist\u00f3fanes<\/p>\n<p>El denominador com\u00fan podr\u00eda ser la obsesi\u00f3n por los motivos de lo feo y el deshecho humano, el desaf\u00edo a los c\u00e1nones cl\u00e1sicos de equilibrio y armon\u00eda, prefiriendo el desequilibrio, el exceso y lo inacabado, tal vez como reflejo de una violencia callada e interior o tal vez como reacci\u00f3n silenciosa al dolor de una sociedad, ha agregado la Junta.<\/p>\n<p>A lo largo de 21 a\u00f1os, la compa\u00f1\u00eda Teatro del Velador &#8220;ha asentado los pilares de su manera de hacer y crea un estilo propio, reconocible y reconocido, no s\u00f3lo ya en su teatro y danza brutos como elemento formal, sino tambi\u00e9n en la asimilaci\u00f3n y expresi\u00f3n de una cultura en la que se desarrollan y viven sus componentes&#8221;.<\/p>\n<p>De esta manera, el Festival de los Teatros Romanos de\u00a0Andaluc\u00eda\u00a0discurre este curso entre el 27 de junio y el 2 de septiembre en los teatros romanos de M\u00e1laga, Baelo Claudia e It\u00e1lica.\u00a0La compa\u00f1\u00eda Teatro del Velador interpreta en It\u00e1lica la comedia &#8216;Las Tesmoforias&#8217; de Arist\u00f3fanes<\/p>\n<p>Son 67 funciones en diez semanas, con dos espect\u00e1culos especiales para las inauguraciones a cargo del Ballet Flamenco de Andaluc\u00eda y la ROSS. Este quinto aniversario ofrece tambi\u00e9n una exposici\u00f3n de fotos sobre los espacios y obras representadas en los mismos.<\/p>\n<p>Por \u00faltimo, el programa lo ejecuta la Agencia Andaluza de Instituciones Culturales (Aaiicc) que aporta 185.000 euros, m\u00e1s recursos propios humanos y t\u00e9cnicos. El ciclo viene a movilizar a casi 40 empresas andaluzas adem\u00e1s de las compa\u00f1\u00edas teatrales. El precio de las entradas se mantiene y queda entre 18 y 20 euros, con descuentos habituales para colectivos y compra anticipada.<\/p>\n<p>Leer mas:\u00a0<a href=\"http:\/\/www.europapress.es\/esandalucia\/sevilla\/noticia-compania-teatro-velador-interpreta-italica-comedia-tesmoforias-aristofanes-20170808135837.html\">http:\/\/www.europapress.es\/esandalucia\/sevilla\/noticia-compania-teatro-velador-interpreta-italica-comedia-tesmoforias-aristofanes-20170808135837.html<\/a><\/p>\n<p>(c) 2015 <a href=\"http:\/\/www.europapress.es\/\">Europa Press<\/a><\/p>\n","protected":false},"excerpt":{"rendered":"<p>La compa\u00f1\u00eda Teatro del Velador interpreta en It\u00e1lica la comedia &#8216;Las Tesmoforias&#8217; de Arist\u00f3fanes La compa\u00f1\u00eda Teatro del Velador toma el relevo en Sevilla esta semana en la sede de&#8230;<\/p>\n","protected":false},"author":3,"featured_media":2996,"comment_status":"open","ping_status":"open","sticky":false,"template":"","format":"standard","meta":[],"categories":[7],"tags":[],"translation":{"provider":"WPGlobus","version":"2.10.10","language":"fr","enabled_languages":["es","en","fr"],"languages":{"es":{"title":true,"content":true,"excerpt":false},"en":{"title":false,"content":false,"excerpt":false},"fr":{"title":false,"content":false,"excerpt":false}}},"yoast_head":"<!-- This site is optimized with the Yoast SEO plugin v20.5 - https:\/\/yoast.com\/wordpress\/plugins\/seo\/ -->\n<title>Rueda de prensa<\/title>\n<meta name=\"robots\" content=\"index, follow, max-snippet:-1, max-image-preview:large, max-video-preview:-1\" \/>\n<link rel=\"canonical\" href=\"https:\/\/fran-caballero.com\/rueda-de-prensa\/\" \/>\n<meta property=\"og:locale\" content=\"fr_FR\" \/>\n<meta property=\"og:type\" content=\"article\" \/>\n<meta property=\"og:title\" content=\"Rueda de prensa\" \/>\n<meta property=\"og:url\" content=\"https:\/\/fran-caballero.com\/rueda-de-prensa\/\" \/>\n<meta property=\"og:site_name\" content=\"Fran Caballero\" \/>\n<meta property=\"article:published_time\" content=\"2017-08-08T15:20:44+00:00\" \/>\n<meta property=\"article:modified_time\" content=\"2017-08-12T15:58:57+00:00\" \/>\n<meta property=\"og:image\" content=\"https:\/\/fran-caballero.com\/wp-content\/uploads\/2017\/08\/Teatro-Romano-It\u00e1lica.jpg\" \/>\n\t<meta property=\"og:image:width\" content=\"675\" \/>\n\t<meta property=\"og:image:height\" content=\"400\" \/>\n\t<meta property=\"og:image:type\" content=\"image\/jpeg\" \/>\n<meta name=\"author\" content=\"franca\" \/>\n<meta name=\"twitter:card\" content=\"summary_large_image\" \/>\n<meta name=\"twitter:creator\" content=\"@francaballer0\" \/>\n<meta name=\"twitter:site\" content=\"@francaballer0\" \/>\n<meta name=\"twitter:label1\" content=\"\u00c9crit par\" \/>\n\t<meta name=\"twitter:data1\" content=\"franca\" \/>\n\t<meta name=\"twitter:label2\" content=\"Dur\u00e9e de lecture estim\u00e9e\" \/>\n\t<meta name=\"twitter:data2\" content=\"3 minutes\" \/>\n<script type=\"application\/ld+json\" class=\"yoast-schema-graph\">{\"@context\":\"https:\/\/schema.org\",\"@graph\":[{\"@type\":\"Article\",\"@id\":\"https:\/\/fran-caballero.com\/rueda-de-prensa\/#article\",\"isPartOf\":{\"@id\":\"https:\/\/fran-caballero.com\/rueda-de-prensa\/\"},\"author\":{\"name\":\"franca\",\"@id\":\"https:\/\/fran-caballero.com\/#\/schema\/person\/505b29550120200cc090033d887594a3\"},\"headline\":\"Rueda de prensa\",\"datePublished\":\"2017-08-08T15:20:44+00:00\",\"dateModified\":\"2017-08-12T15:58:57+00:00\",\"mainEntityOfPage\":{\"@id\":\"https:\/\/fran-caballero.com\/rueda-de-prensa\/\"},\"wordCount\":641,\"commentCount\":0,\"publisher\":{\"@id\":\"https:\/\/fran-caballero.com\/#\/schema\/person\/4da0bfac732857d0f97091683c53c107\"},\"articleSection\":[\"Blog\"],\"inLanguage\":\"fr-FR\",\"potentialAction\":[{\"@type\":\"CommentAction\",\"name\":\"Comment\",\"target\":[\"https:\/\/fran-caballero.com\/rueda-de-prensa\/#respond\"]}]},{\"@type\":\"WebPage\",\"@id\":\"https:\/\/fran-caballero.com\/rueda-de-prensa\/\",\"url\":\"https:\/\/fran-caballero.com\/rueda-de-prensa\/\",\"name\":\"Rueda de prensa\",\"isPartOf\":{\"@id\":\"https:\/\/fran-caballero.com\/#website\"},\"datePublished\":\"2017-08-08T15:20:44+00:00\",\"dateModified\":\"2017-08-12T15:58:57+00:00\",\"description\":\"La compa\u00f1\u00eda Teatro del Velador toma el relevo en el Teatro de It\u00e1lica dentro del Festival de los Teatros Romanos de Andaluc\u00eda, con La Fiesta de las mujeres.\",\"breadcrumb\":{\"@id\":\"https:\/\/fran-caballero.com\/rueda-de-prensa\/#breadcrumb\"},\"inLanguage\":\"fr-FR\",\"potentialAction\":[{\"@type\":\"ReadAction\",\"target\":[\"https:\/\/fran-caballero.com\/rueda-de-prensa\/\"]}]},{\"@type\":\"BreadcrumbList\",\"@id\":\"https:\/\/fran-caballero.com\/rueda-de-prensa\/#breadcrumb\",\"itemListElement\":[{\"@type\":\"ListItem\",\"position\":1,\"name\":\"Portada\",\"item\":\"https:\/\/fran-caballero.com\/\"},{\"@type\":\"ListItem\",\"position\":2,\"name\":\"Rueda de prensa\"}]},{\"@type\":\"WebSite\",\"@id\":\"https:\/\/fran-caballero.com\/#website\",\"url\":\"https:\/\/fran-caballero.com\/\",\"name\":\"Fran Caballero\",\"description\":\"Acteur - Auteur\",\"publisher\":{\"@id\":\"https:\/\/fran-caballero.com\/#\/schema\/person\/4da0bfac732857d0f97091683c53c107\"},\"potentialAction\":[{\"@type\":\"SearchAction\",\"target\":{\"@type\":\"EntryPoint\",\"urlTemplate\":\"https:\/\/fran-caballero.com\/?s={search_term_string}\"},\"query-input\":\"required name=search_term_string\"}],\"inLanguage\":\"fr-FR\"},{\"@type\":[\"Person\",\"Organization\"],\"@id\":\"https:\/\/fran-caballero.com\/#\/schema\/person\/4da0bfac732857d0f97091683c53c107\",\"name\":\"Fran Caballero\",\"image\":{\"@type\":\"ImageObject\",\"inLanguage\":\"fr-FR\",\"@id\":\"https:\/\/fran-caballero.com\/#\/schema\/person\/image\/\",\"url\":\"https:\/\/fran-caballero.com\/wp-content\/uploads\/2016\/11\/copy-logofran.jpg\",\"contentUrl\":\"https:\/\/fran-caballero.com\/wp-content\/uploads\/2016\/11\/copy-logofran.jpg\",\"width\":150,\"height\":57,\"caption\":\"Fran Caballero\"},\"logo\":{\"@id\":\"https:\/\/fran-caballero.com\/#\/schema\/person\/image\/\"}},{\"@type\":\"Person\",\"@id\":\"https:\/\/fran-caballero.com\/#\/schema\/person\/505b29550120200cc090033d887594a3\",\"name\":\"franca\",\"image\":{\"@type\":\"ImageObject\",\"inLanguage\":\"fr-FR\",\"@id\":\"https:\/\/fran-caballero.com\/#\/schema\/person\/image\/\",\"url\":\"https:\/\/secure.gravatar.com\/avatar\/0ceb1c044b557ee7735b14a4e69decbf?s=96&d=mm&r=g\",\"contentUrl\":\"https:\/\/secure.gravatar.com\/avatar\/0ceb1c044b557ee7735b14a4e69decbf?s=96&d=mm&r=g\",\"caption\":\"franca\"}}]}<\/script>\n<!-- \/ Yoast SEO plugin. -->","yoast_head_json":{"title":"Rueda de prensa","robots":{"index":"index","follow":"follow","max-snippet":"max-snippet:-1","max-image-preview":"max-image-preview:large","max-video-preview":"max-video-preview:-1"},"canonical":"https:\/\/fran-caballero.com\/rueda-de-prensa\/","og_locale":"fr_FR","og_type":"article","og_title":"Rueda de prensa","og_url":"https:\/\/fran-caballero.com\/rueda-de-prensa\/","og_site_name":"Fran Caballero","article_published_time":"2017-08-08T15:20:44+00:00","article_modified_time":"2017-08-12T15:58:57+00:00","og_image":[{"width":675,"height":400,"url":"https:\/\/fran-caballero.com\/wp-content\/uploads\/2017\/08\/Teatro-Romano-It\u00e1lica.jpg","type":"image\/jpeg"}],"author":"franca","twitter_card":"summary_large_image","twitter_creator":"@francaballer0","twitter_site":"@francaballer0","twitter_misc":{"\u00c9crit par":"franca","Dur\u00e9e de lecture estim\u00e9e":"3 minutes"},"schema":{"@context":"https:\/\/schema.org","@graph":[{"@type":"Article","@id":"https:\/\/fran-caballero.com\/rueda-de-prensa\/#article","isPartOf":{"@id":"https:\/\/fran-caballero.com\/rueda-de-prensa\/"},"author":{"name":"franca","@id":"https:\/\/fran-caballero.com\/#\/schema\/person\/505b29550120200cc090033d887594a3"},"headline":"Rueda de prensa","datePublished":"2017-08-08T15:20:44+00:00","dateModified":"2017-08-12T15:58:57+00:00","mainEntityOfPage":{"@id":"https:\/\/fran-caballero.com\/rueda-de-prensa\/"},"wordCount":641,"commentCount":0,"publisher":{"@id":"https:\/\/fran-caballero.com\/#\/schema\/person\/4da0bfac732857d0f97091683c53c107"},"articleSection":["Blog"],"inLanguage":"fr-FR","potentialAction":[{"@type":"CommentAction","name":"Comment","target":["https:\/\/fran-caballero.com\/rueda-de-prensa\/#respond"]}]},{"@type":"WebPage","@id":"https:\/\/fran-caballero.com\/rueda-de-prensa\/","url":"https:\/\/fran-caballero.com\/rueda-de-prensa\/","name":"Rueda de prensa","isPartOf":{"@id":"https:\/\/fran-caballero.com\/#website"},"datePublished":"2017-08-08T15:20:44+00:00","dateModified":"2017-08-12T15:58:57+00:00","description":"La compa\u00f1\u00eda Teatro del Velador toma el relevo en el Teatro de It\u00e1lica dentro del Festival de los Teatros Romanos de Andaluc\u00eda, con La Fiesta de las mujeres.","breadcrumb":{"@id":"https:\/\/fran-caballero.com\/rueda-de-prensa\/#breadcrumb"},"inLanguage":"fr-FR","potentialAction":[{"@type":"ReadAction","target":["https:\/\/fran-caballero.com\/rueda-de-prensa\/"]}]},{"@type":"BreadcrumbList","@id":"https:\/\/fran-caballero.com\/rueda-de-prensa\/#breadcrumb","itemListElement":[{"@type":"ListItem","position":1,"name":"Portada","item":"https:\/\/fran-caballero.com\/"},{"@type":"ListItem","position":2,"name":"Rueda de prensa"}]},{"@type":"WebSite","@id":"https:\/\/fran-caballero.com\/#website","url":"https:\/\/fran-caballero.com\/","name":"Fran Caballero","description":"Acteur - Auteur","publisher":{"@id":"https:\/\/fran-caballero.com\/#\/schema\/person\/4da0bfac732857d0f97091683c53c107"},"potentialAction":[{"@type":"SearchAction","target":{"@type":"EntryPoint","urlTemplate":"https:\/\/fran-caballero.com\/?s={search_term_string}"},"query-input":"required name=search_term_string"}],"inLanguage":"fr-FR"},{"@type":["Person","Organization"],"@id":"https:\/\/fran-caballero.com\/#\/schema\/person\/4da0bfac732857d0f97091683c53c107","name":"Fran Caballero","image":{"@type":"ImageObject","inLanguage":"fr-FR","@id":"https:\/\/fran-caballero.com\/#\/schema\/person\/image\/","url":"https:\/\/fran-caballero.com\/wp-content\/uploads\/2016\/11\/copy-logofran.jpg","contentUrl":"https:\/\/fran-caballero.com\/wp-content\/uploads\/2016\/11\/copy-logofran.jpg","width":150,"height":57,"caption":"Fran Caballero"},"logo":{"@id":"https:\/\/fran-caballero.com\/#\/schema\/person\/image\/"}},{"@type":"Person","@id":"https:\/\/fran-caballero.com\/#\/schema\/person\/505b29550120200cc090033d887594a3","name":"franca","image":{"@type":"ImageObject","inLanguage":"fr-FR","@id":"https:\/\/fran-caballero.com\/#\/schema\/person\/image\/","url":"https:\/\/secure.gravatar.com\/avatar\/0ceb1c044b557ee7735b14a4e69decbf?s=96&d=mm&r=g","contentUrl":"https:\/\/secure.gravatar.com\/avatar\/0ceb1c044b557ee7735b14a4e69decbf?s=96&d=mm&r=g","caption":"franca"}}]}},"_links":{"self":[{"href":"https:\/\/fran-caballero.com\/fr\/wp-json\/wp\/v2\/posts\/2990"}],"collection":[{"href":"https:\/\/fran-caballero.com\/fr\/wp-json\/wp\/v2\/posts"}],"about":[{"href":"https:\/\/fran-caballero.com\/fr\/wp-json\/wp\/v2\/types\/post"}],"author":[{"embeddable":true,"href":"https:\/\/fran-caballero.com\/fr\/wp-json\/wp\/v2\/users\/3"}],"replies":[{"embeddable":true,"href":"https:\/\/fran-caballero.com\/fr\/wp-json\/wp\/v2\/comments?post=2990"}],"version-history":[{"count":4,"href":"https:\/\/fran-caballero.com\/fr\/wp-json\/wp\/v2\/posts\/2990\/revisions"}],"predecessor-version":[{"id":3028,"href":"https:\/\/fran-caballero.com\/fr\/wp-json\/wp\/v2\/posts\/2990\/revisions\/3028"}],"wp:featuredmedia":[{"embeddable":true,"href":"https:\/\/fran-caballero.com\/fr\/wp-json\/wp\/v2\/media\/2996"}],"wp:attachment":[{"href":"https:\/\/fran-caballero.com\/fr\/wp-json\/wp\/v2\/media?parent=2990"}],"wp:term":[{"taxonomy":"category","embeddable":true,"href":"https:\/\/fran-caballero.com\/fr\/wp-json\/wp\/v2\/categories?post=2990"},{"taxonomy":"post_tag","embeddable":true,"href":"https:\/\/fran-caballero.com\/fr\/wp-json\/wp\/v2\/tags?post=2990"}],"curies":[{"name":"wp","href":"https:\/\/api.w.org\/{rel}","templated":true}]}}