{"id":451,"date":"2013-08-02T07:00:00","date_gmt":"2013-08-02T07:00:00","guid":{"rendered":"http:\/\/fran-caballero.com\/circo-en-medina-sidonia\/"},"modified":"2016-12-10T14:22:02","modified_gmt":"2016-12-10T14:22:02","slug":"circo-en-medina-sidonia","status":"publish","type":"post","link":"https:\/\/fran-caballero.com\/en\/circo-en-medina-sidonia\/","title":{"rendered":"Circo en Medina Sidonia"},"content":{"rendered":"<div class=\"separator\" style=\"clear: both; text-align: center;\"><\/div>\n<div class=\"separator\" style=\"clear: both; text-align: center;\"><\/div>\n<div class=\"separator\" style=\"clear: both; text-align: center;\"><b>3 de Agosto de 2013<\/b><\/div>\n<div class=\"separator\" style=\"clear: both; text-align: center;\"><b>\u00a0<\/b><\/div>\n<div class=\"separator\" style=\"clear: both; text-align: center;\"><b>Circo Tr\u00f3pico<\/b><\/div>\n<div class=\"separator\" style=\"clear: both; text-align: center;\"><b>\u00a0<\/b><\/div>\n<div class=\"separator\" style=\"clear: both; text-align: center;\"><b>Medina Sidonia<\/b><\/div>\n<div class=\"separator\" style=\"clear: both; text-align: center;\"><b>\u00a0<\/b><\/div>\n<div class=\"separator\" style=\"clear: both; text-align: center;\"><b>\u00a0<\/b><\/div>\n<div class=\"separator\" style=\"clear: both; text-align: center;\"><\/div>\n<div style=\"background-color: white; color: #3d3d31; line-height: 20px; text-align: justify;\"><strong><em>Circo Tr\u00f3pico<\/em><\/strong>\u00a0es un compa\u00f1\u00eda de Circo-Teatro itinerante formada por diferentes profesionales internacionales de las artes esc\u00e9nicas:\u00a0<em>Chile, Colombia, Italia, Paraguay, Uruguay, Ecuador, M\u00e9xico, Venezuela, La Mancha, Andaluc\u00eda&#8230;\u00a0<\/em><br \/>\n<em><br \/>\n<\/em><\/div>\n<div style=\"background-color: white; color: #3d3d31; line-height: 20px; text-align: justify;\">Produce espect\u00e1culos de calle y de sala de creaci\u00f3n colectiva en los que suman diferentes disciplinas:<em>m\u00fasica, malabares, artes marciales, zancos, clown, percusi\u00f3n, acrobacia, teatro, monociclos&#8230;<\/em><\/div>\n<p><iframe loading=\"lazy\" src=\"\/\/www.youtube.com\/embed\/dZduw9PhnUs\" width=\"640\" height=\"360\" frameborder=\"0\" allowfullscreen=\"allowfullscreen\"><\/iframe><\/p>\n","protected":false},"excerpt":{"rendered":"<p>3 de Agosto de 2013 \u00a0 Circo Tr\u00f3pico \u00a0 Medina Sidonia \u00a0 \u00a0 Circo Tr\u00f3pico\u00a0es un compa\u00f1\u00eda de Circo-Teatro itinerante formada por diferentes profesionales internacionales de las artes esc\u00e9nicas:\u00a0Chile, Colombia,&#8230;<\/p>\n","protected":false},"author":3,"featured_media":0,"comment_status":"open","ping_status":"open","sticky":false,"template":"","format":"standard","meta":[],"categories":[7],"tags":[217],"translation":{"provider":"WPGlobus","version":"2.10.10","language":"en","enabled_languages":["es","en","fr"],"languages":{"es":{"title":true,"content":true,"excerpt":false},"en":{"title":false,"content":false,"excerpt":false},"fr":{"title":false,"content":false,"excerpt":false}}},"yoast_head":"<!-- This site is optimized with the Yoast SEO plugin v20.5 - https:\/\/yoast.com\/wordpress\/plugins\/seo\/ -->\n<title>Circo en Medina Sidonia - Fran Caballero<\/title>\n<meta name=\"robots\" content=\"index, follow, max-snippet:-1, max-image-preview:large, max-video-preview:-1\" \/>\n<link rel=\"canonical\" href=\"https:\/\/fran-caballero.com\/en\/circo-en-medina-sidonia\/\" \/>\n<meta property=\"og:locale\" content=\"en_US\" \/>\n<meta property=\"og:type\" content=\"article\" \/>\n<meta property=\"og:title\" content=\"Circo en Medina Sidonia - Fran Caballero\" \/>\n<meta property=\"og:url\" content=\"https:\/\/fran-caballero.com\/en\/circo-en-medina-sidonia\/\" \/>\n<meta property=\"og:site_name\" content=\"Fran Caballero\" \/>\n<meta property=\"article:published_time\" content=\"2013-08-02T07:00:00+00:00\" \/>\n<meta property=\"article:modified_time\" content=\"2016-12-10T14:22:02+00:00\" \/>\n<meta name=\"author\" content=\"franca\" \/>\n<meta name=\"twitter:card\" content=\"summary_large_image\" \/>\n<meta name=\"twitter:creator\" content=\"@francaballer0\" \/>\n<meta name=\"twitter:site\" content=\"@francaballer0\" \/>\n<meta name=\"twitter:label1\" content=\"Written by\" \/>\n\t<meta name=\"twitter:data1\" content=\"franca\" \/>\n<script type=\"application\/ld+json\" class=\"yoast-schema-graph\">{\"@context\":\"https:\/\/schema.org\",\"@graph\":[{\"@type\":\"Article\",\"@id\":\"https:\/\/fran-caballero.com\/en\/circo-en-medina-sidonia\/#article\",\"isPartOf\":{\"@id\":\"https:\/\/fran-caballero.com\/en\/circo-en-medina-sidonia\/\"},\"author\":{\"name\":\"franca\",\"@id\":\"https:\/\/fran-caballero.com\/#\/schema\/person\/505b29550120200cc090033d887594a3\"},\"headline\":\"Circo en Medina Sidonia\",\"datePublished\":\"2013-08-02T07:00:00+00:00\",\"dateModified\":\"2016-12-10T14:22:02+00:00\",\"mainEntityOfPage\":{\"@id\":\"https:\/\/fran-caballero.com\/en\/circo-en-medina-sidonia\/\"},\"wordCount\":75,\"commentCount\":0,\"publisher\":{\"@id\":\"https:\/\/fran-caballero.com\/#\/schema\/person\/4da0bfac732857d0f97091683c53c107\"},\"keywords\":[\"Circo Medina Sidonia\"],\"articleSection\":[\"Blog\"],\"inLanguage\":\"en-US\",\"potentialAction\":[{\"@type\":\"CommentAction\",\"name\":\"Comment\",\"target\":[\"https:\/\/fran-caballero.com\/en\/circo-en-medina-sidonia\/#respond\"]}]},{\"@type\":\"WebPage\",\"@id\":\"https:\/\/fran-caballero.com\/en\/circo-en-medina-sidonia\/\",\"url\":\"https:\/\/fran-caballero.com\/en\/circo-en-medina-sidonia\/\",\"name\":\"Circo en Medina Sidonia - Fran Caballero\",\"isPartOf\":{\"@id\":\"https:\/\/fran-caballero.com\/#website\"},\"datePublished\":\"2013-08-02T07:00:00+00:00\",\"dateModified\":\"2016-12-10T14:22:02+00:00\",\"description\":\"Web de Fran Caballero - Actor y Creador\",\"breadcrumb\":{\"@id\":\"https:\/\/fran-caballero.com\/en\/circo-en-medina-sidonia\/#breadcrumb\"},\"inLanguage\":\"en-US\",\"potentialAction\":[{\"@type\":\"ReadAction\",\"target\":[\"https:\/\/fran-caballero.com\/en\/circo-en-medina-sidonia\/\"]}]},{\"@type\":\"BreadcrumbList\",\"@id\":\"https:\/\/fran-caballero.com\/en\/circo-en-medina-sidonia\/#breadcrumb\",\"itemListElement\":[{\"@type\":\"ListItem\",\"position\":1,\"name\":\"Portada\",\"item\":\"https:\/\/fran-caballero.com\/\"},{\"@type\":\"ListItem\",\"position\":2,\"name\":\"Circo en Medina Sidonia\"}]},{\"@type\":\"WebSite\",\"@id\":\"https:\/\/fran-caballero.com\/#website\",\"url\":\"https:\/\/fran-caballero.com\/\",\"name\":\"Fran Caballero\",\"description\":\"Actor - Author\",\"publisher\":{\"@id\":\"https:\/\/fran-caballero.com\/#\/schema\/person\/4da0bfac732857d0f97091683c53c107\"},\"potentialAction\":[{\"@type\":\"SearchAction\",\"target\":{\"@type\":\"EntryPoint\",\"urlTemplate\":\"https:\/\/fran-caballero.com\/?s={search_term_string}\"},\"query-input\":\"required name=search_term_string\"}],\"inLanguage\":\"en-US\"},{\"@type\":[\"Person\",\"Organization\"],\"@id\":\"https:\/\/fran-caballero.com\/#\/schema\/person\/4da0bfac732857d0f97091683c53c107\",\"name\":\"Fran Caballero\",\"image\":{\"@type\":\"ImageObject\",\"inLanguage\":\"en-US\",\"@id\":\"https:\/\/fran-caballero.com\/#\/schema\/person\/image\/\",\"url\":\"https:\/\/fran-caballero.com\/wp-content\/uploads\/2016\/11\/copy-logofran.jpg\",\"contentUrl\":\"https:\/\/fran-caballero.com\/wp-content\/uploads\/2016\/11\/copy-logofran.jpg\",\"width\":150,\"height\":57,\"caption\":\"Fran Caballero\"},\"logo\":{\"@id\":\"https:\/\/fran-caballero.com\/#\/schema\/person\/image\/\"}},{\"@type\":\"Person\",\"@id\":\"https:\/\/fran-caballero.com\/#\/schema\/person\/505b29550120200cc090033d887594a3\",\"name\":\"franca\",\"image\":{\"@type\":\"ImageObject\",\"inLanguage\":\"en-US\",\"@id\":\"https:\/\/fran-caballero.com\/#\/schema\/person\/image\/\",\"url\":\"https:\/\/secure.gravatar.com\/avatar\/0ceb1c044b557ee7735b14a4e69decbf?s=96&d=mm&r=g\",\"contentUrl\":\"https:\/\/secure.gravatar.com\/avatar\/0ceb1c044b557ee7735b14a4e69decbf?s=96&d=mm&r=g\",\"caption\":\"franca\"}}]}<\/script>\n<!-- \/ Yoast SEO plugin. -->","yoast_head_json":{"title":"Circo en Medina Sidonia - Fran Caballero","robots":{"index":"index","follow":"follow","max-snippet":"max-snippet:-1","max-image-preview":"max-image-preview:large","max-video-preview":"max-video-preview:-1"},"canonical":"https:\/\/fran-caballero.com\/en\/circo-en-medina-sidonia\/","og_locale":"en_US","og_type":"article","og_title":"Circo en Medina Sidonia - Fran Caballero","og_url":"https:\/\/fran-caballero.com\/en\/circo-en-medina-sidonia\/","og_site_name":"Fran Caballero","article_published_time":"2013-08-02T07:00:00+00:00","article_modified_time":"2016-12-10T14:22:02+00:00","author":"franca","twitter_card":"summary_large_image","twitter_creator":"@francaballer0","twitter_site":"@francaballer0","twitter_misc":{"Written by":"franca"},"schema":{"@context":"https:\/\/schema.org","@graph":[{"@type":"Article","@id":"https:\/\/fran-caballero.com\/en\/circo-en-medina-sidonia\/#article","isPartOf":{"@id":"https:\/\/fran-caballero.com\/en\/circo-en-medina-sidonia\/"},"author":{"name":"franca","@id":"https:\/\/fran-caballero.com\/#\/schema\/person\/505b29550120200cc090033d887594a3"},"headline":"Circo en Medina Sidonia","datePublished":"2013-08-02T07:00:00+00:00","dateModified":"2016-12-10T14:22:02+00:00","mainEntityOfPage":{"@id":"https:\/\/fran-caballero.com\/en\/circo-en-medina-sidonia\/"},"wordCount":75,"commentCount":0,"publisher":{"@id":"https:\/\/fran-caballero.com\/#\/schema\/person\/4da0bfac732857d0f97091683c53c107"},"keywords":["Circo Medina Sidonia"],"articleSection":["Blog"],"inLanguage":"en-US","potentialAction":[{"@type":"CommentAction","name":"Comment","target":["https:\/\/fran-caballero.com\/en\/circo-en-medina-sidonia\/#respond"]}]},{"@type":"WebPage","@id":"https:\/\/fran-caballero.com\/en\/circo-en-medina-sidonia\/","url":"https:\/\/fran-caballero.com\/en\/circo-en-medina-sidonia\/","name":"Circo en Medina Sidonia - Fran Caballero","isPartOf":{"@id":"https:\/\/fran-caballero.com\/#website"},"datePublished":"2013-08-02T07:00:00+00:00","dateModified":"2016-12-10T14:22:02+00:00","description":"Web de Fran Caballero - Actor y Creador","breadcrumb":{"@id":"https:\/\/fran-caballero.com\/en\/circo-en-medina-sidonia\/#breadcrumb"},"inLanguage":"en-US","potentialAction":[{"@type":"ReadAction","target":["https:\/\/fran-caballero.com\/en\/circo-en-medina-sidonia\/"]}]},{"@type":"BreadcrumbList","@id":"https:\/\/fran-caballero.com\/en\/circo-en-medina-sidonia\/#breadcrumb","itemListElement":[{"@type":"ListItem","position":1,"name":"Portada","item":"https:\/\/fran-caballero.com\/"},{"@type":"ListItem","position":2,"name":"Circo en Medina Sidonia"}]},{"@type":"WebSite","@id":"https:\/\/fran-caballero.com\/#website","url":"https:\/\/fran-caballero.com\/","name":"Fran Caballero","description":"Actor - Author","publisher":{"@id":"https:\/\/fran-caballero.com\/#\/schema\/person\/4da0bfac732857d0f97091683c53c107"},"potentialAction":[{"@type":"SearchAction","target":{"@type":"EntryPoint","urlTemplate":"https:\/\/fran-caballero.com\/?s={search_term_string}"},"query-input":"required name=search_term_string"}],"inLanguage":"en-US"},{"@type":["Person","Organization"],"@id":"https:\/\/fran-caballero.com\/#\/schema\/person\/4da0bfac732857d0f97091683c53c107","name":"Fran Caballero","image":{"@type":"ImageObject","inLanguage":"en-US","@id":"https:\/\/fran-caballero.com\/#\/schema\/person\/image\/","url":"https:\/\/fran-caballero.com\/wp-content\/uploads\/2016\/11\/copy-logofran.jpg","contentUrl":"https:\/\/fran-caballero.com\/wp-content\/uploads\/2016\/11\/copy-logofran.jpg","width":150,"height":57,"caption":"Fran Caballero"},"logo":{"@id":"https:\/\/fran-caballero.com\/#\/schema\/person\/image\/"}},{"@type":"Person","@id":"https:\/\/fran-caballero.com\/#\/schema\/person\/505b29550120200cc090033d887594a3","name":"franca","image":{"@type":"ImageObject","inLanguage":"en-US","@id":"https:\/\/fran-caballero.com\/#\/schema\/person\/image\/","url":"https:\/\/secure.gravatar.com\/avatar\/0ceb1c044b557ee7735b14a4e69decbf?s=96&d=mm&r=g","contentUrl":"https:\/\/secure.gravatar.com\/avatar\/0ceb1c044b557ee7735b14a4e69decbf?s=96&d=mm&r=g","caption":"franca"}}]}},"_links":{"self":[{"href":"https:\/\/fran-caballero.com\/en\/wp-json\/wp\/v2\/posts\/451"}],"collection":[{"href":"https:\/\/fran-caballero.com\/en\/wp-json\/wp\/v2\/posts"}],"about":[{"href":"https:\/\/fran-caballero.com\/en\/wp-json\/wp\/v2\/types\/post"}],"author":[{"embeddable":true,"href":"https:\/\/fran-caballero.com\/en\/wp-json\/wp\/v2\/users\/3"}],"replies":[{"embeddable":true,"href":"https:\/\/fran-caballero.com\/en\/wp-json\/wp\/v2\/comments?post=451"}],"version-history":[{"count":3,"href":"https:\/\/fran-caballero.com\/en\/wp-json\/wp\/v2\/posts\/451\/revisions"}],"predecessor-version":[{"id":2335,"href":"https:\/\/fran-caballero.com\/en\/wp-json\/wp\/v2\/posts\/451\/revisions\/2335"}],"wp:attachment":[{"href":"https:\/\/fran-caballero.com\/en\/wp-json\/wp\/v2\/media?parent=451"}],"wp:term":[{"taxonomy":"category","embeddable":true,"href":"https:\/\/fran-caballero.com\/en\/wp-json\/wp\/v2\/categories?post=451"},{"taxonomy":"post_tag","embeddable":true,"href":"https:\/\/fran-caballero.com\/en\/wp-json\/wp\/v2\/tags?post=451"}],"curies":[{"name":"wp","href":"https:\/\/api.w.org\/{rel}","templated":true}]}}