{"id":4360,"date":"2020-02-25T14:49:00","date_gmt":"2020-02-25T14:49:00","guid":{"rendered":"https:\/\/fran-caballero.com\/?p=4360"},"modified":"2020-03-20T14:49:59","modified_gmt":"2020-03-20T14:49:59","slug":"sin-animo-de-luto-en-cafe-teatro-pay-pay-y-fundacion-cajasol","status":"publish","type":"post","link":"https:\/\/fran-caballero.com\/en\/sin-animo-de-luto-en-cafe-teatro-pay-pay-y-fundacion-cajasol\/","title":{"rendered":"\u00abSin \u00c1nimo de Luto\u00bb en Caf\u00e9 Teatro Pay Pay y Fundaci\u00f3n Cajasol"},"content":{"rendered":"\n<p>La iron\u00eda, el doble sentido y el humor tienen una cita. <strong>Sin \u00c1nimo de Luto<\/strong> vuelve al Caf\u00e9 Teatro Pay Pay de C\u00e1diz y por primera vez, en la Fundaci\u00f3n Cajasol de la capital gaditana.<\/p>\n\n\n\n<p>El Caf\u00e9 Teatro Pay-Pay es una de las referencias del movimiento cultural de la capital gaditana. El antiguo Cabaret, ubicado en el Barrio del P\u00f3pulo, cuenta con una programaci\u00f3n multidisciplinar, destacando por su variedad y calidad. Por otro lado La Fundaci\u00f3n Cajasol defiendo su compromiso con la cultura en la capital gaditana.<\/p>\n\n\n\n<figure class=\"wp-block-gallery columns-1 is-cropped wp-block-gallery-1 is-layout-flex\"><ul class=\"blocks-gallery-grid\"><li class=\"blocks-gallery-item\"><figure><img decoding=\"async\" loading=\"lazy\" width=\"960\" height=\"960\" src=\"https:\/\/fran-caballero.com\/wp-content\/uploads\/2020\/03\/Sin-\u00c1nimo-de-Luto-en-C\u00e1diz.jpg\" alt=\"\" data-id=\"4363\" data-full-url=\"https:\/\/fran-caballero.com\/wp-content\/uploads\/2020\/03\/Sin-\u00c1nimo-de-Luto-en-C\u00e1diz.jpg\" data-link=\"https:\/\/fran-caballero.com\/?attachment_id=4363\" class=\"wp-image-4363\" srcset=\"https:\/\/fran-caballero.com\/wp-content\/uploads\/2020\/03\/Sin-\u00c1nimo-de-Luto-en-C\u00e1diz.jpg 960w, https:\/\/fran-caballero.com\/wp-content\/uploads\/2020\/03\/Sin-\u00c1nimo-de-Luto-en-C\u00e1diz-300x300.jpg 300w, https:\/\/fran-caballero.com\/wp-content\/uploads\/2020\/03\/Sin-\u00c1nimo-de-Luto-en-C\u00e1diz-150x150.jpg 150w, https:\/\/fran-caballero.com\/wp-content\/uploads\/2020\/03\/Sin-\u00c1nimo-de-Luto-en-C\u00e1diz-768x768.jpg 768w, https:\/\/fran-caballero.com\/wp-content\/uploads\/2020\/03\/Sin-\u00c1nimo-de-Luto-en-C\u00e1diz-380x380.jpg 380w\" sizes=\"(max-width: 960px) 100vw, 960px\" \/><\/figure><\/li><\/ul><\/figure>\n\n\n\n<p>Las actuaciones ser\u00e1n el mismo d\u00eda 27 de Febrero. A las 21:30 h en la Fundaci\u00f3n Cajasol y a las 23:30 h en Caf\u00e9 Teatro Pay Pay.<\/p>\n","protected":false},"excerpt":{"rendered":"<p>La iron\u00eda, el doble sentido y el humor tienen una cita. Sin \u00c1nimo de Luto vuelve al Caf\u00e9 Teatro Pay Pay de C\u00e1diz y por primera vez, en la Fundaci\u00f3n&#8230;<\/p>\n","protected":false},"author":3,"featured_media":4361,"comment_status":"open","ping_status":"open","sticky":false,"template":"","format":"standard","meta":[],"categories":[7],"tags":[305,444,306,443],"translation":{"provider":"WPGlobus","version":"2.10.10","language":"en","enabled_languages":["es","en","fr"],"languages":{"es":{"title":true,"content":true,"excerpt":false},"en":{"title":false,"content":false,"excerpt":false},"fr":{"title":false,"content":false,"excerpt":false}}},"yoast_head":"<!-- This site is optimized with the Yoast SEO plugin v20.5 - https:\/\/yoast.com\/wordpress\/plugins\/seo\/ -->\n<title>\u00abSin \u00c1nimo de Luto\u00bb en Caf\u00e9 Teatro Pay Pay y Fundaci\u00f3n Cajasol -<\/title>\n<meta name=\"robots\" content=\"index, follow, max-snippet:-1, max-image-preview:large, max-video-preview:-1\" \/>\n<link rel=\"canonical\" href=\"https:\/\/fran-caballero.com\/en\/sin-animo-de-luto-en-cafe-teatro-pay-pay-y-fundacion-cajasol\/\" \/>\n<meta property=\"og:locale\" content=\"en_US\" \/>\n<meta property=\"og:type\" content=\"article\" \/>\n<meta property=\"og:title\" content=\"\u00abSin \u00c1nimo de Luto\u00bb en Caf\u00e9 Teatro Pay Pay y Fundaci\u00f3n Cajasol -\" \/>\n<meta property=\"og:url\" content=\"https:\/\/fran-caballero.com\/en\/sin-animo-de-luto-en-cafe-teatro-pay-pay-y-fundacion-cajasol\/\" \/>\n<meta property=\"og:site_name\" content=\"Fran Caballero\" \/>\n<meta property=\"article:published_time\" content=\"2020-02-25T14:49:00+00:00\" \/>\n<meta property=\"article:modified_time\" content=\"2020-03-20T14:49:59+00:00\" \/>\n<meta property=\"og:image\" content=\"https:\/\/fran-caballero.com\/wp-content\/uploads\/2020\/03\/sin-animo-de-luto-posibles.jpg\" \/>\n\t<meta property=\"og:image:width\" content=\"900\" \/>\n\t<meta property=\"og:image:height\" content=\"600\" \/>\n\t<meta property=\"og:image:type\" content=\"image\/jpeg\" \/>\n<meta name=\"author\" content=\"franca\" \/>\n<meta name=\"twitter:card\" content=\"summary_large_image\" \/>\n<meta name=\"twitter:creator\" content=\"@francaballer0\" \/>\n<meta name=\"twitter:site\" content=\"@francaballer0\" \/>\n<meta name=\"twitter:label1\" content=\"Written by\" \/>\n\t<meta name=\"twitter:data1\" content=\"franca\" \/>\n\t<meta name=\"twitter:label2\" content=\"Est. reading time\" \/>\n\t<meta name=\"twitter:data2\" content=\"1 minute\" \/>\n<script type=\"application\/ld+json\" class=\"yoast-schema-graph\">{\"@context\":\"https:\/\/schema.org\",\"@graph\":[{\"@type\":\"Article\",\"@id\":\"https:\/\/fran-caballero.com\/en\/sin-animo-de-luto-en-cafe-teatro-pay-pay-y-fundacion-cajasol\/#article\",\"isPartOf\":{\"@id\":\"https:\/\/fran-caballero.com\/en\/sin-animo-de-luto-en-cafe-teatro-pay-pay-y-fundacion-cajasol\/\"},\"author\":{\"name\":\"franca\",\"@id\":\"https:\/\/fran-caballero.com\/#\/schema\/person\/505b29550120200cc090033d887594a3\"},\"headline\":\"\u00abSin \u00c1nimo de Luto\u00bb en Caf\u00e9 Teatro Pay Pay y Fundaci\u00f3n Cajasol\",\"datePublished\":\"2020-02-25T14:49:00+00:00\",\"dateModified\":\"2020-03-20T14:49:59+00:00\",\"mainEntityOfPage\":{\"@id\":\"https:\/\/fran-caballero.com\/en\/sin-animo-de-luto-en-cafe-teatro-pay-pay-y-fundacion-cajasol\/\"},\"wordCount\":133,\"commentCount\":0,\"publisher\":{\"@id\":\"https:\/\/fran-caballero.com\/#\/schema\/person\/4da0bfac732857d0f97091683c53c107\"},\"keywords\":[\"comedia\",\"doble sentido\",\"humor\",\"iron\u00eda\"],\"articleSection\":[\"Blog\"],\"inLanguage\":\"en-US\",\"potentialAction\":[{\"@type\":\"CommentAction\",\"name\":\"Comment\",\"target\":[\"https:\/\/fran-caballero.com\/en\/sin-animo-de-luto-en-cafe-teatro-pay-pay-y-fundacion-cajasol\/#respond\"]}]},{\"@type\":\"WebPage\",\"@id\":\"https:\/\/fran-caballero.com\/en\/sin-animo-de-luto-en-cafe-teatro-pay-pay-y-fundacion-cajasol\/\",\"url\":\"https:\/\/fran-caballero.com\/en\/sin-animo-de-luto-en-cafe-teatro-pay-pay-y-fundacion-cajasol\/\",\"name\":\"\u00abSin \u00c1nimo de Luto\u00bb en Caf\u00e9 Teatro Pay Pay y Fundaci\u00f3n Cajasol -\",\"isPartOf\":{\"@id\":\"https:\/\/fran-caballero.com\/#website\"},\"datePublished\":\"2020-02-25T14:49:00+00:00\",\"dateModified\":\"2020-03-20T14:49:59+00:00\",\"description\":\"La iron\u00eda, el doble sentido y el humor tienen una cita. Sin \u00c1nimo de Luto vuelve al Caf\u00e9 Teatro Pay Pay de C\u00e1diz y por primera vez, en la Fundaci\u00f3n Cajasol de la capital gaditana.\",\"breadcrumb\":{\"@id\":\"https:\/\/fran-caballero.com\/en\/sin-animo-de-luto-en-cafe-teatro-pay-pay-y-fundacion-cajasol\/#breadcrumb\"},\"inLanguage\":\"en-US\",\"potentialAction\":[{\"@type\":\"ReadAction\",\"target\":[\"https:\/\/fran-caballero.com\/en\/sin-animo-de-luto-en-cafe-teatro-pay-pay-y-fundacion-cajasol\/\"]}]},{\"@type\":\"BreadcrumbList\",\"@id\":\"https:\/\/fran-caballero.com\/en\/sin-animo-de-luto-en-cafe-teatro-pay-pay-y-fundacion-cajasol\/#breadcrumb\",\"itemListElement\":[{\"@type\":\"ListItem\",\"position\":1,\"name\":\"Portada\",\"item\":\"https:\/\/fran-caballero.com\/\"},{\"@type\":\"ListItem\",\"position\":2,\"name\":\"\u00abSin \u00c1nimo de Luto\u00bb en Caf\u00e9 Teatro Pay Pay y Fundaci\u00f3n Cajasol\"}]},{\"@type\":\"WebSite\",\"@id\":\"https:\/\/fran-caballero.com\/#website\",\"url\":\"https:\/\/fran-caballero.com\/\",\"name\":\"Fran Caballero\",\"description\":\"Actor - Author\",\"publisher\":{\"@id\":\"https:\/\/fran-caballero.com\/#\/schema\/person\/4da0bfac732857d0f97091683c53c107\"},\"potentialAction\":[{\"@type\":\"SearchAction\",\"target\":{\"@type\":\"EntryPoint\",\"urlTemplate\":\"https:\/\/fran-caballero.com\/?s={search_term_string}\"},\"query-input\":\"required name=search_term_string\"}],\"inLanguage\":\"en-US\"},{\"@type\":[\"Person\",\"Organization\"],\"@id\":\"https:\/\/fran-caballero.com\/#\/schema\/person\/4da0bfac732857d0f97091683c53c107\",\"name\":\"Fran Caballero\",\"image\":{\"@type\":\"ImageObject\",\"inLanguage\":\"en-US\",\"@id\":\"https:\/\/fran-caballero.com\/#\/schema\/person\/image\/\",\"url\":\"https:\/\/fran-caballero.com\/wp-content\/uploads\/2016\/11\/copy-logofran.jpg\",\"contentUrl\":\"https:\/\/fran-caballero.com\/wp-content\/uploads\/2016\/11\/copy-logofran.jpg\",\"width\":150,\"height\":57,\"caption\":\"Fran Caballero\"},\"logo\":{\"@id\":\"https:\/\/fran-caballero.com\/#\/schema\/person\/image\/\"}},{\"@type\":\"Person\",\"@id\":\"https:\/\/fran-caballero.com\/#\/schema\/person\/505b29550120200cc090033d887594a3\",\"name\":\"franca\",\"image\":{\"@type\":\"ImageObject\",\"inLanguage\":\"en-US\",\"@id\":\"https:\/\/fran-caballero.com\/#\/schema\/person\/image\/\",\"url\":\"https:\/\/secure.gravatar.com\/avatar\/0ceb1c044b557ee7735b14a4e69decbf?s=96&d=mm&r=g\",\"contentUrl\":\"https:\/\/secure.gravatar.com\/avatar\/0ceb1c044b557ee7735b14a4e69decbf?s=96&d=mm&r=g\",\"caption\":\"franca\"}}]}<\/script>\n<!-- \/ Yoast SEO plugin. -->","yoast_head_json":{"title":"\u00abSin \u00c1nimo de Luto\u00bb en Caf\u00e9 Teatro Pay Pay y Fundaci\u00f3n Cajasol -","robots":{"index":"index","follow":"follow","max-snippet":"max-snippet:-1","max-image-preview":"max-image-preview:large","max-video-preview":"max-video-preview:-1"},"canonical":"https:\/\/fran-caballero.com\/en\/sin-animo-de-luto-en-cafe-teatro-pay-pay-y-fundacion-cajasol\/","og_locale":"en_US","og_type":"article","og_title":"\u00abSin \u00c1nimo de Luto\u00bb en Caf\u00e9 Teatro Pay Pay y Fundaci\u00f3n Cajasol -","og_url":"https:\/\/fran-caballero.com\/en\/sin-animo-de-luto-en-cafe-teatro-pay-pay-y-fundacion-cajasol\/","og_site_name":"Fran Caballero","article_published_time":"2020-02-25T14:49:00+00:00","article_modified_time":"2020-03-20T14:49:59+00:00","og_image":[{"width":900,"height":600,"url":"https:\/\/fran-caballero.com\/wp-content\/uploads\/2020\/03\/sin-animo-de-luto-posibles.jpg","type":"image\/jpeg"}],"author":"franca","twitter_card":"summary_large_image","twitter_creator":"@francaballer0","twitter_site":"@francaballer0","twitter_misc":{"Written by":"franca","Est. reading time":"1 minute"},"schema":{"@context":"https:\/\/schema.org","@graph":[{"@type":"Article","@id":"https:\/\/fran-caballero.com\/en\/sin-animo-de-luto-en-cafe-teatro-pay-pay-y-fundacion-cajasol\/#article","isPartOf":{"@id":"https:\/\/fran-caballero.com\/en\/sin-animo-de-luto-en-cafe-teatro-pay-pay-y-fundacion-cajasol\/"},"author":{"name":"franca","@id":"https:\/\/fran-caballero.com\/#\/schema\/person\/505b29550120200cc090033d887594a3"},"headline":"\u00abSin \u00c1nimo de Luto\u00bb en Caf\u00e9 Teatro Pay Pay y Fundaci\u00f3n Cajasol","datePublished":"2020-02-25T14:49:00+00:00","dateModified":"2020-03-20T14:49:59+00:00","mainEntityOfPage":{"@id":"https:\/\/fran-caballero.com\/en\/sin-animo-de-luto-en-cafe-teatro-pay-pay-y-fundacion-cajasol\/"},"wordCount":133,"commentCount":0,"publisher":{"@id":"https:\/\/fran-caballero.com\/#\/schema\/person\/4da0bfac732857d0f97091683c53c107"},"keywords":["comedia","doble sentido","humor","iron\u00eda"],"articleSection":["Blog"],"inLanguage":"en-US","potentialAction":[{"@type":"CommentAction","name":"Comment","target":["https:\/\/fran-caballero.com\/en\/sin-animo-de-luto-en-cafe-teatro-pay-pay-y-fundacion-cajasol\/#respond"]}]},{"@type":"WebPage","@id":"https:\/\/fran-caballero.com\/en\/sin-animo-de-luto-en-cafe-teatro-pay-pay-y-fundacion-cajasol\/","url":"https:\/\/fran-caballero.com\/en\/sin-animo-de-luto-en-cafe-teatro-pay-pay-y-fundacion-cajasol\/","name":"\u00abSin \u00c1nimo de Luto\u00bb en Caf\u00e9 Teatro Pay Pay y Fundaci\u00f3n Cajasol -","isPartOf":{"@id":"https:\/\/fran-caballero.com\/#website"},"datePublished":"2020-02-25T14:49:00+00:00","dateModified":"2020-03-20T14:49:59+00:00","description":"La iron\u00eda, el doble sentido y el humor tienen una cita. Sin \u00c1nimo de Luto vuelve al Caf\u00e9 Teatro Pay Pay de C\u00e1diz y por primera vez, en la Fundaci\u00f3n Cajasol de la capital gaditana.","breadcrumb":{"@id":"https:\/\/fran-caballero.com\/en\/sin-animo-de-luto-en-cafe-teatro-pay-pay-y-fundacion-cajasol\/#breadcrumb"},"inLanguage":"en-US","potentialAction":[{"@type":"ReadAction","target":["https:\/\/fran-caballero.com\/en\/sin-animo-de-luto-en-cafe-teatro-pay-pay-y-fundacion-cajasol\/"]}]},{"@type":"BreadcrumbList","@id":"https:\/\/fran-caballero.com\/en\/sin-animo-de-luto-en-cafe-teatro-pay-pay-y-fundacion-cajasol\/#breadcrumb","itemListElement":[{"@type":"ListItem","position":1,"name":"Portada","item":"https:\/\/fran-caballero.com\/"},{"@type":"ListItem","position":2,"name":"\u00abSin \u00c1nimo de Luto\u00bb en Caf\u00e9 Teatro Pay Pay y Fundaci\u00f3n Cajasol"}]},{"@type":"WebSite","@id":"https:\/\/fran-caballero.com\/#website","url":"https:\/\/fran-caballero.com\/","name":"Fran Caballero","description":"Actor - Author","publisher":{"@id":"https:\/\/fran-caballero.com\/#\/schema\/person\/4da0bfac732857d0f97091683c53c107"},"potentialAction":[{"@type":"SearchAction","target":{"@type":"EntryPoint","urlTemplate":"https:\/\/fran-caballero.com\/?s={search_term_string}"},"query-input":"required name=search_term_string"}],"inLanguage":"en-US"},{"@type":["Person","Organization"],"@id":"https:\/\/fran-caballero.com\/#\/schema\/person\/4da0bfac732857d0f97091683c53c107","name":"Fran Caballero","image":{"@type":"ImageObject","inLanguage":"en-US","@id":"https:\/\/fran-caballero.com\/#\/schema\/person\/image\/","url":"https:\/\/fran-caballero.com\/wp-content\/uploads\/2016\/11\/copy-logofran.jpg","contentUrl":"https:\/\/fran-caballero.com\/wp-content\/uploads\/2016\/11\/copy-logofran.jpg","width":150,"height":57,"caption":"Fran Caballero"},"logo":{"@id":"https:\/\/fran-caballero.com\/#\/schema\/person\/image\/"}},{"@type":"Person","@id":"https:\/\/fran-caballero.com\/#\/schema\/person\/505b29550120200cc090033d887594a3","name":"franca","image":{"@type":"ImageObject","inLanguage":"en-US","@id":"https:\/\/fran-caballero.com\/#\/schema\/person\/image\/","url":"https:\/\/secure.gravatar.com\/avatar\/0ceb1c044b557ee7735b14a4e69decbf?s=96&d=mm&r=g","contentUrl":"https:\/\/secure.gravatar.com\/avatar\/0ceb1c044b557ee7735b14a4e69decbf?s=96&d=mm&r=g","caption":"franca"}}]}},"_links":{"self":[{"href":"https:\/\/fran-caballero.com\/en\/wp-json\/wp\/v2\/posts\/4360"}],"collection":[{"href":"https:\/\/fran-caballero.com\/en\/wp-json\/wp\/v2\/posts"}],"about":[{"href":"https:\/\/fran-caballero.com\/en\/wp-json\/wp\/v2\/types\/post"}],"author":[{"embeddable":true,"href":"https:\/\/fran-caballero.com\/en\/wp-json\/wp\/v2\/users\/3"}],"replies":[{"embeddable":true,"href":"https:\/\/fran-caballero.com\/en\/wp-json\/wp\/v2\/comments?post=4360"}],"version-history":[{"count":2,"href":"https:\/\/fran-caballero.com\/en\/wp-json\/wp\/v2\/posts\/4360\/revisions"}],"predecessor-version":[{"id":4364,"href":"https:\/\/fran-caballero.com\/en\/wp-json\/wp\/v2\/posts\/4360\/revisions\/4364"}],"wp:featuredmedia":[{"embeddable":true,"href":"https:\/\/fran-caballero.com\/en\/wp-json\/wp\/v2\/media\/4361"}],"wp:attachment":[{"href":"https:\/\/fran-caballero.com\/en\/wp-json\/wp\/v2\/media?parent=4360"}],"wp:term":[{"taxonomy":"category","embeddable":true,"href":"https:\/\/fran-caballero.com\/en\/wp-json\/wp\/v2\/categories?post=4360"},{"taxonomy":"post_tag","embeddable":true,"href":"https:\/\/fran-caballero.com\/en\/wp-json\/wp\/v2\/tags?post=4360"}],"curies":[{"name":"wp","href":"https:\/\/api.w.org\/{rel}","templated":true}]}}