{"id":419,"date":"2014-03-21T09:00:00","date_gmt":"2014-03-21T09:00:00","guid":{"rendered":"http:\/\/fran-caballero.com\/flamenco-land-llega-al-teatro-y-la\/"},"modified":"2016-12-10T15:18:28","modified_gmt":"2016-12-10T15:18:28","slug":"flamenco-land-llega-al-teatro-y-la","status":"publish","type":"post","link":"https:\/\/fran-caballero.com\/en\/flamenco-land-llega-al-teatro-y-la\/","title":{"rendered":"Flamenco Land llega al Teatro y la Escuela"},"content":{"rendered":"<div class=\"separator\" style=\"clear: both; text-align: center;\"><a style=\"margin-left: 1em; margin-right: 1em;\" href=\"http:\/\/fran-caballero.com\/wp-content\/uploads\/2014\/03\/1012143_736757509688252_1253849584_n.jpg\"><img decoding=\"async\" loading=\"lazy\" src=\"http:\/\/fran-caballero.com\/wp-content\/uploads\/2014\/03\/1012143_736757509688252_1253849584_n.jpg\" width=\"400\" height=\"305\" border=\"0\" \/><\/a><\/div>\n<div class=\"separator\" style=\"clear: both; text-align: left;\"><\/div>\n<div class=\"separator\" style=\"clear: both; text-align: left;\"><\/div>\n<div class=\"separator\" style=\"clear: both; text-align: left;\">Despu\u00e9s de haber pasado por el Festival de Mont de Marsan (Francia), el Festival de Flamenco de Nimes (Francia), \u00a0el Festival Internacional de Teatro de Cazorla, el Circuito Abecedaria por toda Andaluc\u00eda, por fin desembarcamos en Sevilla en el XXIII Ciclo El teatro y la Escuela en el Teatro Alameda de Sevilla en colaboraci\u00f3n con la XVIII Bienal de Flamenco de Sevilla.<\/div>\n<div class=\"separator\" style=\"clear: both; text-align: center;\"><\/div>\n<div class=\"separator\" style=\"clear: both; text-align: center;\"><b>Flamenco Land<\/b><\/div>\n<div class=\"separator\" style=\"clear: both; text-align: center;\"><\/div>\n<div class=\"separator\" style=\"clear: both; text-align: center;\">23 de Marzo de 2014.<\/div>\n<div class=\"separator\" style=\"clear: both; text-align: center;\"><\/div>\n<div class=\"separator\" style=\"clear: both; text-align: center;\"><b>Teatro Alameda\u00a0<\/b><\/div>\n<div class=\"separator\" style=\"clear: both; text-align: center;\">Sevilla.<\/div>\n<div class=\"separator\" style=\"clear: both; text-align: center;\"><\/div>\n<div class=\"separator\" style=\"clear: both; text-align: center;\">Funci\u00f3n Familiar<\/div>\n<div class=\"separator\" style=\"clear: both; text-align: center;\"><\/div>\n<div class=\"separator\" style=\"clear: both; text-align: center;\">18 horas<\/div>\n<div class=\"separator\" style=\"clear: both; text-align: center;\"><\/div>\n<div class=\"separator\" style=\"clear: both; text-align: center;\"><b>XXIII Ciclo &#8220;El teatro y la escuela&#8221;<\/b><\/div>\n<div class=\"separator\" style=\"clear: both; text-align: center;\"><\/div>\n<div class=\"separator\" style=\"clear: both; text-align: left;\">\u00a0<strong style=\"background-color: white; font-family: Arial, Helvetica, sans-serif; font-size: 12px; line-height: 20px; text-align: justify;\"><em>Flamenco Land<\/em><\/strong>\u00a0se propone una ambici\u00f3n singular: llevar el Arte Flamenco a nuevos p\u00fablicos en general y al p\u00fablico infantil (de 6 a 12 a\u00f1os) en particular, pues consideramos que el Flamenco supone el juego, consiente la participaci\u00f3n del p\u00fablico, desarrolla la percepci\u00f3n, estimula la sensibilidad est\u00e9tica, fomenta el trabajo en equipo y promueve la expresi\u00f3n creativa. Por otro lado, tambi\u00e9n hemos elegido al p\u00fablico infantil porque deseamos establecer puntos de contacto entre el Flamenco y el trabajo pedag\u00f3gico de los maestros dentro de las aulas,\u00a0 llegando a un grado de autonom\u00eda tal que posibilite la participaci\u00f3n activa en diferentes actividades vinculadas con la audici\u00f3n, la interpretaci\u00f3n y la creaci\u00f3n musical. Pensamos que el flamenco es fuente de autoestima, socializaci\u00f3n y de motivaci\u00f3n.\u00a0<em style=\"background-color: white; font-family: Arial, Helvetica, sans-serif; font-size: 12px; line-height: 20px; text-align: justify;\">Flamenco Land<\/em>\u00a0es un espect\u00e1culo ideal para el aprendizaje activo del ni\u00f1o. Estrenado en el Festival Arte Flamenco de Mont de Mars\u00e1n 2010, en el Festival Internacional de Teatro de Cazorla y en el Festival de Nimes 2012.\u00a0<em style=\"background-color: white; font-family: Arial, Helvetica, sans-serif; font-size: 12px; line-height: 20px; text-align: justify;\">Flamenco Land<\/em>\u00a0viene avalado por una gran repercusi\u00f3n y acogida tanto por cr\u00edtica como de p\u00fablico. Un espect\u00e1culo que conjuga a la perfecci\u00f3n el flamenco \u00a0y el clown.<\/div>\n<div class=\"separator\" style=\"clear: both; text-align: left;\"><\/div>\n","protected":false},"excerpt":{"rendered":"<p>Despu\u00e9s de haber pasado por el Festival de Mont de Marsan (Francia), el Festival de Flamenco de Nimes (Francia), \u00a0el Festival Internacional de Teatro de Cazorla, el Circuito Abecedaria por&#8230;<\/p>\n","protected":false},"author":3,"featured_media":0,"comment_status":"open","ping_status":"open","sticky":false,"template":"","format":"standard","meta":[],"categories":[7],"tags":[178],"translation":{"provider":"WPGlobus","version":"2.10.10","language":"en","enabled_languages":["es","en","fr"],"languages":{"es":{"title":true,"content":true,"excerpt":false},"en":{"title":false,"content":false,"excerpt":false},"fr":{"title":false,"content":false,"excerpt":false}}},"yoast_head":"<!-- This site is optimized with the Yoast SEO plugin v20.5 - https:\/\/yoast.com\/wordpress\/plugins\/seo\/ -->\n<title>Flamenco Land llega al Teatro y la Escuela - Fran Caballero<\/title>\n<meta name=\"robots\" content=\"index, follow, max-snippet:-1, max-image-preview:large, max-video-preview:-1\" \/>\n<link rel=\"canonical\" href=\"https:\/\/fran-caballero.com\/en\/flamenco-land-llega-al-teatro-y-la\/\" \/>\n<meta property=\"og:locale\" content=\"en_US\" \/>\n<meta property=\"og:type\" content=\"article\" \/>\n<meta property=\"og:title\" content=\"Flamenco Land llega al Teatro y la Escuela - Fran Caballero\" \/>\n<meta property=\"og:url\" content=\"https:\/\/fran-caballero.com\/en\/flamenco-land-llega-al-teatro-y-la\/\" \/>\n<meta property=\"og:site_name\" content=\"Fran Caballero\" \/>\n<meta property=\"article:published_time\" content=\"2014-03-21T09:00:00+00:00\" \/>\n<meta property=\"article:modified_time\" content=\"2016-12-10T15:18:28+00:00\" \/>\n<meta property=\"og:image\" content=\"http:\/\/fran-caballero.com\/wp-content\/uploads\/2014\/03\/1012143_736757509688252_1253849584_n.jpg\" \/>\n<meta name=\"author\" content=\"franca\" \/>\n<meta name=\"twitter:card\" content=\"summary_large_image\" \/>\n<meta name=\"twitter:creator\" content=\"@francaballer0\" \/>\n<meta name=\"twitter:site\" content=\"@francaballer0\" \/>\n<meta name=\"twitter:label1\" content=\"Written by\" \/>\n\t<meta name=\"twitter:data1\" content=\"franca\" \/>\n\t<meta name=\"twitter:label2\" content=\"Est. reading time\" \/>\n\t<meta name=\"twitter:data2\" content=\"1 minute\" \/>\n<script type=\"application\/ld+json\" class=\"yoast-schema-graph\">{\"@context\":\"https:\/\/schema.org\",\"@graph\":[{\"@type\":\"Article\",\"@id\":\"https:\/\/fran-caballero.com\/en\/flamenco-land-llega-al-teatro-y-la\/#article\",\"isPartOf\":{\"@id\":\"https:\/\/fran-caballero.com\/en\/flamenco-land-llega-al-teatro-y-la\/\"},\"author\":{\"name\":\"franca\",\"@id\":\"https:\/\/fran-caballero.com\/#\/schema\/person\/505b29550120200cc090033d887594a3\"},\"headline\":\"Flamenco Land llega al Teatro y la Escuela\",\"datePublished\":\"2014-03-21T09:00:00+00:00\",\"dateModified\":\"2016-12-10T15:18:28+00:00\",\"mainEntityOfPage\":{\"@id\":\"https:\/\/fran-caballero.com\/en\/flamenco-land-llega-al-teatro-y-la\/\"},\"wordCount\":304,\"commentCount\":0,\"publisher\":{\"@id\":\"https:\/\/fran-caballero.com\/#\/schema\/person\/4da0bfac732857d0f97091683c53c107\"},\"keywords\":[\"Flamenco Land XXIII Ciclo El teatro y la escuela XVIII Bienal de flamenco de Sevilla flamenco clown flamenco para ni\u00f1os\"],\"articleSection\":[\"Blog\"],\"inLanguage\":\"en-US\",\"potentialAction\":[{\"@type\":\"CommentAction\",\"name\":\"Comment\",\"target\":[\"https:\/\/fran-caballero.com\/en\/flamenco-land-llega-al-teatro-y-la\/#respond\"]}]},{\"@type\":\"WebPage\",\"@id\":\"https:\/\/fran-caballero.com\/en\/flamenco-land-llega-al-teatro-y-la\/\",\"url\":\"https:\/\/fran-caballero.com\/en\/flamenco-land-llega-al-teatro-y-la\/\",\"name\":\"Flamenco Land llega al Teatro y la Escuela - Fran Caballero\",\"isPartOf\":{\"@id\":\"https:\/\/fran-caballero.com\/#website\"},\"datePublished\":\"2014-03-21T09:00:00+00:00\",\"dateModified\":\"2016-12-10T15:18:28+00:00\",\"description\":\"Web de Fran Caballero - Actor y Creador\",\"breadcrumb\":{\"@id\":\"https:\/\/fran-caballero.com\/en\/flamenco-land-llega-al-teatro-y-la\/#breadcrumb\"},\"inLanguage\":\"en-US\",\"potentialAction\":[{\"@type\":\"ReadAction\",\"target\":[\"https:\/\/fran-caballero.com\/en\/flamenco-land-llega-al-teatro-y-la\/\"]}]},{\"@type\":\"BreadcrumbList\",\"@id\":\"https:\/\/fran-caballero.com\/en\/flamenco-land-llega-al-teatro-y-la\/#breadcrumb\",\"itemListElement\":[{\"@type\":\"ListItem\",\"position\":1,\"name\":\"Portada\",\"item\":\"https:\/\/fran-caballero.com\/\"},{\"@type\":\"ListItem\",\"position\":2,\"name\":\"Flamenco Land llega al Teatro y la Escuela\"}]},{\"@type\":\"WebSite\",\"@id\":\"https:\/\/fran-caballero.com\/#website\",\"url\":\"https:\/\/fran-caballero.com\/\",\"name\":\"Fran Caballero\",\"description\":\"Actor - Author\",\"publisher\":{\"@id\":\"https:\/\/fran-caballero.com\/#\/schema\/person\/4da0bfac732857d0f97091683c53c107\"},\"potentialAction\":[{\"@type\":\"SearchAction\",\"target\":{\"@type\":\"EntryPoint\",\"urlTemplate\":\"https:\/\/fran-caballero.com\/?s={search_term_string}\"},\"query-input\":\"required name=search_term_string\"}],\"inLanguage\":\"en-US\"},{\"@type\":[\"Person\",\"Organization\"],\"@id\":\"https:\/\/fran-caballero.com\/#\/schema\/person\/4da0bfac732857d0f97091683c53c107\",\"name\":\"Fran Caballero\",\"image\":{\"@type\":\"ImageObject\",\"inLanguage\":\"en-US\",\"@id\":\"https:\/\/fran-caballero.com\/#\/schema\/person\/image\/\",\"url\":\"https:\/\/fran-caballero.com\/wp-content\/uploads\/2016\/11\/copy-logofran.jpg\",\"contentUrl\":\"https:\/\/fran-caballero.com\/wp-content\/uploads\/2016\/11\/copy-logofran.jpg\",\"width\":150,\"height\":57,\"caption\":\"Fran Caballero\"},\"logo\":{\"@id\":\"https:\/\/fran-caballero.com\/#\/schema\/person\/image\/\"}},{\"@type\":\"Person\",\"@id\":\"https:\/\/fran-caballero.com\/#\/schema\/person\/505b29550120200cc090033d887594a3\",\"name\":\"franca\",\"image\":{\"@type\":\"ImageObject\",\"inLanguage\":\"en-US\",\"@id\":\"https:\/\/fran-caballero.com\/#\/schema\/person\/image\/\",\"url\":\"https:\/\/secure.gravatar.com\/avatar\/0ceb1c044b557ee7735b14a4e69decbf?s=96&d=mm&r=g\",\"contentUrl\":\"https:\/\/secure.gravatar.com\/avatar\/0ceb1c044b557ee7735b14a4e69decbf?s=96&d=mm&r=g\",\"caption\":\"franca\"}}]}<\/script>\n<!-- \/ Yoast SEO plugin. -->","yoast_head_json":{"title":"Flamenco Land llega al Teatro y la Escuela - Fran Caballero","robots":{"index":"index","follow":"follow","max-snippet":"max-snippet:-1","max-image-preview":"max-image-preview:large","max-video-preview":"max-video-preview:-1"},"canonical":"https:\/\/fran-caballero.com\/en\/flamenco-land-llega-al-teatro-y-la\/","og_locale":"en_US","og_type":"article","og_title":"Flamenco Land llega al Teatro y la Escuela - Fran Caballero","og_url":"https:\/\/fran-caballero.com\/en\/flamenco-land-llega-al-teatro-y-la\/","og_site_name":"Fran Caballero","article_published_time":"2014-03-21T09:00:00+00:00","article_modified_time":"2016-12-10T15:18:28+00:00","og_image":[{"url":"http:\/\/fran-caballero.com\/wp-content\/uploads\/2014\/03\/1012143_736757509688252_1253849584_n.jpg"}],"author":"franca","twitter_card":"summary_large_image","twitter_creator":"@francaballer0","twitter_site":"@francaballer0","twitter_misc":{"Written by":"franca","Est. reading time":"1 minute"},"schema":{"@context":"https:\/\/schema.org","@graph":[{"@type":"Article","@id":"https:\/\/fran-caballero.com\/en\/flamenco-land-llega-al-teatro-y-la\/#article","isPartOf":{"@id":"https:\/\/fran-caballero.com\/en\/flamenco-land-llega-al-teatro-y-la\/"},"author":{"name":"franca","@id":"https:\/\/fran-caballero.com\/#\/schema\/person\/505b29550120200cc090033d887594a3"},"headline":"Flamenco Land llega al Teatro y la Escuela","datePublished":"2014-03-21T09:00:00+00:00","dateModified":"2016-12-10T15:18:28+00:00","mainEntityOfPage":{"@id":"https:\/\/fran-caballero.com\/en\/flamenco-land-llega-al-teatro-y-la\/"},"wordCount":304,"commentCount":0,"publisher":{"@id":"https:\/\/fran-caballero.com\/#\/schema\/person\/4da0bfac732857d0f97091683c53c107"},"keywords":["Flamenco Land XXIII Ciclo El teatro y la escuela XVIII Bienal de flamenco de Sevilla flamenco clown flamenco para ni\u00f1os"],"articleSection":["Blog"],"inLanguage":"en-US","potentialAction":[{"@type":"CommentAction","name":"Comment","target":["https:\/\/fran-caballero.com\/en\/flamenco-land-llega-al-teatro-y-la\/#respond"]}]},{"@type":"WebPage","@id":"https:\/\/fran-caballero.com\/en\/flamenco-land-llega-al-teatro-y-la\/","url":"https:\/\/fran-caballero.com\/en\/flamenco-land-llega-al-teatro-y-la\/","name":"Flamenco Land llega al Teatro y la Escuela - Fran Caballero","isPartOf":{"@id":"https:\/\/fran-caballero.com\/#website"},"datePublished":"2014-03-21T09:00:00+00:00","dateModified":"2016-12-10T15:18:28+00:00","description":"Web de Fran Caballero - Actor y Creador","breadcrumb":{"@id":"https:\/\/fran-caballero.com\/en\/flamenco-land-llega-al-teatro-y-la\/#breadcrumb"},"inLanguage":"en-US","potentialAction":[{"@type":"ReadAction","target":["https:\/\/fran-caballero.com\/en\/flamenco-land-llega-al-teatro-y-la\/"]}]},{"@type":"BreadcrumbList","@id":"https:\/\/fran-caballero.com\/en\/flamenco-land-llega-al-teatro-y-la\/#breadcrumb","itemListElement":[{"@type":"ListItem","position":1,"name":"Portada","item":"https:\/\/fran-caballero.com\/"},{"@type":"ListItem","position":2,"name":"Flamenco Land llega al Teatro y la Escuela"}]},{"@type":"WebSite","@id":"https:\/\/fran-caballero.com\/#website","url":"https:\/\/fran-caballero.com\/","name":"Fran Caballero","description":"Actor - Author","publisher":{"@id":"https:\/\/fran-caballero.com\/#\/schema\/person\/4da0bfac732857d0f97091683c53c107"},"potentialAction":[{"@type":"SearchAction","target":{"@type":"EntryPoint","urlTemplate":"https:\/\/fran-caballero.com\/?s={search_term_string}"},"query-input":"required name=search_term_string"}],"inLanguage":"en-US"},{"@type":["Person","Organization"],"@id":"https:\/\/fran-caballero.com\/#\/schema\/person\/4da0bfac732857d0f97091683c53c107","name":"Fran Caballero","image":{"@type":"ImageObject","inLanguage":"en-US","@id":"https:\/\/fran-caballero.com\/#\/schema\/person\/image\/","url":"https:\/\/fran-caballero.com\/wp-content\/uploads\/2016\/11\/copy-logofran.jpg","contentUrl":"https:\/\/fran-caballero.com\/wp-content\/uploads\/2016\/11\/copy-logofran.jpg","width":150,"height":57,"caption":"Fran Caballero"},"logo":{"@id":"https:\/\/fran-caballero.com\/#\/schema\/person\/image\/"}},{"@type":"Person","@id":"https:\/\/fran-caballero.com\/#\/schema\/person\/505b29550120200cc090033d887594a3","name":"franca","image":{"@type":"ImageObject","inLanguage":"en-US","@id":"https:\/\/fran-caballero.com\/#\/schema\/person\/image\/","url":"https:\/\/secure.gravatar.com\/avatar\/0ceb1c044b557ee7735b14a4e69decbf?s=96&d=mm&r=g","contentUrl":"https:\/\/secure.gravatar.com\/avatar\/0ceb1c044b557ee7735b14a4e69decbf?s=96&d=mm&r=g","caption":"franca"}}]}},"_links":{"self":[{"href":"https:\/\/fran-caballero.com\/en\/wp-json\/wp\/v2\/posts\/419"}],"collection":[{"href":"https:\/\/fran-caballero.com\/en\/wp-json\/wp\/v2\/posts"}],"about":[{"href":"https:\/\/fran-caballero.com\/en\/wp-json\/wp\/v2\/types\/post"}],"author":[{"embeddable":true,"href":"https:\/\/fran-caballero.com\/en\/wp-json\/wp\/v2\/users\/3"}],"replies":[{"embeddable":true,"href":"https:\/\/fran-caballero.com\/en\/wp-json\/wp\/v2\/comments?post=419"}],"version-history":[{"count":3,"href":"https:\/\/fran-caballero.com\/en\/wp-json\/wp\/v2\/posts\/419\/revisions"}],"predecessor-version":[{"id":2393,"href":"https:\/\/fran-caballero.com\/en\/wp-json\/wp\/v2\/posts\/419\/revisions\/2393"}],"wp:attachment":[{"href":"https:\/\/fran-caballero.com\/en\/wp-json\/wp\/v2\/media?parent=419"}],"wp:term":[{"taxonomy":"category","embeddable":true,"href":"https:\/\/fran-caballero.com\/en\/wp-json\/wp\/v2\/categories?post=419"},{"taxonomy":"post_tag","embeddable":true,"href":"https:\/\/fran-caballero.com\/en\/wp-json\/wp\/v2\/tags?post=419"}],"curies":[{"name":"wp","href":"https:\/\/api.w.org\/{rel}","templated":true}]}}