{"id":3400,"date":"2018-05-07T16:33:40","date_gmt":"2018-05-07T16:33:40","guid":{"rendered":"https:\/\/fran-caballero.com\/?p=3400"},"modified":"2018-06-09T17:01:02","modified_gmt":"2018-06-09T17:01:02","slug":"imagenes-del-vi-festival-improsevilla","status":"publish","type":"post","link":"https:\/\/fran-caballero.com\/en\/imagenes-del-vi-festival-improsevilla\/","title":{"rendered":"Im\u00e1genes del VI Festival ImproSevilla"},"content":{"rendered":"<p>Desde Improductivos, hemos organizado del 3 al 6 de Mayo de 2018, la sexta edici\u00f3n del Festival ImproSevilla. Un festival dedicado a la improvisaci\u00f3n teatral. Se ha realizado en diferentes espacios de la ciudad como La Sala, Sala X, La Sedede, Espacio Vac\u00edo, La Casa Ensambl\u00e1 y\u00a0 el Centro de Documentaci\u00f3n de las Artes esc\u00e9nicas.<br \/>\nHan participado improvisador@s profesionales de todo el territorio nacional:<\/p>\n<div dir=\"ltr\">COMPA\u00d1\u00cdAS INVITADAS<\/div>\n<div dir=\"ltr\">\n<ul>\n<li dir=\"ltr\">ImproVivencia &#8211; Alicante<\/li>\n<li dir=\"ltr\">Teatro Indigesto &#8211; Zaragoza<\/li>\n<li dir=\"ltr\">TheModestos &#8211; Barcelona<\/li>\n<li dir=\"ltr\">Diego Ingold &#8211; Palma de Mallorca<\/li>\n<li dir=\"ltr\">Improy Punto &#8211; Bilbao<\/li>\n<li dir=\"ltr\">La Tetera &#8211; Granada<\/li>\n<li dir=\"ltr\">Al TranTr\u00e1n &#8211; Madrid<\/li>\n<li dir=\"ltr\">ImproValladolid -Valladolid<\/li>\n<li dir=\"ltr\">Global Impro &#8211; Argentina<\/li>\n<\/ul>\n<div dir=\"ltr\"><\/div>\n<div dir=\"ltr\">COMPA\u00d1\u00cdAS LOCALES &#8211; SEVILLA<\/div>\n<ul>\n<li dir=\"ltr\"><a href=\"https:\/\/www.improductivos.com\/\">Improductivos Teatro<\/a> (C\u00eda. organizadora)<\/li>\n<li dir=\"ltr\">La Familia Impro<\/li>\n<li dir=\"ltr\">Improhibido<\/li>\n<li dir=\"ltr\">Improciuto<\/li>\n<li dir=\"ltr\">ImproVillano<\/li>\n<li dir=\"ltr\">Impro En Movimiento<\/li>\n<\/ul>\n<p>La finalidad m\u00e1xima del F.I.S es el desarrollo de esta disciplina teatral, creando un tejido nacional e internacional que permita la visibilidad y evoluci\u00f3n de la improvisaci\u00f3n.<\/p>\n<p>Programaci\u00f3n.<br \/>\nJueves, 3 de Mayo de 2018.<\/p>\n<p>18:30 h.\u00a0<strong>Presentaci\u00f3n del Encuentro.<\/strong>\u00a0Centro de Documentaci\u00f3n de las artes esc\u00e9nicas.<\/p>\n<p>20:30 h. <strong>Encuentro de escuelas.\u00a0<\/strong>La sala<\/p>\n<p>Viernes, 4 de Mayo.<\/p>\n<p>21:30 h. <strong>Improvisa como puedas<\/strong>.\u00a0Espacio Vac\u00edo<\/p>\n<p>S\u00e1bado, 5 de Mayo.<br \/>\n21:30 h. <strong>Directores a escena.\u00a0<\/strong>Sala X<\/p>\n<p>Domingo, 6 de Mayo.<\/p>\n<p>12:00 h. <strong>Barrio. Una ruta por escenas improvisadas.\u00a0<\/strong>Punto de salida: Plaza del Pel\u00edcano<\/p>\n<p>20:00 h. <strong>El Show de Al Tran Tr\u00e1n.\u00a0<\/strong>La Sala<\/p>\n<p>Talleres<\/p>\n<p>Curso de <strong>ImproMusical Cantada<\/strong>. Al Tran Tr\u00e1n. La Sedede<\/p>\n<p>Curso: <strong>Las historias tras el cuerpo<\/strong>. The Modestos. Espacio Vac\u00edo<\/p>\n<p>Curso de <strong>Iniciaci\u00f3n a la improvisaci\u00f3n<\/strong>. Movimiento Impro. La Ensambl\u00e1<\/p>\n<p>Aqu\u00ed os dejamos algunas im\u00e1genes de la edici\u00f3n de este a\u00f1o de los diferentes espect\u00e1culos y talleres.<\/p>\n<\/div>\n<div id='gallery-1' class='gallery galleryid-3400 gallery-columns-3 gallery-size-thumbnail'><figure class='gallery-item'>\n\t\t\t<div class='gallery-icon landscape'>\n\t\t\t\t<a href='https:\/\/fran-caballero.com\/en\/imagenes-del-vi-festival-improsevilla\/31914277_1630938876955643_1856305098922131456_n\/'><img width=\"150\" height=\"150\" src=\"https:\/\/fran-caballero.com\/wp-content\/uploads\/2018\/06\/31914277_1630938876955643_1856305098922131456_n-150x150.jpg\" class=\"attachment-thumbnail size-thumbnail\" alt=\"\" decoding=\"async\" loading=\"lazy\" aria-describedby=\"gallery-1-3401\" srcset=\"https:\/\/fran-caballero.com\/wp-content\/uploads\/2018\/06\/31914277_1630938876955643_1856305098922131456_n-150x150.jpg 150w, https:\/\/fran-caballero.com\/wp-content\/uploads\/2018\/06\/31914277_1630938876955643_1856305098922131456_n-380x380.jpg 380w\" sizes=\"(max-width: 150px) 100vw, 150px\" \/><\/a>\n\t\t\t<\/div>\n\t\t\t\t<figcaption class='wp-caption-text gallery-caption' id='gallery-1-3401'>\n\t\t\t\tEncuentro de escuelas\n\t\t\t\t<\/figcaption><\/figure><figure class='gallery-item'>\n\t\t\t<div class='gallery-icon landscape'>\n\t\t\t\t<a href='https:\/\/fran-caballero.com\/en\/imagenes-del-vi-festival-improsevilla\/dsc_0055\/'><img width=\"150\" height=\"150\" src=\"https:\/\/fran-caballero.com\/wp-content\/uploads\/2018\/06\/DSC_0055-150x150.png\" class=\"attachment-thumbnail size-thumbnail\" alt=\"\" decoding=\"async\" loading=\"lazy\" aria-describedby=\"gallery-1-3403\" srcset=\"https:\/\/fran-caballero.com\/wp-content\/uploads\/2018\/06\/DSC_0055-150x150.png 150w, https:\/\/fran-caballero.com\/wp-content\/uploads\/2018\/06\/DSC_0055-380x380.png 380w\" sizes=\"(max-width: 150px) 100vw, 150px\" \/><\/a>\n\t\t\t<\/div>\n\t\t\t\t<figcaption class='wp-caption-text gallery-caption' id='gallery-1-3403'>\n\t\t\t\tSala X &#8211; Directores\n\t\t\t\t<\/figcaption><\/figure><figure class='gallery-item'>\n\t\t\t<div class='gallery-icon landscape'>\n\t\t\t\t<a href='https:\/\/fran-caballero.com\/en\/imagenes-del-vi-festival-improsevilla\/dsc_0072\/'><img width=\"150\" height=\"150\" src=\"https:\/\/fran-caballero.com\/wp-content\/uploads\/2018\/06\/DSC_0072-150x150.png\" class=\"attachment-thumbnail size-thumbnail\" alt=\"\" decoding=\"async\" loading=\"lazy\" aria-describedby=\"gallery-1-3404\" srcset=\"https:\/\/fran-caballero.com\/wp-content\/uploads\/2018\/06\/DSC_0072-150x150.png 150w, https:\/\/fran-caballero.com\/wp-content\/uploads\/2018\/06\/DSC_0072-380x380.png 380w\" sizes=\"(max-width: 150px) 100vw, 150px\" \/><\/a>\n\t\t\t<\/div>\n\t\t\t\t<figcaption class='wp-caption-text gallery-caption' id='gallery-1-3404'>\n\t\t\t\tDirectores a escena\n\t\t\t\t<\/figcaption><\/figure><figure class='gallery-item'>\n\t\t\t<div class='gallery-icon landscape'>\n\t\t\t\t<a href='https:\/\/fran-caballero.com\/en\/imagenes-del-vi-festival-improsevilla\/img-20180505-wa0015\/'><img width=\"150\" height=\"150\" src=\"https:\/\/fran-caballero.com\/wp-content\/uploads\/2018\/06\/IMG-20180505-WA0015-150x150.jpg\" class=\"attachment-thumbnail size-thumbnail\" alt=\"\" decoding=\"async\" loading=\"lazy\" aria-describedby=\"gallery-1-3408\" srcset=\"https:\/\/fran-caballero.com\/wp-content\/uploads\/2018\/06\/IMG-20180505-WA0015-150x150.jpg 150w, https:\/\/fran-caballero.com\/wp-content\/uploads\/2018\/06\/IMG-20180505-WA0015-380x380.jpg 380w\" sizes=\"(max-width: 150px) 100vw, 150px\" \/><\/a>\n\t\t\t<\/div>\n\t\t\t\t<figcaption class='wp-caption-text gallery-caption' id='gallery-1-3408'>\n\t\t\t\tTalleres Festival\n\t\t\t\t<\/figcaption><\/figure><figure class='gallery-item'>\n\t\t\t<div class='gallery-icon landscape'>\n\t\t\t\t<a href='https:\/\/fran-caballero.com\/en\/imagenes-del-vi-festival-improsevilla\/img-20180504-wa0058\/'><img width=\"150\" height=\"150\" src=\"https:\/\/fran-caballero.com\/wp-content\/uploads\/2018\/06\/IMG-20180504-WA0058-150x150.jpg\" class=\"attachment-thumbnail size-thumbnail\" alt=\"\" decoding=\"async\" loading=\"lazy\" aria-describedby=\"gallery-1-3407\" srcset=\"https:\/\/fran-caballero.com\/wp-content\/uploads\/2018\/06\/IMG-20180504-WA0058-150x150.jpg 150w, https:\/\/fran-caballero.com\/wp-content\/uploads\/2018\/06\/IMG-20180504-WA0058-300x300.jpg 300w, https:\/\/fran-caballero.com\/wp-content\/uploads\/2018\/06\/IMG-20180504-WA0058-768x768.jpg 768w, https:\/\/fran-caballero.com\/wp-content\/uploads\/2018\/06\/IMG-20180504-WA0058-1024x1024.jpg 1024w, https:\/\/fran-caballero.com\/wp-content\/uploads\/2018\/06\/IMG-20180504-WA0058-380x380.jpg 380w, https:\/\/fran-caballero.com\/wp-content\/uploads\/2018\/06\/IMG-20180504-WA0058.jpg 1600w\" sizes=\"(max-width: 150px) 100vw, 150px\" \/><\/a>\n\t\t\t<\/div>\n\t\t\t\t<figcaption class='wp-caption-text gallery-caption' id='gallery-1-3407'>\n\t\t\t\tImprovisa como puedas\n\t\t\t\t<\/figcaption><\/figure><figure class='gallery-item'>\n\t\t\t<div class='gallery-icon landscape'>\n\t\t\t\t<a href='https:\/\/fran-caballero.com\/en\/imagenes-del-vi-festival-improsevilla\/p1050003\/'><img width=\"150\" height=\"150\" src=\"https:\/\/fran-caballero.com\/wp-content\/uploads\/2018\/06\/P1050003-150x150.jpg\" class=\"attachment-thumbnail size-thumbnail\" alt=\"\" decoding=\"async\" loading=\"lazy\" aria-describedby=\"gallery-1-3409\" srcset=\"https:\/\/fran-caballero.com\/wp-content\/uploads\/2018\/06\/P1050003-150x150.jpg 150w, https:\/\/fran-caballero.com\/wp-content\/uploads\/2018\/06\/P1050003-380x380.jpg 380w\" sizes=\"(max-width: 150px) 100vw, 150px\" \/><\/a>\n\t\t\t<\/div>\n\t\t\t\t<figcaption class='wp-caption-text gallery-caption' id='gallery-1-3409'>\n\t\t\t\tBarrio\n\t\t\t\t<\/figcaption><\/figure><figure class='gallery-item'>\n\t\t\t<div class='gallery-icon landscape'>\n\t\t\t\t<a href='https:\/\/fran-caballero.com\/en\/imagenes-del-vi-festival-improsevilla\/dsc_0160\/'><img width=\"150\" height=\"150\" src=\"https:\/\/fran-caballero.com\/wp-content\/uploads\/2018\/06\/DSC_0160-150x150.jpg\" class=\"attachment-thumbnail size-thumbnail\" alt=\"\" decoding=\"async\" loading=\"lazy\" aria-describedby=\"gallery-1-3406\" srcset=\"https:\/\/fran-caballero.com\/wp-content\/uploads\/2018\/06\/DSC_0160-150x150.jpg 150w, https:\/\/fran-caballero.com\/wp-content\/uploads\/2018\/06\/DSC_0160-380x380.jpg 380w\" sizes=\"(max-width: 150px) 100vw, 150px\" \/><\/a>\n\t\t\t<\/div>\n\t\t\t\t<figcaption class='wp-caption-text gallery-caption' id='gallery-1-3406'>\n\t\t\t\tFestival ImproSevilla\n\t\t\t\t<\/figcaption><\/figure><figure class='gallery-item'>\n\t\t\t<div class='gallery-icon landscape'>\n\t\t\t\t<a href='https:\/\/fran-caballero.com\/en\/imagenes-del-vi-festival-improsevilla\/dsc_0111\/'><img width=\"150\" height=\"150\" src=\"https:\/\/fran-caballero.com\/wp-content\/uploads\/2018\/06\/DSC_0111-150x150.jpg\" class=\"attachment-thumbnail size-thumbnail\" alt=\"\" decoding=\"async\" loading=\"lazy\" aria-describedby=\"gallery-1-3405\" srcset=\"https:\/\/fran-caballero.com\/wp-content\/uploads\/2018\/06\/DSC_0111-150x150.jpg 150w, https:\/\/fran-caballero.com\/wp-content\/uploads\/2018\/06\/DSC_0111-380x380.jpg 380w\" sizes=\"(max-width: 150px) 100vw, 150px\" \/><\/a>\n\t\t\t<\/div>\n\t\t\t\t<figcaption class='wp-caption-text gallery-caption' id='gallery-1-3405'>\n\t\t\t\tRuta por escenas de impro\n\t\t\t\t<\/figcaption><\/figure><figure class='gallery-item'>\n\t\t\t<div class='gallery-icon landscape'>\n\t\t\t\t<a href='https:\/\/fran-caballero.com\/en\/imagenes-del-vi-festival-improsevilla\/dsc_0018\/'><img width=\"150\" height=\"150\" src=\"https:\/\/fran-caballero.com\/wp-content\/uploads\/2018\/06\/DSC_0018-150x150.jpg\" class=\"attachment-thumbnail size-thumbnail\" alt=\"\" decoding=\"async\" loading=\"lazy\" aria-describedby=\"gallery-1-3402\" srcset=\"https:\/\/fran-caballero.com\/wp-content\/uploads\/2018\/06\/DSC_0018-150x150.jpg 150w, https:\/\/fran-caballero.com\/wp-content\/uploads\/2018\/06\/DSC_0018-380x380.jpg 380w\" sizes=\"(max-width: 150px) 100vw, 150px\" \/><\/a>\n\t\t\t<\/div>\n\t\t\t\t<figcaption class='wp-caption-text gallery-caption' id='gallery-1-3402'>\n\t\t\t\tAl Tran Tr\u00e1n\n\t\t\t\t<\/figcaption><\/figure>\n\t\t<\/div>\n\n","protected":false},"excerpt":{"rendered":"<p>Desde Improductivos, hemos organizado del 3 al 6 de Mayo de 2018, la sexta edici\u00f3n del Festival ImproSevilla. Un festival dedicado a la improvisaci\u00f3n teatral. Se ha realizado en diferentes&#8230;<\/p>\n","protected":false},"author":3,"featured_media":3404,"comment_status":"open","ping_status":"open","sticky":false,"template":"","format":"standard","meta":[],"categories":[7],"tags":[],"translation":{"provider":"WPGlobus","version":"2.10.10","language":"en","enabled_languages":["es","en","fr"],"languages":{"es":{"title":true,"content":true,"excerpt":false},"en":{"title":false,"content":false,"excerpt":false},"fr":{"title":false,"content":false,"excerpt":false}}},"yoast_head":"<!-- This site is optimized with the Yoast SEO plugin v20.5 - https:\/\/yoast.com\/wordpress\/plugins\/seo\/ -->\n<title>Im\u00e1genes del VI Festival ImproSevilla - Fran Caballero<\/title>\n<meta name=\"robots\" content=\"index, follow, max-snippet:-1, max-image-preview:large, max-video-preview:-1\" \/>\n<link rel=\"canonical\" href=\"https:\/\/fran-caballero.com\/fr\/imagenes-del-vi-festival-improsevilla\/\" \/>\n<meta property=\"og:locale\" content=\"en_US\" \/>\n<meta property=\"og:type\" content=\"article\" \/>\n<meta property=\"og:title\" content=\"Im\u00e1genes del VI Festival ImproSevilla - Fran Caballero\" \/>\n<meta property=\"og:url\" content=\"https:\/\/fran-caballero.com\/fr\/imagenes-del-vi-festival-improsevilla\/\" \/>\n<meta property=\"og:site_name\" content=\"Fran Caballero\" \/>\n<meta property=\"article:published_time\" content=\"2018-05-07T16:33:40+00:00\" \/>\n<meta property=\"article:modified_time\" content=\"2018-06-09T17:01:02+00:00\" \/>\n<meta property=\"og:image\" content=\"https:\/\/fran-caballero.com\/wp-content\/uploads\/2018\/06\/DSC_0072.png\" \/>\n\t<meta property=\"og:image:width\" content=\"750\" \/>\n\t<meta property=\"og:image:height\" content=\"500\" \/>\n\t<meta property=\"og:image:type\" content=\"image\/png\" \/>\n<meta name=\"author\" content=\"franca\" \/>\n<meta name=\"twitter:card\" content=\"summary_large_image\" \/>\n<meta name=\"twitter:creator\" content=\"@francaballer0\" \/>\n<meta name=\"twitter:site\" content=\"@francaballer0\" \/>\n<meta name=\"twitter:label1\" content=\"Written by\" \/>\n\t<meta name=\"twitter:data1\" content=\"franca\" \/>\n\t<meta name=\"twitter:label2\" content=\"Est. reading time\" \/>\n\t<meta name=\"twitter:data2\" content=\"1 minute\" \/>\n<script type=\"application\/ld+json\" class=\"yoast-schema-graph\">{\"@context\":\"https:\/\/schema.org\",\"@graph\":[{\"@type\":\"Article\",\"@id\":\"https:\/\/fran-caballero.com\/fr\/imagenes-del-vi-festival-improsevilla\/#article\",\"isPartOf\":{\"@id\":\"https:\/\/fran-caballero.com\/fr\/imagenes-del-vi-festival-improsevilla\/\"},\"author\":{\"name\":\"franca\",\"@id\":\"https:\/\/fran-caballero.com\/#\/schema\/person\/505b29550120200cc090033d887594a3\"},\"headline\":\"Im\u00e1genes del VI Festival ImproSevilla\",\"datePublished\":\"2018-05-07T16:33:40+00:00\",\"dateModified\":\"2018-06-09T17:01:02+00:00\",\"mainEntityOfPage\":{\"@id\":\"https:\/\/fran-caballero.com\/fr\/imagenes-del-vi-festival-improsevilla\/\"},\"wordCount\":292,\"commentCount\":0,\"publisher\":{\"@id\":\"https:\/\/fran-caballero.com\/#\/schema\/person\/4da0bfac732857d0f97091683c53c107\"},\"articleSection\":[\"Blog\"],\"inLanguage\":\"en-US\",\"potentialAction\":[{\"@type\":\"CommentAction\",\"name\":\"Comment\",\"target\":[\"https:\/\/fran-caballero.com\/fr\/imagenes-del-vi-festival-improsevilla\/#respond\"]}]},{\"@type\":\"WebPage\",\"@id\":\"https:\/\/fran-caballero.com\/fr\/imagenes-del-vi-festival-improsevilla\/\",\"url\":\"https:\/\/fran-caballero.com\/fr\/imagenes-del-vi-festival-improsevilla\/\",\"name\":\"Im\u00e1genes del VI Festival ImproSevilla - Fran Caballero\",\"isPartOf\":{\"@id\":\"https:\/\/fran-caballero.com\/#website\"},\"datePublished\":\"2018-05-07T16:33:40+00:00\",\"dateModified\":\"2018-06-09T17:01:02+00:00\",\"description\":\"Improductivos organiza el VI Festival ImproSevilla en su edici\u00f3n 2018 con la participaci\u00f3n de compa\u00f1\u00edas de todo el territorio nacional. La finalidad del...\",\"breadcrumb\":{\"@id\":\"https:\/\/fran-caballero.com\/fr\/imagenes-del-vi-festival-improsevilla\/#breadcrumb\"},\"inLanguage\":\"en-US\",\"potentialAction\":[{\"@type\":\"ReadAction\",\"target\":[\"https:\/\/fran-caballero.com\/fr\/imagenes-del-vi-festival-improsevilla\/\"]}]},{\"@type\":\"BreadcrumbList\",\"@id\":\"https:\/\/fran-caballero.com\/fr\/imagenes-del-vi-festival-improsevilla\/#breadcrumb\",\"itemListElement\":[{\"@type\":\"ListItem\",\"position\":1,\"name\":\"Portada\",\"item\":\"https:\/\/fran-caballero.com\/\"},{\"@type\":\"ListItem\",\"position\":2,\"name\":\"Im\u00e1genes del VI Festival ImproSevilla\"}]},{\"@type\":\"WebSite\",\"@id\":\"https:\/\/fran-caballero.com\/#website\",\"url\":\"https:\/\/fran-caballero.com\/\",\"name\":\"Fran Caballero\",\"description\":\"Actor - Author\",\"publisher\":{\"@id\":\"https:\/\/fran-caballero.com\/#\/schema\/person\/4da0bfac732857d0f97091683c53c107\"},\"potentialAction\":[{\"@type\":\"SearchAction\",\"target\":{\"@type\":\"EntryPoint\",\"urlTemplate\":\"https:\/\/fran-caballero.com\/?s={search_term_string}\"},\"query-input\":\"required name=search_term_string\"}],\"inLanguage\":\"en-US\"},{\"@type\":[\"Person\",\"Organization\"],\"@id\":\"https:\/\/fran-caballero.com\/#\/schema\/person\/4da0bfac732857d0f97091683c53c107\",\"name\":\"Fran Caballero\",\"image\":{\"@type\":\"ImageObject\",\"inLanguage\":\"en-US\",\"@id\":\"https:\/\/fran-caballero.com\/#\/schema\/person\/image\/\",\"url\":\"https:\/\/fran-caballero.com\/wp-content\/uploads\/2016\/11\/copy-logofran.jpg\",\"contentUrl\":\"https:\/\/fran-caballero.com\/wp-content\/uploads\/2016\/11\/copy-logofran.jpg\",\"width\":150,\"height\":57,\"caption\":\"Fran Caballero\"},\"logo\":{\"@id\":\"https:\/\/fran-caballero.com\/#\/schema\/person\/image\/\"}},{\"@type\":\"Person\",\"@id\":\"https:\/\/fran-caballero.com\/#\/schema\/person\/505b29550120200cc090033d887594a3\",\"name\":\"franca\",\"image\":{\"@type\":\"ImageObject\",\"inLanguage\":\"en-US\",\"@id\":\"https:\/\/fran-caballero.com\/#\/schema\/person\/image\/\",\"url\":\"https:\/\/secure.gravatar.com\/avatar\/0ceb1c044b557ee7735b14a4e69decbf?s=96&d=mm&r=g\",\"contentUrl\":\"https:\/\/secure.gravatar.com\/avatar\/0ceb1c044b557ee7735b14a4e69decbf?s=96&d=mm&r=g\",\"caption\":\"franca\"}}]}<\/script>\n<!-- \/ Yoast SEO plugin. -->","yoast_head_json":{"title":"Im\u00e1genes del VI Festival ImproSevilla - Fran Caballero","robots":{"index":"index","follow":"follow","max-snippet":"max-snippet:-1","max-image-preview":"max-image-preview:large","max-video-preview":"max-video-preview:-1"},"canonical":"https:\/\/fran-caballero.com\/fr\/imagenes-del-vi-festival-improsevilla\/","og_locale":"en_US","og_type":"article","og_title":"Im\u00e1genes del VI Festival ImproSevilla - Fran Caballero","og_url":"https:\/\/fran-caballero.com\/fr\/imagenes-del-vi-festival-improsevilla\/","og_site_name":"Fran Caballero","article_published_time":"2018-05-07T16:33:40+00:00","article_modified_time":"2018-06-09T17:01:02+00:00","og_image":[{"width":750,"height":500,"url":"https:\/\/fran-caballero.com\/wp-content\/uploads\/2018\/06\/DSC_0072.png","type":"image\/png"}],"author":"franca","twitter_card":"summary_large_image","twitter_creator":"@francaballer0","twitter_site":"@francaballer0","twitter_misc":{"Written by":"franca","Est. reading time":"1 minute"},"schema":{"@context":"https:\/\/schema.org","@graph":[{"@type":"Article","@id":"https:\/\/fran-caballero.com\/fr\/imagenes-del-vi-festival-improsevilla\/#article","isPartOf":{"@id":"https:\/\/fran-caballero.com\/fr\/imagenes-del-vi-festival-improsevilla\/"},"author":{"name":"franca","@id":"https:\/\/fran-caballero.com\/#\/schema\/person\/505b29550120200cc090033d887594a3"},"headline":"Im\u00e1genes del VI Festival ImproSevilla","datePublished":"2018-05-07T16:33:40+00:00","dateModified":"2018-06-09T17:01:02+00:00","mainEntityOfPage":{"@id":"https:\/\/fran-caballero.com\/fr\/imagenes-del-vi-festival-improsevilla\/"},"wordCount":292,"commentCount":0,"publisher":{"@id":"https:\/\/fran-caballero.com\/#\/schema\/person\/4da0bfac732857d0f97091683c53c107"},"articleSection":["Blog"],"inLanguage":"en-US","potentialAction":[{"@type":"CommentAction","name":"Comment","target":["https:\/\/fran-caballero.com\/fr\/imagenes-del-vi-festival-improsevilla\/#respond"]}]},{"@type":"WebPage","@id":"https:\/\/fran-caballero.com\/fr\/imagenes-del-vi-festival-improsevilla\/","url":"https:\/\/fran-caballero.com\/fr\/imagenes-del-vi-festival-improsevilla\/","name":"Im\u00e1genes del VI Festival ImproSevilla - Fran Caballero","isPartOf":{"@id":"https:\/\/fran-caballero.com\/#website"},"datePublished":"2018-05-07T16:33:40+00:00","dateModified":"2018-06-09T17:01:02+00:00","description":"Improductivos organiza el VI Festival ImproSevilla en su edici\u00f3n 2018 con la participaci\u00f3n de compa\u00f1\u00edas de todo el territorio nacional. La finalidad del...","breadcrumb":{"@id":"https:\/\/fran-caballero.com\/fr\/imagenes-del-vi-festival-improsevilla\/#breadcrumb"},"inLanguage":"en-US","potentialAction":[{"@type":"ReadAction","target":["https:\/\/fran-caballero.com\/fr\/imagenes-del-vi-festival-improsevilla\/"]}]},{"@type":"BreadcrumbList","@id":"https:\/\/fran-caballero.com\/fr\/imagenes-del-vi-festival-improsevilla\/#breadcrumb","itemListElement":[{"@type":"ListItem","position":1,"name":"Portada","item":"https:\/\/fran-caballero.com\/"},{"@type":"ListItem","position":2,"name":"Im\u00e1genes del VI Festival ImproSevilla"}]},{"@type":"WebSite","@id":"https:\/\/fran-caballero.com\/#website","url":"https:\/\/fran-caballero.com\/","name":"Fran Caballero","description":"Actor - Author","publisher":{"@id":"https:\/\/fran-caballero.com\/#\/schema\/person\/4da0bfac732857d0f97091683c53c107"},"potentialAction":[{"@type":"SearchAction","target":{"@type":"EntryPoint","urlTemplate":"https:\/\/fran-caballero.com\/?s={search_term_string}"},"query-input":"required name=search_term_string"}],"inLanguage":"en-US"},{"@type":["Person","Organization"],"@id":"https:\/\/fran-caballero.com\/#\/schema\/person\/4da0bfac732857d0f97091683c53c107","name":"Fran Caballero","image":{"@type":"ImageObject","inLanguage":"en-US","@id":"https:\/\/fran-caballero.com\/#\/schema\/person\/image\/","url":"https:\/\/fran-caballero.com\/wp-content\/uploads\/2016\/11\/copy-logofran.jpg","contentUrl":"https:\/\/fran-caballero.com\/wp-content\/uploads\/2016\/11\/copy-logofran.jpg","width":150,"height":57,"caption":"Fran Caballero"},"logo":{"@id":"https:\/\/fran-caballero.com\/#\/schema\/person\/image\/"}},{"@type":"Person","@id":"https:\/\/fran-caballero.com\/#\/schema\/person\/505b29550120200cc090033d887594a3","name":"franca","image":{"@type":"ImageObject","inLanguage":"en-US","@id":"https:\/\/fran-caballero.com\/#\/schema\/person\/image\/","url":"https:\/\/secure.gravatar.com\/avatar\/0ceb1c044b557ee7735b14a4e69decbf?s=96&d=mm&r=g","contentUrl":"https:\/\/secure.gravatar.com\/avatar\/0ceb1c044b557ee7735b14a4e69decbf?s=96&d=mm&r=g","caption":"franca"}}]}},"_links":{"self":[{"href":"https:\/\/fran-caballero.com\/en\/wp-json\/wp\/v2\/posts\/3400"}],"collection":[{"href":"https:\/\/fran-caballero.com\/en\/wp-json\/wp\/v2\/posts"}],"about":[{"href":"https:\/\/fran-caballero.com\/en\/wp-json\/wp\/v2\/types\/post"}],"author":[{"embeddable":true,"href":"https:\/\/fran-caballero.com\/en\/wp-json\/wp\/v2\/users\/3"}],"replies":[{"embeddable":true,"href":"https:\/\/fran-caballero.com\/en\/wp-json\/wp\/v2\/comments?post=3400"}],"version-history":[{"count":4,"href":"https:\/\/fran-caballero.com\/en\/wp-json\/wp\/v2\/posts\/3400\/revisions"}],"predecessor-version":[{"id":3411,"href":"https:\/\/fran-caballero.com\/en\/wp-json\/wp\/v2\/posts\/3400\/revisions\/3411"}],"wp:featuredmedia":[{"embeddable":true,"href":"https:\/\/fran-caballero.com\/en\/wp-json\/wp\/v2\/media\/3404"}],"wp:attachment":[{"href":"https:\/\/fran-caballero.com\/en\/wp-json\/wp\/v2\/media?parent=3400"}],"wp:term":[{"taxonomy":"category","embeddable":true,"href":"https:\/\/fran-caballero.com\/en\/wp-json\/wp\/v2\/categories?post=3400"},{"taxonomy":"post_tag","embeddable":true,"href":"https:\/\/fran-caballero.com\/en\/wp-json\/wp\/v2\/tags?post=3400"}],"curies":[{"name":"wp","href":"https:\/\/api.w.org\/{rel}","templated":true}]}}