{"id":340,"date":"2016-02-18T20:28:00","date_gmt":"2016-02-18T20:28:00","guid":{"rendered":"http:\/\/fran-caballero.com\/3x3-impro\/"},"modified":"2016-12-05T00:28:54","modified_gmt":"2016-12-05T00:28:54","slug":"3x3-impro","status":"publish","type":"post","link":"https:\/\/fran-caballero.com\/en\/3x3-impro\/","title":{"rendered":"3&#215;3 Impro!"},"content":{"rendered":"<div class=\"separator\" style=\"clear: both; text-align: center;\"><a style=\"margin-left: 1em; margin-right: 1em;\" href=\"https:\/\/4.bp.blogspot.com\/-uAjzWulxqRs\/VrpVh5dnHjI\/AAAAAAAABuM\/PKFulAIsAYo\/s1600\/IMG-20160209-WA0020.jpg\"><img decoding=\"async\" loading=\"lazy\" src=\"http:\/\/fran-caballero.com\/wp-content\/uploads\/2016\/02\/IMG-20160209-WA0020.jpg\" width=\"452\" height=\"640\" border=\"0\" \/><\/a><\/div>\n<div class=\"separator\" style=\"clear: both; text-align: center;\"><\/div>\n<p>En esta segunda edici\u00f3n del Festival 3\u00d73 Impro! se dar\u00e1n cita en Granada cuatro compa\u00f1\u00edas dedicadas al teatro de improvisaci\u00f3n venidas de todo el territorio nacional:<\/p>\n<div><b>La Tetera IMPRO!<\/b><br \/>\nGRANADADesde 2007 se dedica a la creaci\u00f3n, investigaci\u00f3n y difusi\u00f3n de formatos de teatro improvisado, habiendo participado en diversos festivales nacionales e internacionales. <a href=\"http:\/\/www.latetera.es\/\">+info<\/a><\/p>\n<p><b>Jamming<\/b><br \/>\nMADRID<br \/>\nEn cartel en Madrid desde 2004 y de gira por m\u00e1s de 20 ciudades han superado el mill\u00f3n de espectadores. Tambi\u00e9n hacen impro en \u201cAnda ya!\u201d de los 40 Principales. <a href=\"http:\/\/www.jammingweb.com\/\">+info<\/a><\/p>\n<p><b>The Momento Impro<\/b><br \/>\nSANTIAGO DE COMPOSTELA<br \/>\nDesde 2010 difundiendo la Impro por la geograf\u00eda gallega y en festivales en Espa\u00f1a y Sudam\u00e9rica. Seis espect\u00e1culos diferentes en cartera e investigando nuevos formatos.<\/p>\n<p><b>Improductivos<\/b><br \/>\nSEVILLA<br \/>\nNace en 2011 y desde entonces no ha parado de llenar salas de Sevilla y otras ciudades con su rapidez, su humor distintivo y su contacto directo con el p\u00fablico. <a href=\"http:\/\/loquehayquehacerpa.wix.com\/improductivos\">+info<\/a><br \/>\n<b><br \/>\n<\/b><\/p>\n<\/div>\n<div>\n<div style=\"text-align: center;\"><b>S\u00e1bado, 20 de Febrero. 21 horas.\u00a0<\/b><\/div>\n<div style=\"text-align: center;\"><b>Match Norte vs Sur<\/b><\/div>\n<div style=\"text-align: center;\"><b><a href=\"http:\/\/3x3impro.com\/#el-teatro\">Teatro Jos\u00e9 Tamayo<\/a><\/b><\/div>\n<p>Dos equipos de actores de distintas provincias espa\u00f1olas se enfrentar\u00e1n en esta competici\u00f3n deportiva de piezas teatrales improvisadas para ganarse el aplauso del p\u00fablico.<\/p>\n<p>Espect\u00e1culo incluido en el abono de 12\u20ac<br \/>\nEntrada en la taquilla del teatro 8\u20ac<\/p>\n<\/div>\n<div><\/div>\n<div>\n<div style=\"text-align: center;\"><b>Domingo, 21 de Febrero. 21 horas<\/b><\/div>\n<div style=\"text-align: center;\"><b>Misster Impro<\/b><\/div>\n<div style=\"text-align: center;\"><b><a href=\"http:\/\/3x3impro.com\/#el-teatro\">Teatro Jos\u00e9 Tamayo<\/a><\/b><\/div>\n<p>Improvisadores de toda Espa\u00f1a en una delirante lucha a muerte de complejos desaf\u00edos teatrales para escoger al mejor. T\u00fa decides con tu voto: s\u00f3lo puede quedar uno.<\/p>\n<p>Espect\u00e1culo incluido en el abono de 12\u20ac<br \/>\nEntrada en la taquilla del teatro 8\u20ac<\/p>\n<\/div>\n","protected":false},"excerpt":{"rendered":"<p>En esta segunda edici\u00f3n del Festival 3\u00d73 Impro! se dar\u00e1n cita en Granada cuatro compa\u00f1\u00edas dedicadas al teatro de improvisaci\u00f3n venidas de todo el territorio nacional: La Tetera IMPRO! GRANADADesde&#8230;<\/p>\n","protected":false},"author":3,"featured_media":0,"comment_status":"open","ping_status":"open","sticky":false,"template":"","format":"standard","meta":[],"categories":[7],"tags":[71],"translation":{"provider":"WPGlobus","version":"2.10.10","language":"en","enabled_languages":["es","en","fr"],"languages":{"es":{"title":true,"content":true,"excerpt":false},"en":{"title":false,"content":false,"excerpt":false},"fr":{"title":false,"content":false,"excerpt":false}}},"yoast_head":"<!-- This site is optimized with the Yoast SEO plugin v20.5 - https:\/\/yoast.com\/wordpress\/plugins\/seo\/ -->\n<title>3x3 Impro! - Fran Caballero<\/title>\n<meta name=\"robots\" content=\"index, follow, max-snippet:-1, max-image-preview:large, max-video-preview:-1\" \/>\n<link rel=\"canonical\" href=\"https:\/\/fran-caballero.com\/3x3-impro\/\" \/>\n<meta property=\"og:locale\" content=\"en_US\" \/>\n<meta property=\"og:type\" content=\"article\" \/>\n<meta property=\"og:title\" content=\"3x3 Impro! - Fran Caballero\" \/>\n<meta property=\"og:url\" content=\"https:\/\/fran-caballero.com\/3x3-impro\/\" \/>\n<meta property=\"og:site_name\" content=\"Fran Caballero\" \/>\n<meta property=\"article:published_time\" content=\"2016-02-18T20:28:00+00:00\" \/>\n<meta property=\"article:modified_time\" content=\"2016-12-05T00:28:54+00:00\" \/>\n<meta property=\"og:image\" content=\"http:\/\/fran-caballero.com\/wp-content\/uploads\/2016\/02\/IMG-20160209-WA0020.jpg\" \/>\n<meta name=\"author\" content=\"franca\" \/>\n<meta name=\"twitter:card\" content=\"summary_large_image\" \/>\n<meta name=\"twitter:creator\" content=\"@francaballer0\" \/>\n<meta name=\"twitter:site\" content=\"@francaballer0\" \/>\n<meta name=\"twitter:label1\" content=\"Written by\" \/>\n\t<meta name=\"twitter:data1\" content=\"franca\" \/>\n\t<meta name=\"twitter:label2\" content=\"Est. reading time\" \/>\n\t<meta name=\"twitter:data2\" content=\"1 minute\" \/>\n<script type=\"application\/ld+json\" class=\"yoast-schema-graph\">{\"@context\":\"https:\/\/schema.org\",\"@graph\":[{\"@type\":\"Article\",\"@id\":\"https:\/\/fran-caballero.com\/3x3-impro\/#article\",\"isPartOf\":{\"@id\":\"https:\/\/fran-caballero.com\/3x3-impro\/\"},\"author\":{\"name\":\"franca\",\"@id\":\"https:\/\/fran-caballero.com\/#\/schema\/person\/505b29550120200cc090033d887594a3\"},\"headline\":\"3&#215;3 Impro!\",\"datePublished\":\"2016-02-18T20:28:00+00:00\",\"dateModified\":\"2016-12-05T00:28:54+00:00\",\"mainEntityOfPage\":{\"@id\":\"https:\/\/fran-caballero.com\/3x3-impro\/\"},\"wordCount\":265,\"commentCount\":0,\"publisher\":{\"@id\":\"https:\/\/fran-caballero.com\/#\/schema\/person\/4da0bfac732857d0f97091683c53c107\"},\"keywords\":[\"Impro Granada Jamming Improductivos Tetera the momento impro\"],\"articleSection\":[\"Blog\"],\"inLanguage\":\"en-US\",\"potentialAction\":[{\"@type\":\"CommentAction\",\"name\":\"Comment\",\"target\":[\"https:\/\/fran-caballero.com\/3x3-impro\/#respond\"]}]},{\"@type\":\"WebPage\",\"@id\":\"https:\/\/fran-caballero.com\/3x3-impro\/\",\"url\":\"https:\/\/fran-caballero.com\/3x3-impro\/\",\"name\":\"3x3 Impro! - Fran Caballero\",\"isPartOf\":{\"@id\":\"https:\/\/fran-caballero.com\/#website\"},\"datePublished\":\"2016-02-18T20:28:00+00:00\",\"dateModified\":\"2016-12-05T00:28:54+00:00\",\"description\":\"Web de Fran Caballero - Actor y Creador\",\"breadcrumb\":{\"@id\":\"https:\/\/fran-caballero.com\/3x3-impro\/#breadcrumb\"},\"inLanguage\":\"en-US\",\"potentialAction\":[{\"@type\":\"ReadAction\",\"target\":[\"https:\/\/fran-caballero.com\/3x3-impro\/\"]}]},{\"@type\":\"BreadcrumbList\",\"@id\":\"https:\/\/fran-caballero.com\/3x3-impro\/#breadcrumb\",\"itemListElement\":[{\"@type\":\"ListItem\",\"position\":1,\"name\":\"Portada\",\"item\":\"https:\/\/fran-caballero.com\/\"},{\"@type\":\"ListItem\",\"position\":2,\"name\":\"3&#215;3 Impro!\"}]},{\"@type\":\"WebSite\",\"@id\":\"https:\/\/fran-caballero.com\/#website\",\"url\":\"https:\/\/fran-caballero.com\/\",\"name\":\"Fran Caballero\",\"description\":\"Actor - Author\",\"publisher\":{\"@id\":\"https:\/\/fran-caballero.com\/#\/schema\/person\/4da0bfac732857d0f97091683c53c107\"},\"potentialAction\":[{\"@type\":\"SearchAction\",\"target\":{\"@type\":\"EntryPoint\",\"urlTemplate\":\"https:\/\/fran-caballero.com\/?s={search_term_string}\"},\"query-input\":\"required name=search_term_string\"}],\"inLanguage\":\"en-US\"},{\"@type\":[\"Person\",\"Organization\"],\"@id\":\"https:\/\/fran-caballero.com\/#\/schema\/person\/4da0bfac732857d0f97091683c53c107\",\"name\":\"Fran Caballero\",\"image\":{\"@type\":\"ImageObject\",\"inLanguage\":\"en-US\",\"@id\":\"https:\/\/fran-caballero.com\/#\/schema\/person\/image\/\",\"url\":\"https:\/\/fran-caballero.com\/wp-content\/uploads\/2016\/11\/copy-logofran.jpg\",\"contentUrl\":\"https:\/\/fran-caballero.com\/wp-content\/uploads\/2016\/11\/copy-logofran.jpg\",\"width\":150,\"height\":57,\"caption\":\"Fran Caballero\"},\"logo\":{\"@id\":\"https:\/\/fran-caballero.com\/#\/schema\/person\/image\/\"}},{\"@type\":\"Person\",\"@id\":\"https:\/\/fran-caballero.com\/#\/schema\/person\/505b29550120200cc090033d887594a3\",\"name\":\"franca\",\"image\":{\"@type\":\"ImageObject\",\"inLanguage\":\"en-US\",\"@id\":\"https:\/\/fran-caballero.com\/#\/schema\/person\/image\/\",\"url\":\"https:\/\/secure.gravatar.com\/avatar\/0ceb1c044b557ee7735b14a4e69decbf?s=96&d=mm&r=g\",\"contentUrl\":\"https:\/\/secure.gravatar.com\/avatar\/0ceb1c044b557ee7735b14a4e69decbf?s=96&d=mm&r=g\",\"caption\":\"franca\"}}]}<\/script>\n<!-- \/ Yoast SEO plugin. -->","yoast_head_json":{"title":"3x3 Impro! - Fran Caballero","robots":{"index":"index","follow":"follow","max-snippet":"max-snippet:-1","max-image-preview":"max-image-preview:large","max-video-preview":"max-video-preview:-1"},"canonical":"https:\/\/fran-caballero.com\/3x3-impro\/","og_locale":"en_US","og_type":"article","og_title":"3x3 Impro! - Fran Caballero","og_url":"https:\/\/fran-caballero.com\/3x3-impro\/","og_site_name":"Fran Caballero","article_published_time":"2016-02-18T20:28:00+00:00","article_modified_time":"2016-12-05T00:28:54+00:00","og_image":[{"url":"http:\/\/fran-caballero.com\/wp-content\/uploads\/2016\/02\/IMG-20160209-WA0020.jpg"}],"author":"franca","twitter_card":"summary_large_image","twitter_creator":"@francaballer0","twitter_site":"@francaballer0","twitter_misc":{"Written by":"franca","Est. reading time":"1 minute"},"schema":{"@context":"https:\/\/schema.org","@graph":[{"@type":"Article","@id":"https:\/\/fran-caballero.com\/3x3-impro\/#article","isPartOf":{"@id":"https:\/\/fran-caballero.com\/3x3-impro\/"},"author":{"name":"franca","@id":"https:\/\/fran-caballero.com\/#\/schema\/person\/505b29550120200cc090033d887594a3"},"headline":"3&#215;3 Impro!","datePublished":"2016-02-18T20:28:00+00:00","dateModified":"2016-12-05T00:28:54+00:00","mainEntityOfPage":{"@id":"https:\/\/fran-caballero.com\/3x3-impro\/"},"wordCount":265,"commentCount":0,"publisher":{"@id":"https:\/\/fran-caballero.com\/#\/schema\/person\/4da0bfac732857d0f97091683c53c107"},"keywords":["Impro Granada Jamming Improductivos Tetera the momento impro"],"articleSection":["Blog"],"inLanguage":"en-US","potentialAction":[{"@type":"CommentAction","name":"Comment","target":["https:\/\/fran-caballero.com\/3x3-impro\/#respond"]}]},{"@type":"WebPage","@id":"https:\/\/fran-caballero.com\/3x3-impro\/","url":"https:\/\/fran-caballero.com\/3x3-impro\/","name":"3x3 Impro! - Fran Caballero","isPartOf":{"@id":"https:\/\/fran-caballero.com\/#website"},"datePublished":"2016-02-18T20:28:00+00:00","dateModified":"2016-12-05T00:28:54+00:00","description":"Web de Fran Caballero - Actor y Creador","breadcrumb":{"@id":"https:\/\/fran-caballero.com\/3x3-impro\/#breadcrumb"},"inLanguage":"en-US","potentialAction":[{"@type":"ReadAction","target":["https:\/\/fran-caballero.com\/3x3-impro\/"]}]},{"@type":"BreadcrumbList","@id":"https:\/\/fran-caballero.com\/3x3-impro\/#breadcrumb","itemListElement":[{"@type":"ListItem","position":1,"name":"Portada","item":"https:\/\/fran-caballero.com\/"},{"@type":"ListItem","position":2,"name":"3&#215;3 Impro!"}]},{"@type":"WebSite","@id":"https:\/\/fran-caballero.com\/#website","url":"https:\/\/fran-caballero.com\/","name":"Fran Caballero","description":"Actor - Author","publisher":{"@id":"https:\/\/fran-caballero.com\/#\/schema\/person\/4da0bfac732857d0f97091683c53c107"},"potentialAction":[{"@type":"SearchAction","target":{"@type":"EntryPoint","urlTemplate":"https:\/\/fran-caballero.com\/?s={search_term_string}"},"query-input":"required name=search_term_string"}],"inLanguage":"en-US"},{"@type":["Person","Organization"],"@id":"https:\/\/fran-caballero.com\/#\/schema\/person\/4da0bfac732857d0f97091683c53c107","name":"Fran Caballero","image":{"@type":"ImageObject","inLanguage":"en-US","@id":"https:\/\/fran-caballero.com\/#\/schema\/person\/image\/","url":"https:\/\/fran-caballero.com\/wp-content\/uploads\/2016\/11\/copy-logofran.jpg","contentUrl":"https:\/\/fran-caballero.com\/wp-content\/uploads\/2016\/11\/copy-logofran.jpg","width":150,"height":57,"caption":"Fran Caballero"},"logo":{"@id":"https:\/\/fran-caballero.com\/#\/schema\/person\/image\/"}},{"@type":"Person","@id":"https:\/\/fran-caballero.com\/#\/schema\/person\/505b29550120200cc090033d887594a3","name":"franca","image":{"@type":"ImageObject","inLanguage":"en-US","@id":"https:\/\/fran-caballero.com\/#\/schema\/person\/image\/","url":"https:\/\/secure.gravatar.com\/avatar\/0ceb1c044b557ee7735b14a4e69decbf?s=96&d=mm&r=g","contentUrl":"https:\/\/secure.gravatar.com\/avatar\/0ceb1c044b557ee7735b14a4e69decbf?s=96&d=mm&r=g","caption":"franca"}}]}},"_links":{"self":[{"href":"https:\/\/fran-caballero.com\/en\/wp-json\/wp\/v2\/posts\/340"}],"collection":[{"href":"https:\/\/fran-caballero.com\/en\/wp-json\/wp\/v2\/posts"}],"about":[{"href":"https:\/\/fran-caballero.com\/en\/wp-json\/wp\/v2\/types\/post"}],"author":[{"embeddable":true,"href":"https:\/\/fran-caballero.com\/en\/wp-json\/wp\/v2\/users\/3"}],"replies":[{"embeddable":true,"href":"https:\/\/fran-caballero.com\/en\/wp-json\/wp\/v2\/comments?post=340"}],"version-history":[{"count":3,"href":"https:\/\/fran-caballero.com\/en\/wp-json\/wp\/v2\/posts\/340\/revisions"}],"predecessor-version":[{"id":1896,"href":"https:\/\/fran-caballero.com\/en\/wp-json\/wp\/v2\/posts\/340\/revisions\/1896"}],"wp:attachment":[{"href":"https:\/\/fran-caballero.com\/en\/wp-json\/wp\/v2\/media?parent=340"}],"wp:term":[{"taxonomy":"category","embeddable":true,"href":"https:\/\/fran-caballero.com\/en\/wp-json\/wp\/v2\/categories?post=340"},{"taxonomy":"post_tag","embeddable":true,"href":"https:\/\/fran-caballero.com\/en\/wp-json\/wp\/v2\/tags?post=340"}],"curies":[{"name":"wp","href":"https:\/\/api.w.org\/{rel}","templated":true}]}}