{"id":3223,"date":"2017-12-05T11:57:26","date_gmt":"2017-12-05T11:57:26","guid":{"rendered":"https:\/\/fran-caballero.com\/?p=3223"},"modified":"2018-06-09T17:40:20","modified_gmt":"2018-06-09T17:40:20","slug":"la-fille-du-regiment","status":"publish","type":"post","link":"https:\/\/fran-caballero.com\/en\/la-fille-du-regiment\/","title":{"rendered":"La Fille du R\u00e9giment"},"content":{"rendered":"<p>Un verdadero placer, ser parte de este montaje. Adem\u00e1s de otra gran expresi\u00f3n del esplendor \u201cbelcantista\u201d de la opera italiana, \u201cLa fille du r\u00e9giment\u201d es tambi\u00e9n una divertida comedia con la que Gaetano Donizetti obtuvo un enorme \u00e9xito en el Par\u00eds de 1840. \u00d3pera de muy exigentes virtuosismos vocales, al Teatro de la Maestranza, donde podr\u00e1 verse por primera vez, llega en una celebrada producci\u00f3n de Laurent Pelly para el Gran Teatre del Liceu que actualiza su argumento -que exalta los valores de la vida militar hasta el punto de que el p\u00fablico franc\u00e9s la abraz\u00f3 con una suerte de \u201c\u00f3pera nacional\u201d que se sol\u00eda representar el 14 de julio, aniversario de la Toma de la Bastilla- con ir\u00f3nicas dosis de cr\u00edtica social.<\/p>\n<p>Llegado a Par\u00eds en 1838 saboreando el apogeo de una carrera que ya hab\u00eda brillado con, \u00a0entre otras, \u201cLucia di Lammermoor\u201d o \u201cEl elixir de amor\u201d, Donizetti adapta r\u00e1pidamente su estilo belcantista consagrado al lucimiento de los divos que reclamaba el p\u00fablico de la \u00e9poca \u2013es decir: a \u201cla realizaci\u00f3n terrenal de ese don de Dios que es la canci\u00f3n\u201d, seg\u00fan explica Paul Henry Lang- encaj\u00e1ndolo con eficacia y brillantez al g\u00e9nero c\u00f3mico del gusto franc\u00e9s. As\u00ed \u201cLa fille\u2026\u201d es un t\u00edtulo lleno de encanto, inspiraci\u00f3n y alegr\u00eda que, aunque con dificultades iniciales \u00a0-entre otras, el rechazo de un cr\u00edtico llamado Hector Berlioz quiz\u00e1 irritado por la avalancha de un hiperactivo Donizetti que, en Par\u00eds, estren\u00f3 3 t\u00edtulos en una sola temporada- se impuso como una deliciosa obra maestra entre el p\u00fablico franc\u00e9s.<\/p>\n<p><iframe loading=\"lazy\" width=\"640\" height=\"360\" src=\"https:\/\/www.youtube.com\/embed\/56HAECvDXZ0?feature=oembed\" frameborder=\"0\" allow=\"autoplay; encrypted-media\" allowfullscreen><\/iframe><\/p>\n<p><strong>LA FILLE DU R\u00c9GIMENT\u00a0<\/strong>de Gaetano Donizetti (1797-1848)<br \/>\n26 y 29 de noviembre, 2 y 5 de diciembre, 2017. 20.30 horas. Teatro de la Maestranza<\/p>\n<h6>FICHA T\u00c9CNICA<\/h6>\n<div class=\"linea\"><span class=\"campo1 txt_01\">Direcci\u00f3n musical<\/span>\u00a0<span class=\"campo2 txt_01\">SANTIAGO SERRATE<\/span><\/div>\n<div class=\"linea\"><span class=\"campo1 txt_01\">Direcci\u00f3n de escena y vestuario<\/span>\u00a0<span class=\"campo2 txt_01\">LAURENT PELLY<\/span><\/div>\n<div class=\"linea\"><span class=\"campo1 txt_01\">Escenograf\u00eda<\/span>\u00a0<span class=\"campo2 txt_01\">CHANTAL THOMAS<\/span><\/div>\n<div class=\"linea\"><span class=\"campo1 txt_01\">Iluminaci\u00f3n<\/span>\u00a0<span class=\"campo2 txt_01\">JO\u00cbL ADAM<\/span><\/div>\n<div class=\"linea\"><span class=\"campo1 txt_01\">Dramaturga y nuevos di\u00e1logos<\/span>\u00a0<span class=\"campo2 txt_01\">AGATHE M\u00c9LINAND<\/span><\/div>\n<div class=\"linea\"><span class=\"campo1 txt_01\">Producci\u00f3n<\/span>\u00a0<span class=\"campo2 txt_01\">Gran Teatre del Liceu<\/span><\/div>\n<div class=\"linea\"><span class=\"campo1 txt_01\">Reproducida de la coproducci\u00f3n original del<\/span>\u00a0<span class=\"campo2 txt_01\">Metropolitan de Nueva York, Covent Garden de Londres y Staatsoper de Viena<\/span><\/div>\n<div class=\"linea\"><\/div>\n<div>\n<div id='gallery-1' class='gallery galleryid-3223 gallery-columns-3 gallery-size-thumbnail'><figure class='gallery-item'>\n\t\t\t<div class='gallery-icon landscape'>\n\t\t\t\t<a href='https:\/\/fran-caballero.com\/en\/la-fille-du-regiment\/attachment\/01\/'><img width=\"150\" height=\"150\" src=\"https:\/\/fran-caballero.com\/wp-content\/uploads\/2017\/12\/01-150x150.jpg\" class=\"attachment-thumbnail size-thumbnail\" alt=\"\" decoding=\"async\" loading=\"lazy\" srcset=\"https:\/\/fran-caballero.com\/wp-content\/uploads\/2017\/12\/01-150x150.jpg 150w, https:\/\/fran-caballero.com\/wp-content\/uploads\/2017\/12\/01-380x380.jpg 380w\" sizes=\"(max-width: 150px) 100vw, 150px\" \/><\/a>\n\t\t\t<\/div><\/figure><figure class='gallery-item'>\n\t\t\t<div class='gallery-icon landscape'>\n\t\t\t\t<a href='https:\/\/fran-caballero.com\/en\/la-fille-du-regiment\/attachment\/02\/'><img width=\"150\" height=\"150\" src=\"https:\/\/fran-caballero.com\/wp-content\/uploads\/2017\/12\/02-150x150.jpg\" class=\"attachment-thumbnail size-thumbnail\" alt=\"\" decoding=\"async\" loading=\"lazy\" srcset=\"https:\/\/fran-caballero.com\/wp-content\/uploads\/2017\/12\/02-150x150.jpg 150w, https:\/\/fran-caballero.com\/wp-content\/uploads\/2017\/12\/02-380x380.jpg 380w\" sizes=\"(max-width: 150px) 100vw, 150px\" \/><\/a>\n\t\t\t<\/div><\/figure><figure class='gallery-item'>\n\t\t\t<div class='gallery-icon landscape'>\n\t\t\t\t<a href='https:\/\/fran-caballero.com\/en\/la-fille-du-regiment\/attachment\/03\/'><img width=\"150\" height=\"150\" src=\"https:\/\/fran-caballero.com\/wp-content\/uploads\/2017\/12\/03-150x150.jpg\" class=\"attachment-thumbnail size-thumbnail\" alt=\"\" decoding=\"async\" loading=\"lazy\" srcset=\"https:\/\/fran-caballero.com\/wp-content\/uploads\/2017\/12\/03-150x150.jpg 150w, https:\/\/fran-caballero.com\/wp-content\/uploads\/2017\/12\/03-380x380.jpg 380w\" sizes=\"(max-width: 150px) 100vw, 150px\" \/><\/a>\n\t\t\t<\/div><\/figure><figure class='gallery-item'>\n\t\t\t<div class='gallery-icon landscape'>\n\t\t\t\t<a href='https:\/\/fran-caballero.com\/en\/la-fille-du-regiment\/1511524888_783896_1511525259_album_normal\/'><img width=\"150\" height=\"150\" src=\"https:\/\/fran-caballero.com\/wp-content\/uploads\/2017\/12\/1511524888_783896_1511525259_album_normal-150x150.jpg\" class=\"attachment-thumbnail size-thumbnail\" alt=\"\" decoding=\"async\" loading=\"lazy\" srcset=\"https:\/\/fran-caballero.com\/wp-content\/uploads\/2017\/12\/1511524888_783896_1511525259_album_normal-150x150.jpg 150w, https:\/\/fran-caballero.com\/wp-content\/uploads\/2017\/12\/1511524888_783896_1511525259_album_normal-380x380.jpg 380w\" sizes=\"(max-width: 150px) 100vw, 150px\" \/><\/a>\n\t\t\t<\/div><\/figure><figure class='gallery-item'>\n\t\t\t<div class='gallery-icon landscape'>\n\t\t\t\t<a href='https:\/\/fran-caballero.com\/en\/la-fille-du-regiment\/ensayo-general-opera-hija-regimiento_1193591225_75132007_1011x569\/'><img width=\"150\" height=\"150\" src=\"https:\/\/fran-caballero.com\/wp-content\/uploads\/2017\/12\/ensayo-general-opera-hija-regimiento_1193591225_75132007_1011x569-150x150.jpg\" class=\"attachment-thumbnail size-thumbnail\" alt=\"\" decoding=\"async\" loading=\"lazy\" srcset=\"https:\/\/fran-caballero.com\/wp-content\/uploads\/2017\/12\/ensayo-general-opera-hija-regimiento_1193591225_75132007_1011x569-150x150.jpg 150w, https:\/\/fran-caballero.com\/wp-content\/uploads\/2017\/12\/ensayo-general-opera-hija-regimiento_1193591225_75132007_1011x569-380x380.jpg 380w\" sizes=\"(max-width: 150px) 100vw, 150px\" \/><\/a>\n\t\t\t<\/div><\/figure><figure class='gallery-item'>\n\t\t\t<div class='gallery-icon landscape'>\n\t\t\t\t<a href='https:\/\/fran-caballero.com\/en\/la-fille-du-regiment\/ensayo-general-opera-hija-regimiento_1193591241_75132743_1011x569\/'><img width=\"150\" height=\"150\" src=\"https:\/\/fran-caballero.com\/wp-content\/uploads\/2017\/12\/ensayo-general-opera-hija-regimiento_1193591241_75132743_1011x569-150x150.jpg\" class=\"attachment-thumbnail size-thumbnail\" alt=\"\" decoding=\"async\" loading=\"lazy\" srcset=\"https:\/\/fran-caballero.com\/wp-content\/uploads\/2017\/12\/ensayo-general-opera-hija-regimiento_1193591241_75132743_1011x569-150x150.jpg 150w, https:\/\/fran-caballero.com\/wp-content\/uploads\/2017\/12\/ensayo-general-opera-hija-regimiento_1193591241_75132743_1011x569-380x380.jpg 380w\" sizes=\"(max-width: 150px) 100vw, 150px\" \/><\/a>\n\t\t\t<\/div><\/figure><figure class='gallery-item'>\n\t\t\t<div class='gallery-icon landscape'>\n\t\t\t\t<a href='https:\/\/fran-caballero.com\/en\/la-fille-du-regiment\/ensayo-general-opera-hija-regimiento_1193591246_75132973_1011x569\/'><img width=\"150\" height=\"150\" src=\"https:\/\/fran-caballero.com\/wp-content\/uploads\/2017\/12\/ensayo-general-opera-hija-regimiento_1193591246_75132973_1011x569-150x150.jpg\" class=\"attachment-thumbnail size-thumbnail\" alt=\"\" decoding=\"async\" loading=\"lazy\" srcset=\"https:\/\/fran-caballero.com\/wp-content\/uploads\/2017\/12\/ensayo-general-opera-hija-regimiento_1193591246_75132973_1011x569-150x150.jpg 150w, https:\/\/fran-caballero.com\/wp-content\/uploads\/2017\/12\/ensayo-general-opera-hija-regimiento_1193591246_75132973_1011x569-380x380.jpg 380w\" sizes=\"(max-width: 150px) 100vw, 150px\" \/><\/a>\n\t\t\t<\/div><\/figure><figure class='gallery-item'>\n\t\t\t<div class='gallery-icon landscape'>\n\t\t\t\t<a href='https:\/\/fran-caballero.com\/en\/la-fille-du-regiment\/ensayo-general-opera-hija-regimiento_1193591249_75133111_1011x569\/'><img width=\"150\" height=\"150\" src=\"https:\/\/fran-caballero.com\/wp-content\/uploads\/2017\/12\/ensayo-general-opera-hija-regimiento_1193591249_75133111_1011x569-150x150.jpg\" class=\"attachment-thumbnail size-thumbnail\" alt=\"\" decoding=\"async\" loading=\"lazy\" srcset=\"https:\/\/fran-caballero.com\/wp-content\/uploads\/2017\/12\/ensayo-general-opera-hija-regimiento_1193591249_75133111_1011x569-150x150.jpg 150w, https:\/\/fran-caballero.com\/wp-content\/uploads\/2017\/12\/ensayo-general-opera-hija-regimiento_1193591249_75133111_1011x569-380x380.jpg 380w\" sizes=\"(max-width: 150px) 100vw, 150px\" \/><\/a>\n\t\t\t<\/div><\/figure><figure class='gallery-item'>\n\t\t\t<div class='gallery-icon landscape'>\n\t\t\t\t<a href='https:\/\/fran-caballero.com\/en\/la-fille-du-regiment\/sin-titulo1\/'><img width=\"150\" height=\"150\" src=\"https:\/\/fran-caballero.com\/wp-content\/uploads\/2017\/12\/Sin-t\u00edtulo1-150x150.jpg\" class=\"attachment-thumbnail size-thumbnail\" alt=\"\" decoding=\"async\" loading=\"lazy\" srcset=\"https:\/\/fran-caballero.com\/wp-content\/uploads\/2017\/12\/Sin-t\u00edtulo1-150x150.jpg 150w, https:\/\/fran-caballero.com\/wp-content\/uploads\/2017\/12\/Sin-t\u00edtulo1-380x380.jpg 380w\" sizes=\"(max-width: 150px) 100vw, 150px\" \/><\/a>\n\t\t\t<\/div><\/figure>\n\t\t<\/div>\n\n<p>Fotograf\u00eda: <a href=\"https:\/\/elpais.com\/cultura\/2017\/11\/21\/actualidad\/1511268924_198713.html\">Paco Fuentes<\/a> &#8211; El Pa\u00eds -, <a href=\"https:\/\/twitter.com\/pizarrofotos?lang=es\">Antonio Pizarro <\/a>&#8211; Diario de Sevilla -, <a href=\"https:\/\/www.flickr.com\/photos\/ralcains\/albums\/72157662988729918\">Roberto Alca\u00edn<\/a><\/p>\n<p>Cr\u00edticas:<\/p>\n<p><a href=\"http:\/\/www.diariodesevilla.es\/ocio\/Elogio-ingenuidad_0_1194780555.html?ent=dds&amp;red=tw\">Elogio de la ingenuidad<\/a>. Andr\u00e9s Moreno Meng\u00edbar. Diario de Sevilla<\/p>\n<p><a href=\"http:\/\/elcorreoweb.es\/cultura\/la-hija-de-todos-los-regimientos-EI3578732\">La hija de todos los regimientos<\/a>. Ismael G. Cabral. El Correo de Andaluc\u00eda<\/p>\n<p><a href=\"http:\/\/sevilla.abc.es\/cultura\/sevi-fille-regiment-hija-para-adoptarla-201711281140_noticia.html\">Una hija para adoptarla<\/a>. Carlos Tar\u00edn. ABC<\/p>\n<\/div>\n","protected":false},"excerpt":{"rendered":"<p>Un verdadero placer, ser parte de este montaje. Adem\u00e1s de otra gran expresi\u00f3n del esplendor \u201cbelcantista\u201d de la opera italiana, \u201cLa fille du r\u00e9giment\u201d es tambi\u00e9n una divertida comedia con&#8230;<\/p>\n","protected":false},"author":3,"featured_media":3224,"comment_status":"open","ping_status":"open","sticky":false,"template":"","format":"standard","meta":[],"categories":[7],"tags":[],"translation":{"provider":"WPGlobus","version":"2.10.10","language":"en","enabled_languages":["es","en","fr"],"languages":{"es":{"title":true,"content":true,"excerpt":false},"en":{"title":false,"content":false,"excerpt":false},"fr":{"title":false,"content":false,"excerpt":false}}},"yoast_head":"<!-- This site is optimized with the Yoast SEO plugin v20.5 - https:\/\/yoast.com\/wordpress\/plugins\/seo\/ -->\n<title>La fille du r\u00e9giment de Gaetano Donizetti<\/title>\n<meta name=\"robots\" content=\"index, follow, max-snippet:-1, max-image-preview:large, max-video-preview:-1\" \/>\n<link rel=\"canonical\" href=\"https:\/\/fran-caballero.com\/en\/la-fille-du-regiment\/\" \/>\n<meta property=\"og:locale\" content=\"en_US\" \/>\n<meta property=\"og:type\" content=\"article\" \/>\n<meta property=\"og:title\" content=\"La fille du r\u00e9giment de Gaetano Donizetti\" \/>\n<meta property=\"og:url\" content=\"https:\/\/fran-caballero.com\/en\/la-fille-du-regiment\/\" \/>\n<meta property=\"og:site_name\" content=\"Fran Caballero\" \/>\n<meta property=\"article:published_time\" content=\"2017-12-05T11:57:26+00:00\" \/>\n<meta property=\"article:modified_time\" content=\"2018-06-09T17:40:20+00:00\" \/>\n<meta property=\"og:image\" content=\"https:\/\/fran-caballero.com\/wp-content\/uploads\/2017\/12\/Sin-t\u00edtulo.jpg\" \/>\n\t<meta property=\"og:image:width\" content=\"1023\" \/>\n\t<meta property=\"og:image:height\" content=\"611\" \/>\n\t<meta property=\"og:image:type\" content=\"image\/jpeg\" \/>\n<meta name=\"author\" content=\"franca\" \/>\n<meta name=\"twitter:card\" content=\"summary_large_image\" \/>\n<meta name=\"twitter:creator\" content=\"@francaballer0\" \/>\n<meta name=\"twitter:site\" content=\"@francaballer0\" \/>\n<meta name=\"twitter:label1\" content=\"Written by\" \/>\n\t<meta name=\"twitter:data1\" content=\"franca\" \/>\n\t<meta name=\"twitter:label2\" content=\"Est. reading time\" \/>\n\t<meta name=\"twitter:data2\" content=\"2 minutes\" \/>\n<script type=\"application\/ld+json\" class=\"yoast-schema-graph\">{\"@context\":\"https:\/\/schema.org\",\"@graph\":[{\"@type\":\"Article\",\"@id\":\"https:\/\/fran-caballero.com\/en\/la-fille-du-regiment\/#article\",\"isPartOf\":{\"@id\":\"https:\/\/fran-caballero.com\/en\/la-fille-du-regiment\/\"},\"author\":{\"name\":\"franca\",\"@id\":\"https:\/\/fran-caballero.com\/#\/schema\/person\/505b29550120200cc090033d887594a3\"},\"headline\":\"La Fille du R\u00e9giment\",\"datePublished\":\"2017-12-05T11:57:26+00:00\",\"dateModified\":\"2018-06-09T17:40:20+00:00\",\"mainEntityOfPage\":{\"@id\":\"https:\/\/fran-caballero.com\/en\/la-fille-du-regiment\/\"},\"wordCount\":431,\"commentCount\":0,\"publisher\":{\"@id\":\"https:\/\/fran-caballero.com\/#\/schema\/person\/4da0bfac732857d0f97091683c53c107\"},\"articleSection\":[\"Blog\"],\"inLanguage\":\"en-US\",\"potentialAction\":[{\"@type\":\"CommentAction\",\"name\":\"Comment\",\"target\":[\"https:\/\/fran-caballero.com\/en\/la-fille-du-regiment\/#respond\"]}]},{\"@type\":\"WebPage\",\"@id\":\"https:\/\/fran-caballero.com\/en\/la-fille-du-regiment\/\",\"url\":\"https:\/\/fran-caballero.com\/en\/la-fille-du-regiment\/\",\"name\":\"La fille du r\u00e9giment de Gaetano Donizetti\",\"isPartOf\":{\"@id\":\"https:\/\/fran-caballero.com\/#website\"},\"datePublished\":\"2017-12-05T11:57:26+00:00\",\"dateModified\":\"2018-06-09T17:40:20+00:00\",\"description\":\"LA FILLE DU R\u00c9GIMENT\u00a0de Gaetano Donizetti (1797-1848) 26 y 29 de noviembre, 2 y 5 de diciembre, 2017. 20.30 horas. Teatro de la Maestranza\",\"breadcrumb\":{\"@id\":\"https:\/\/fran-caballero.com\/en\/la-fille-du-regiment\/#breadcrumb\"},\"inLanguage\":\"en-US\",\"potentialAction\":[{\"@type\":\"ReadAction\",\"target\":[\"https:\/\/fran-caballero.com\/en\/la-fille-du-regiment\/\"]}]},{\"@type\":\"BreadcrumbList\",\"@id\":\"https:\/\/fran-caballero.com\/en\/la-fille-du-regiment\/#breadcrumb\",\"itemListElement\":[{\"@type\":\"ListItem\",\"position\":1,\"name\":\"Portada\",\"item\":\"https:\/\/fran-caballero.com\/\"},{\"@type\":\"ListItem\",\"position\":2,\"name\":\"La Fille du R\u00e9giment\"}]},{\"@type\":\"WebSite\",\"@id\":\"https:\/\/fran-caballero.com\/#website\",\"url\":\"https:\/\/fran-caballero.com\/\",\"name\":\"Fran Caballero\",\"description\":\"Actor - Author\",\"publisher\":{\"@id\":\"https:\/\/fran-caballero.com\/#\/schema\/person\/4da0bfac732857d0f97091683c53c107\"},\"potentialAction\":[{\"@type\":\"SearchAction\",\"target\":{\"@type\":\"EntryPoint\",\"urlTemplate\":\"https:\/\/fran-caballero.com\/?s={search_term_string}\"},\"query-input\":\"required name=search_term_string\"}],\"inLanguage\":\"en-US\"},{\"@type\":[\"Person\",\"Organization\"],\"@id\":\"https:\/\/fran-caballero.com\/#\/schema\/person\/4da0bfac732857d0f97091683c53c107\",\"name\":\"Fran Caballero\",\"image\":{\"@type\":\"ImageObject\",\"inLanguage\":\"en-US\",\"@id\":\"https:\/\/fran-caballero.com\/#\/schema\/person\/image\/\",\"url\":\"https:\/\/fran-caballero.com\/wp-content\/uploads\/2016\/11\/copy-logofran.jpg\",\"contentUrl\":\"https:\/\/fran-caballero.com\/wp-content\/uploads\/2016\/11\/copy-logofran.jpg\",\"width\":150,\"height\":57,\"caption\":\"Fran Caballero\"},\"logo\":{\"@id\":\"https:\/\/fran-caballero.com\/#\/schema\/person\/image\/\"}},{\"@type\":\"Person\",\"@id\":\"https:\/\/fran-caballero.com\/#\/schema\/person\/505b29550120200cc090033d887594a3\",\"name\":\"franca\",\"image\":{\"@type\":\"ImageObject\",\"inLanguage\":\"en-US\",\"@id\":\"https:\/\/fran-caballero.com\/#\/schema\/person\/image\/\",\"url\":\"https:\/\/secure.gravatar.com\/avatar\/0ceb1c044b557ee7735b14a4e69decbf?s=96&d=mm&r=g\",\"contentUrl\":\"https:\/\/secure.gravatar.com\/avatar\/0ceb1c044b557ee7735b14a4e69decbf?s=96&d=mm&r=g\",\"caption\":\"franca\"}}]}<\/script>\n<!-- \/ Yoast SEO plugin. -->","yoast_head_json":{"title":"La fille du r\u00e9giment de Gaetano Donizetti","robots":{"index":"index","follow":"follow","max-snippet":"max-snippet:-1","max-image-preview":"max-image-preview:large","max-video-preview":"max-video-preview:-1"},"canonical":"https:\/\/fran-caballero.com\/en\/la-fille-du-regiment\/","og_locale":"en_US","og_type":"article","og_title":"La fille du r\u00e9giment de Gaetano Donizetti","og_url":"https:\/\/fran-caballero.com\/en\/la-fille-du-regiment\/","og_site_name":"Fran Caballero","article_published_time":"2017-12-05T11:57:26+00:00","article_modified_time":"2018-06-09T17:40:20+00:00","og_image":[{"width":1023,"height":611,"url":"https:\/\/fran-caballero.com\/wp-content\/uploads\/2017\/12\/Sin-t\u00edtulo.jpg","type":"image\/jpeg"}],"author":"franca","twitter_card":"summary_large_image","twitter_creator":"@francaballer0","twitter_site":"@francaballer0","twitter_misc":{"Written by":"franca","Est. reading time":"2 minutes"},"schema":{"@context":"https:\/\/schema.org","@graph":[{"@type":"Article","@id":"https:\/\/fran-caballero.com\/en\/la-fille-du-regiment\/#article","isPartOf":{"@id":"https:\/\/fran-caballero.com\/en\/la-fille-du-regiment\/"},"author":{"name":"franca","@id":"https:\/\/fran-caballero.com\/#\/schema\/person\/505b29550120200cc090033d887594a3"},"headline":"La Fille du R\u00e9giment","datePublished":"2017-12-05T11:57:26+00:00","dateModified":"2018-06-09T17:40:20+00:00","mainEntityOfPage":{"@id":"https:\/\/fran-caballero.com\/en\/la-fille-du-regiment\/"},"wordCount":431,"commentCount":0,"publisher":{"@id":"https:\/\/fran-caballero.com\/#\/schema\/person\/4da0bfac732857d0f97091683c53c107"},"articleSection":["Blog"],"inLanguage":"en-US","potentialAction":[{"@type":"CommentAction","name":"Comment","target":["https:\/\/fran-caballero.com\/en\/la-fille-du-regiment\/#respond"]}]},{"@type":"WebPage","@id":"https:\/\/fran-caballero.com\/en\/la-fille-du-regiment\/","url":"https:\/\/fran-caballero.com\/en\/la-fille-du-regiment\/","name":"La fille du r\u00e9giment de Gaetano Donizetti","isPartOf":{"@id":"https:\/\/fran-caballero.com\/#website"},"datePublished":"2017-12-05T11:57:26+00:00","dateModified":"2018-06-09T17:40:20+00:00","description":"LA FILLE DU R\u00c9GIMENT\u00a0de Gaetano Donizetti (1797-1848) 26 y 29 de noviembre, 2 y 5 de diciembre, 2017. 20.30 horas. Teatro de la Maestranza","breadcrumb":{"@id":"https:\/\/fran-caballero.com\/en\/la-fille-du-regiment\/#breadcrumb"},"inLanguage":"en-US","potentialAction":[{"@type":"ReadAction","target":["https:\/\/fran-caballero.com\/en\/la-fille-du-regiment\/"]}]},{"@type":"BreadcrumbList","@id":"https:\/\/fran-caballero.com\/en\/la-fille-du-regiment\/#breadcrumb","itemListElement":[{"@type":"ListItem","position":1,"name":"Portada","item":"https:\/\/fran-caballero.com\/"},{"@type":"ListItem","position":2,"name":"La Fille du R\u00e9giment"}]},{"@type":"WebSite","@id":"https:\/\/fran-caballero.com\/#website","url":"https:\/\/fran-caballero.com\/","name":"Fran Caballero","description":"Actor - Author","publisher":{"@id":"https:\/\/fran-caballero.com\/#\/schema\/person\/4da0bfac732857d0f97091683c53c107"},"potentialAction":[{"@type":"SearchAction","target":{"@type":"EntryPoint","urlTemplate":"https:\/\/fran-caballero.com\/?s={search_term_string}"},"query-input":"required name=search_term_string"}],"inLanguage":"en-US"},{"@type":["Person","Organization"],"@id":"https:\/\/fran-caballero.com\/#\/schema\/person\/4da0bfac732857d0f97091683c53c107","name":"Fran Caballero","image":{"@type":"ImageObject","inLanguage":"en-US","@id":"https:\/\/fran-caballero.com\/#\/schema\/person\/image\/","url":"https:\/\/fran-caballero.com\/wp-content\/uploads\/2016\/11\/copy-logofran.jpg","contentUrl":"https:\/\/fran-caballero.com\/wp-content\/uploads\/2016\/11\/copy-logofran.jpg","width":150,"height":57,"caption":"Fran Caballero"},"logo":{"@id":"https:\/\/fran-caballero.com\/#\/schema\/person\/image\/"}},{"@type":"Person","@id":"https:\/\/fran-caballero.com\/#\/schema\/person\/505b29550120200cc090033d887594a3","name":"franca","image":{"@type":"ImageObject","inLanguage":"en-US","@id":"https:\/\/fran-caballero.com\/#\/schema\/person\/image\/","url":"https:\/\/secure.gravatar.com\/avatar\/0ceb1c044b557ee7735b14a4e69decbf?s=96&d=mm&r=g","contentUrl":"https:\/\/secure.gravatar.com\/avatar\/0ceb1c044b557ee7735b14a4e69decbf?s=96&d=mm&r=g","caption":"franca"}}]}},"_links":{"self":[{"href":"https:\/\/fran-caballero.com\/en\/wp-json\/wp\/v2\/posts\/3223"}],"collection":[{"href":"https:\/\/fran-caballero.com\/en\/wp-json\/wp\/v2\/posts"}],"about":[{"href":"https:\/\/fran-caballero.com\/en\/wp-json\/wp\/v2\/types\/post"}],"author":[{"embeddable":true,"href":"https:\/\/fran-caballero.com\/en\/wp-json\/wp\/v2\/users\/3"}],"replies":[{"embeddable":true,"href":"https:\/\/fran-caballero.com\/en\/wp-json\/wp\/v2\/comments?post=3223"}],"version-history":[{"count":6,"href":"https:\/\/fran-caballero.com\/en\/wp-json\/wp\/v2\/posts\/3223\/revisions"}],"predecessor-version":[{"id":3419,"href":"https:\/\/fran-caballero.com\/en\/wp-json\/wp\/v2\/posts\/3223\/revisions\/3419"}],"wp:featuredmedia":[{"embeddable":true,"href":"https:\/\/fran-caballero.com\/en\/wp-json\/wp\/v2\/media\/3224"}],"wp:attachment":[{"href":"https:\/\/fran-caballero.com\/en\/wp-json\/wp\/v2\/media?parent=3223"}],"wp:term":[{"taxonomy":"category","embeddable":true,"href":"https:\/\/fran-caballero.com\/en\/wp-json\/wp\/v2\/categories?post=3223"},{"taxonomy":"post_tag","embeddable":true,"href":"https:\/\/fran-caballero.com\/en\/wp-json\/wp\/v2\/tags?post=3223"}],"curies":[{"name":"wp","href":"https:\/\/api.w.org\/{rel}","templated":true}]}}